{"id":201548,"date":"2014-12-24T00:02:14","date_gmt":"2014-12-24T06:02:14","guid":{"rendered":"http:\/\/www.diarioimagen.net\/?p=201548"},"modified":"2014-12-26T03:04:34","modified_gmt":"2014-12-26T09:04:34","slug":"blindar-efecto-cucaracha","status":"publish","type":"post","link":"https:\/\/www.diarioimagen.net\/?p=201548","title":{"rendered":"Blindar, \u201cefecto cucaracha\u201d"},"content":{"rendered":"<h2>Picota<\/h2>\n<h5>Jorge Vel\u00e1zquez<\/h5>\n<p>&nbsp;<\/p>\n<p><strong>FEDERACI\u00d3N, ESTADOS<\/strong> y municipios deber\u00e1n prender las alarmas ante la posibilidad de que las acciones desplegadas por el gobierno federal en contra de los grupos criminales en Michoac\u00e1n, Guerrero y Tamaulipas, el \u201cefecto cucaracha\u201d, prenda y empieza a invadir a otras entidades.<\/p>\n<p>Seg\u00fan el presidente de la Comisi\u00f3n de Justicia del Senado de la Rep\u00fablica, el hidalguense Omar Fayad, ante esta situaci\u00f3n el Congreso no debe perder tiempo y aprobar cuanto antes \u00a0el dec\u00e1logo del presidente Enrique Pe\u00f1a Nieto para restablecer el orden y la seguridad en el pa\u00eds, ya que son propuestas de gran intenci\u00f3n que por medio de las competencias legislativa pretenden establecer ordenamientos legales propios para que la sociedad mexicana, en todo territorio nacional, viva en paz y tranquilidad.<\/p>\n<p>El senador vuelve a poner el dedo en la llaga cuando advierte de la fragilidad con la que los grupos criminales pueden hacer presa de presidentes municipales voraces de f\u00e1cil enriquecimiento como pasa con la mayor\u00eda de los ediles en el pa\u00eds. Basta con asomarse ya no s\u00f3lo en Guerrero, sino en Veracruz, Oaxaca, San Lu\u00eds Potos\u00ed y as\u00ed hasta el infinito territorial, donde los presidentes municipales no aguantar\u00edan la m\u00ednima auditor\u00eda. El dinero mal habido y que debi\u00f3 aplicarse en obras sociales, se los llevaron para sus lujosos autos y mansiones y sus viajes de placer y gastar a m\u00e1s no poder.<\/p>\n<p>Por ello, Omar Fayad advirti\u00f3 que en tanto no se fortalezca a los ayuntamientos con pol\u00edticas p\u00fablicas apropiadas a cada regi\u00f3n e instrumentos legales que les ayuden a ejercer su funci\u00f3n de forma transparente y \u00f3ptima para la poblaci\u00f3n, la ciudadan\u00eda estar\u00e1 en la indefensi\u00f3n ante el crimen organizado.<\/p>\n<p><strong>NO QUEREMOS ENTENDER<\/strong>, pero poco a poco nos vamos quedando sin bosques. Hasta el momento, seg\u00fan la presidenta de la Comisi\u00f3n de Medio Ambiente y Recursos Naturales Lourdes Adriana L\u00f3pez Moreno (PVEM), la tala ilegal deforesta alrededor de 700 mil hect\u00e1reas al a\u00f1o de bosques y selvas. De acuerdo a la diputada esta pr\u00e1ctica il\u00edcita no s\u00f3lo fomenta el comercio informal y la competencia desleal, sino afecta adem\u00e1s las condiciones del suelo y al medio ambiente, ya que miles de especies end\u00e9micas pierden su h\u00e1bitat. Ya estar\u00e1 la legisladora L\u00f3pez Moreno hablando del endurecimiento de las leyes y de los cambios a diestra y siniestra de los c\u00f3digos; sin embargo, la triste realidad es que nadie detiene a esos grupos de criminales de \u00e1rboles y ni siquiera las medidas adoptadas por el secretario de Medio Ambiente, Juan Jos\u00e9 Guerra Abud a pesar de que las zonas de derribo de arbolado, los centros de almacenamiento y de transformaci\u00f3n de la madera, est\u00e1n ubicados.<\/p>\n<p><strong>GAN\u00d3 QUINTANA ROO<\/strong> y gan\u00f3 el pa\u00eds con el cambio de horario en la joven entidad. Seg\u00fan la secretaria de la Comisi\u00f3n de Turismo, Gabriela Medrano Galindo, esta medida generar\u00e1 ahorro de energ\u00eda de 21 mil 285 a 23 mil 454 megavatios por hora y junto a ello, reducir los tiempos de conexi\u00f3n aeroportuaria, ya que se homologar\u00e1n los horarios de Quintana Roo con los de ocho aeropuertos de Canad\u00e1 y 22 de Estados Unidos, y con ciudades del Caribe, como La Habana o las Bahamas, medida que favorecer\u00e1 el arribo de visitantes con alto poder adquisitivo. La legisladora destac\u00f3 que esta medida fue una demanda de los quintanarroenses por largo tiempo y reiter\u00f3 que la incorporaci\u00f3n de este nuevo huso horario que se adapta a las necesidades espec\u00edficas del estado es sumamente positiva\u2026 <strong>MUY DIF\u00cdCIL<\/strong>, pero ojal\u00e1 el significado del nacimiento de Jes\u00fas de Nazaret y su muerte para llenar las cabezas huecas de la humanidad, sirva para que en estos momentos haya dicha, serenidad, paciencia y algo para comer en favor de todos, pero especialmente de aquellos que menos tienen. \u00a1FELICIDADES!<\/p>\n<p><a href=\"mailto:jvelazquez_1999@yahoo.com\" target=\"_blank\"><em>jvelazquez_1999@yahoo.com<\/em><\/a><\/p>\n","protected":false},"excerpt":{"rendered":"<p><span style=\"color: #005497;\"><strong>Jorge Vel\u00e1zquez<\/strong><\/span><\/p>\n","protected":false},"author":3,"featured_media":0,"comment_status":"open","ping_status":"open","sticky":false,"template":"","format":"standard","meta":{"_monsterinsights_skip_tracking":false,"_monsterinsights_sitenote_active":false,"_monsterinsights_sitenote_note":"","_monsterinsights_sitenote_category":0,"footnotes":""},"categories":[16140],"tags":[43707,43674,22952],"class_list":["post-201548","post","type-post","status-publish","format-standard","hentry","category-jorge-velazquez","tag-jorge-velazquez","tag-opinion","tag-picota"],"_links":{"self":[{"href":"https:\/\/www.diarioimagen.net\/index.php?rest_route=\/wp\/v2\/posts\/201548","targetHints":{"allow":["GET"]}}],"collection":[{"href":"https:\/\/www.diarioimagen.net\/index.php?rest_route=\/wp\/v2\/posts"}],"about":[{"href":"https:\/\/www.diarioimagen.net\/index.php?rest_route=\/wp\/v2\/types\/post"}],"author":[{"embeddable":true,"href":"https:\/\/www.diarioimagen.net\/index.php?rest_route=\/wp\/v2\/users\/3"}],"replies":[{"embeddable":true,"href":"https:\/\/www.diarioimagen.net\/index.php?rest_route=%2Fwp%2Fv2%2Fcomments&post=201548"}],"version-history":[{"count":0,"href":"https:\/\/www.diarioimagen.net\/index.php?rest_route=\/wp\/v2\/posts\/201548\/revisions"}],"wp:attachment":[{"href":"https:\/\/www.diarioimagen.net\/index.php?rest_route=%2Fwp%2Fv2%2Fmedia&parent=201548"}],"wp:term":[{"taxonomy":"category","embeddable":true,"href":"https:\/\/www.diarioimagen.net\/index.php?rest_route=%2Fwp%2Fv2%2Fcategories&post=201548"},{"taxonomy":"post_tag","embeddable":true,"href":"https:\/\/www.diarioimagen.net\/index.php?rest_route=%2Fwp%2Fv2%2Ftags&post=201548"}],"curies":[{"name":"wp","href":"https:\/\/api.w.org\/{rel}","templated":true}]}}