{"id":202021,"date":"2015-01-05T12:23:56","date_gmt":"2015-01-05T18:23:56","guid":{"rendered":"http:\/\/www.diarioimagen.net\/?p=202021"},"modified":"2015-01-07T06:10:37","modified_gmt":"2015-01-07T12:10:37","slug":"trasladan-a-penal-federal-a-esposa-de-jose-luis-abarca","status":"publish","type":"post","link":"https:\/\/www.diarioimagen.net\/?p=202021","title":{"rendered":"Trasladan a penal federal a esposa de Jos\u00e9 Luis Abarca"},"content":{"rendered":"<div id=\"attachment_202022\" style=\"width: 250px\" class=\"wp-caption alignleft\"><img loading=\"lazy\" decoding=\"async\" aria-describedby=\"caption-attachment-202022\" class=\"size-medium wp-image-202022\" src=\"http:\/\/www.diarioimagen.net\/wp-content\/uploads\/2015\/01\/ABRCA-PORTAL-240x135.jpg\" alt=\"La ex presidenta del DIF en Iguala, Guerrero, fue detenida el 4 de noviembre en una casa de Iztapalapa, en la Ciudad de M\u00e9xico, donde se manten\u00eda oculta junto con Abarca Vel\u00e1zquez despu\u00e9s de la desaparici\u00f3n de los normalistas.\" width=\"240\" height=\"135\" srcset=\"https:\/\/www.diarioimagen.net\/wp-content\/uploads\/2015\/01\/ABRCA-PORTAL-240x135.jpg 240w, https:\/\/www.diarioimagen.net\/wp-content\/uploads\/2015\/01\/ABRCA-PORTAL-420x236.jpg 420w, https:\/\/www.diarioimagen.net\/wp-content\/uploads\/2015\/01\/ABRCA-PORTAL.jpg 480w, https:\/\/www.diarioimagen.net\/wp-content\/uploads\/2015\/01\/ABRCA-PORTAL-235x132.jpg 235w, https:\/\/www.diarioimagen.net\/wp-content\/uploads\/2015\/01\/ABRCA-PORTAL-202x114.jpg 202w, https:\/\/www.diarioimagen.net\/wp-content\/uploads\/2015\/01\/ABRCA-PORTAL-350x196.jpg 350w, https:\/\/www.diarioimagen.net\/wp-content\/uploads\/2015\/01\/ABRCA-PORTAL-220x123.jpg 220w, https:\/\/www.diarioimagen.net\/wp-content\/uploads\/2015\/01\/ABRCA-PORTAL-237x132.jpg 237w\" sizes=\"auto, (max-width: 240px) 100vw, 240px\" \/><p id=\"caption-attachment-202022\" class=\"wp-caption-text\">La ex presidenta del DIF en Iguala, Guerrero, fue detenida el 4 de noviembre en una casa de Iztapalapa, en la Ciudad de M\u00e9xico, donde se manten\u00eda oculta junto con Abarca Vel\u00e1zquez despu\u00e9s de la desaparici\u00f3n de los normalistas.<\/p><\/div>\n<p>La Procuradur\u00eda General de la Rep\u00fablica (PGR) consign\u00f3 ayer en un penal federal a Mar\u00eda de los \u00c1ngeles Pineda Villa, tras cumplimentarle una orden de aprehensi\u00f3n por sus presuntos v\u00ednculos con el narcotr\u00e1fico.<\/p>\n<p>La esposa del ex alcalde de Iguala, Jos\u00e9 Luis Abarca, abandon\u00f3 las instalaciones del Centro Nacional de Arraigo de la PGR en el Distrito Federal y fue trasladada al penal federal \u00abEl Rinc\u00f3n\u00bb en Tepic, Nayarit, informaron fuentes del gobierno federal<\/p>\n<p>Ella fue arraigada por la PGR durante 40 d\u00edas y, al cumplirse el t\u00e9rmino, las autoridades ampliaron 20 d\u00edas el plazo, el cual se venci\u00f3 el pasado domingo.<\/p>\n<p>El ex presidente municipal de Iguala, por su parte, est\u00e1 recluido en el penal del Altiplano, ubicado en Almoloya de Ju\u00e1rez, Estado de M\u00e9xico, acusado de homicidio, secuestro y delincuencia organizada.<\/p>\n","protected":false},"excerpt":{"rendered":"<p>La Procuradur\u00eda General de la Rep\u00fablica (PGR) consign\u00f3 ayer en un penal federal a Mar\u00eda de los \u00c1ngeles Pineda Villa, tras cumplimentarle una orden de aprehensi\u00f3n por sus presuntos v\u00ednculos con el narcotr\u00e1fico.<\/p>\n","protected":false},"author":5,"featured_media":202022,"comment_status":"open","ping_status":"open","sticky":false,"template":"","format":"standard","meta":{"_monsterinsights_skip_tracking":false,"_monsterinsights_sitenote_active":false,"_monsterinsights_sitenote_note":"","_monsterinsights_sitenote_category":0,"footnotes":""},"categories":[7],"tags":[36260],"class_list":["post-202021","post","type-post","status-publish","format-standard","has-post-thumbnail","hentry","category-seguridad","tag-maria-de-los-angeles-pineda-villa"],"_links":{"self":[{"href":"https:\/\/www.diarioimagen.net\/index.php?rest_route=\/wp\/v2\/posts\/202021","targetHints":{"allow":["GET"]}}],"collection":[{"href":"https:\/\/www.diarioimagen.net\/index.php?rest_route=\/wp\/v2\/posts"}],"about":[{"href":"https:\/\/www.diarioimagen.net\/index.php?rest_route=\/wp\/v2\/types\/post"}],"author":[{"embeddable":true,"href":"https:\/\/www.diarioimagen.net\/index.php?rest_route=\/wp\/v2\/users\/5"}],"replies":[{"embeddable":true,"href":"https:\/\/www.diarioimagen.net\/index.php?rest_route=%2Fwp%2Fv2%2Fcomments&post=202021"}],"version-history":[{"count":0,"href":"https:\/\/www.diarioimagen.net\/index.php?rest_route=\/wp\/v2\/posts\/202021\/revisions"}],"wp:featuredmedia":[{"embeddable":true,"href":"https:\/\/www.diarioimagen.net\/index.php?rest_route=\/wp\/v2\/media\/202022"}],"wp:attachment":[{"href":"https:\/\/www.diarioimagen.net\/index.php?rest_route=%2Fwp%2Fv2%2Fmedia&parent=202021"}],"wp:term":[{"taxonomy":"category","embeddable":true,"href":"https:\/\/www.diarioimagen.net\/index.php?rest_route=%2Fwp%2Fv2%2Fcategories&post=202021"},{"taxonomy":"post_tag","embeddable":true,"href":"https:\/\/www.diarioimagen.net\/index.php?rest_route=%2Fwp%2Fv2%2Ftags&post=202021"}],"curies":[{"name":"wp","href":"https:\/\/api.w.org\/{rel}","templated":true}]}}