{"id":202118,"date":"2015-01-06T00:09:21","date_gmt":"2015-01-06T06:09:21","guid":{"rendered":"http:\/\/www.diarioimagen.net\/?p=202118"},"modified":"2015-01-06T04:02:05","modified_gmt":"2015-01-06T10:02:05","slug":"el-aicm-registro-811-mil-viajeros-durante-vacaciones","status":"publish","type":"post","link":"https:\/\/www.diarioimagen.net\/?p=202118","title":{"rendered":"El AICM registr\u00f3 811 mil viajeros durante vacaciones"},"content":{"rendered":"<ul>\n<li><strong><em>Cifras preliminares<\/em><\/strong><\/li>\n<\/ul>\n<div id=\"attachment_202192\" style=\"width: 250px\" class=\"wp-caption alignleft\"><a href=\"http:\/\/www.diarioimagen.net\/?attachment_id=202192\" rel=\"attachment wp-att-202192\"><img loading=\"lazy\" decoding=\"async\" aria-describedby=\"caption-attachment-202192\" class=\"size-medium wp-image-202192\" src=\"http:\/\/www.diarioimagen.net\/wp-content\/uploads\/2015\/01\/aeropuerto-2521-240x169.jpg\" alt=\"Tan s\u00f3lo en las llegadas de vuelos nacionales en el Aeropuerto Internacional de la Ciudad de M\u00e9xico se registraron 507 mil 14 pasajeros.\" width=\"240\" height=\"169\" srcset=\"https:\/\/www.diarioimagen.net\/wp-content\/uploads\/2015\/01\/aeropuerto-2521-240x169.jpg 240w, https:\/\/www.diarioimagen.net\/wp-content\/uploads\/2015\/01\/aeropuerto-2521-420x295.jpg 420w, https:\/\/www.diarioimagen.net\/wp-content\/uploads\/2015\/01\/aeropuerto-2521.jpg 700w\" sizes=\"auto, (max-width: 240px) 100vw, 240px\" \/><\/a><p id=\"caption-attachment-202192\" class=\"wp-caption-text\">Tan s\u00f3lo en las llegadas de vuelos nacionales en el Aeropuerto Internacional de la Ciudad de M\u00e9xico se registraron 507 mil 14 pasajeros.<\/p><\/div>\n<p>Del 19 de diciembre al 3 de enero de este a\u00f1o, alrededor de 811 mil 087 personas nacionales y extranjeras arribaron al Aeropuerto Internacional de la Ciudad de M\u00e9xico (AICM), de acuerdo con cifras preliminares de la terminal a\u00e9rea.<\/p>\n<p>Durante esos d\u00edas que forman parte del periodo vacacional diciembre 2014-enero 2015, 841 mil 226 personas dejaron el Distrito Federal para viajar a otros estados del pa\u00eds o al extranjero.<\/p>\n<p>Autoridades del Aeropuerto Internacional Benito Ju\u00e1rez destacaron que tan solo en las llegadas de vuelos nacionales se registraron 507 mil 014 pasajeros, en tanto que las que salieron con destino a otras entidades de la Rep\u00fablica Mexicana fueron 536 mil 640.<\/p>\n<p>En el caso del arribo de viajeros desde otros pa\u00edses, la cifra asciende a 304 mil 073, mientras que la salida durante esos 16 d\u00edas fue de 304 mil 586 personas.<\/p>\n<p>As\u00ed, el total pasajeros que utiliz\u00f3 el aeropuerto capitalino sum\u00f3 un mill\u00f3n 652 mil 313 en ese lapso.<\/p>\n<p>Sin embargo, las cifras preliminares indican que del 1 al 31 de diciembre, el n\u00famero total de usuarios fue de tres millones 170 mil 215, de las cuales 2 millones 087 mil 848 fueron en operaciones nacionales y un mill\u00f3n 082 mil 367 en extranjeras.<\/p>\n<p>Lo anterior representar\u00eda un crecimiento de alrededor de 10.9 por ciento respecto al mismo periodo de 2013 de usuarios en vuelos nacionales, en tanto que los internacionales lo har\u00edan por 1.5 por ciento, para un total de un aumento general de 7.5 por ciento.<\/p>\n","protected":false},"excerpt":{"rendered":"<p>Del 19 de diciembre al 3 de enero de este a\u00f1o, alrededor de 811 mil 087 personas nacionales y extranjeras arribaron al Aeropuerto Internacional de la Ciudad de M\u00e9xico (AICM), de acuerdo con cifras preliminares de la terminal a\u00e9rea.<\/p>\n","protected":false},"author":3,"featured_media":202192,"comment_status":"open","ping_status":"open","sticky":false,"template":"","format":"standard","meta":{"_monsterinsights_skip_tracking":false,"_monsterinsights_sitenote_active":false,"_monsterinsights_sitenote_note":"","_monsterinsights_sitenote_category":0,"footnotes":""},"categories":[6],"tags":[5736,204,4566],"class_list":["post-202118","post","type-post","status-publish","format-standard","has-post-thumbnail","hentry","category-cd-de-mexico","tag-aeropuerto-internacional-de-la-ciudad-de-mexico","tag-ciudad-de-mexico","tag-vaciones"],"_links":{"self":[{"href":"https:\/\/www.diarioimagen.net\/index.php?rest_route=\/wp\/v2\/posts\/202118","targetHints":{"allow":["GET"]}}],"collection":[{"href":"https:\/\/www.diarioimagen.net\/index.php?rest_route=\/wp\/v2\/posts"}],"about":[{"href":"https:\/\/www.diarioimagen.net\/index.php?rest_route=\/wp\/v2\/types\/post"}],"author":[{"embeddable":true,"href":"https:\/\/www.diarioimagen.net\/index.php?rest_route=\/wp\/v2\/users\/3"}],"replies":[{"embeddable":true,"href":"https:\/\/www.diarioimagen.net\/index.php?rest_route=%2Fwp%2Fv2%2Fcomments&post=202118"}],"version-history":[{"count":0,"href":"https:\/\/www.diarioimagen.net\/index.php?rest_route=\/wp\/v2\/posts\/202118\/revisions"}],"wp:featuredmedia":[{"embeddable":true,"href":"https:\/\/www.diarioimagen.net\/index.php?rest_route=\/wp\/v2\/media\/202192"}],"wp:attachment":[{"href":"https:\/\/www.diarioimagen.net\/index.php?rest_route=%2Fwp%2Fv2%2Fmedia&parent=202118"}],"wp:term":[{"taxonomy":"category","embeddable":true,"href":"https:\/\/www.diarioimagen.net\/index.php?rest_route=%2Fwp%2Fv2%2Fcategories&post=202118"},{"taxonomy":"post_tag","embeddable":true,"href":"https:\/\/www.diarioimagen.net\/index.php?rest_route=%2Fwp%2Fv2%2Ftags&post=202118"}],"curies":[{"name":"wp","href":"https:\/\/api.w.org\/{rel}","templated":true}]}}