{"id":202225,"date":"2015-01-07T00:01:25","date_gmt":"2015-01-07T06:01:25","guid":{"rendered":"http:\/\/www.diarioimagen.net\/?p=202225"},"modified":"2015-01-08T05:43:37","modified_gmt":"2015-01-08T11:43:37","slug":"llega-bolllywood-week-a-cancun","status":"publish","type":"post","link":"https:\/\/www.diarioimagen.net\/?p=202225","title":{"rendered":"Llega Bollywood Week a Canc\u00fan"},"content":{"rendered":"<ul>\n<li><strong><em>El evento se realizar\u00e1 del 6 al 13 de junio con el fin de atraer viajeros indios de alto poder adquisitivo y que sean residentes, sobre todo, de Estados Unidos y Canad\u00e1<\/em><\/strong><\/li>\n<\/ul>\n<div id=\"attachment_202229\" style=\"width: 250px\" class=\"wp-caption alignleft\"><img loading=\"lazy\" decoding=\"async\" aria-describedby=\"caption-attachment-202229\" class=\"size-medium wp-image-202229\" src=\"http:\/\/www.diarioimagen.net\/wp-content\/uploads\/2015\/01\/bollywood-PORTAL-240x135.jpg\" alt=\"La actriz Esha Deol embelleci\u00f3 la conferencia de prensa donde se dio a conocer la Bollywood Week Canc\u00fan.\" width=\"240\" height=\"135\" srcset=\"https:\/\/www.diarioimagen.net\/wp-content\/uploads\/2015\/01\/bollywood-PORTAL-240x135.jpg 240w, https:\/\/www.diarioimagen.net\/wp-content\/uploads\/2015\/01\/bollywood-PORTAL-420x236.jpg 420w, https:\/\/www.diarioimagen.net\/wp-content\/uploads\/2015\/01\/bollywood-PORTAL.jpg 480w, https:\/\/www.diarioimagen.net\/wp-content\/uploads\/2015\/01\/bollywood-PORTAL-235x132.jpg 235w, https:\/\/www.diarioimagen.net\/wp-content\/uploads\/2015\/01\/bollywood-PORTAL-202x114.jpg 202w, https:\/\/www.diarioimagen.net\/wp-content\/uploads\/2015\/01\/bollywood-PORTAL-350x196.jpg 350w, https:\/\/www.diarioimagen.net\/wp-content\/uploads\/2015\/01\/bollywood-PORTAL-220x123.jpg 220w, https:\/\/www.diarioimagen.net\/wp-content\/uploads\/2015\/01\/bollywood-PORTAL-237x132.jpg 237w\" sizes=\"auto, (max-width: 240px) 100vw, 240px\" \/><p id=\"caption-attachment-202229\" class=\"wp-caption-text\">La actriz Esha Deol embelleci\u00f3 la conferencia de prensa donde se dio a conocer la Bollywood Week Canc\u00fan.<\/p><\/div>\n<p>Con el objetivo de atraer casas productoras indias que realicen filmaciones en el Caribe mexicano, se realizar\u00e1 en junio de este a\u00f1o la Bollywood Week Canc\u00fan, toda una semana con actividades referentes a la meca del cine de la India, buscando de manera paralela atraer viajeros indios de alto poder adquisitivo y que sean residentes, sobre todo, de Estados Unidos y Canad\u00e1.<\/p>\n<p>Bharat Goradia, consultor de celebridades indias, asegur\u00f3 que el evento servir\u00e1 para difundir los atractivos naturales, instalaciones y facilidades que puede brindar Canc\u00fan a la gran industria del cine asi\u00e1tico, pues se trata de una actividad que genera millones de d\u00f3lares al a\u00f1o, aunque no se trata de las grandes producciones hollywoodenses, pues el costo promedio de una pel\u00edcula india es de 3 millones de d\u00f3lares; en el llamado Bollywood se filman una gran cantidad de cintas. Adem\u00e1s, asegur\u00f3 que resultan altamente atractivas para el mercado indio locaciones con bellezas tan ex\u00f3ticas como el azul turquesa del Caribe.<\/p>\n<p>\u201cEl desarrollo de la semana de Bollywood Week en Canc\u00fan se realizar\u00e1 con la asistencia de actrices destacadas como Aisha, y otras m\u00e1s que vendr\u00edan, precisamente a fomentar y motivar en el ciudadano hind\u00fa la presencia en Canc\u00fan, tomar atenci\u00f3n de que artistas de este nivel nos acompa\u00f1an y es una verdadera distinci\u00f3n\u201d, afirm\u00f3 Juan Alberto Bermejo Varela.<\/p>\n<p>Las celebridades Esha Deol, actriz, y Bharat Takhtani, empresario de la industria de diamantes, as\u00ed como la presentadora de televisi\u00f3n Deepa Bakshi, estuvieron durante la rueda de prensa donde se dio a conocer el Bollywood Canc\u00fan.<\/p>\n<p>Del 6 al 13 de junio en el Hotel Moon Palace, celebridades del S\u00e9ptimo Arte de Mumbai convivir\u00e1n con sus seguidores, mediante conferencias, proyecciones de pel\u00edculas, sesiones fotogr\u00e1ficas, entre otras actividades.<\/p>\n","protected":false},"excerpt":{"rendered":"<p>Con el objetivo de atraer casas productoras indias que realicen filmaciones en el Caribe mexicano, se realizar\u00e1 en junio de este a\u00f1o la Bollywood Week Canc\u00fan, toda una semana con actividades referentes a la meca del cine de la India, buscando de manera paralela atraer viajeros indios de alto poder adquisitivo y que sean residentes, sobre todo, de Estados Unidos y Canad\u00e1.<\/p>\n","protected":false},"author":5,"featured_media":202229,"comment_status":"open","ping_status":"open","sticky":false,"template":"","format":"standard","meta":{"_monsterinsights_skip_tracking":false,"_monsterinsights_sitenote_active":false,"_monsterinsights_sitenote_note":"","_monsterinsights_sitenote_category":0,"footnotes":""},"categories":[17,12],"tags":[],"class_list":["post-202225","post","type-post","status-publish","format-standard","has-post-thumbnail","hentry","category-especiales","category-espectaculos"],"_links":{"self":[{"href":"https:\/\/www.diarioimagen.net\/index.php?rest_route=\/wp\/v2\/posts\/202225","targetHints":{"allow":["GET"]}}],"collection":[{"href":"https:\/\/www.diarioimagen.net\/index.php?rest_route=\/wp\/v2\/posts"}],"about":[{"href":"https:\/\/www.diarioimagen.net\/index.php?rest_route=\/wp\/v2\/types\/post"}],"author":[{"embeddable":true,"href":"https:\/\/www.diarioimagen.net\/index.php?rest_route=\/wp\/v2\/users\/5"}],"replies":[{"embeddable":true,"href":"https:\/\/www.diarioimagen.net\/index.php?rest_route=%2Fwp%2Fv2%2Fcomments&post=202225"}],"version-history":[{"count":0,"href":"https:\/\/www.diarioimagen.net\/index.php?rest_route=\/wp\/v2\/posts\/202225\/revisions"}],"wp:featuredmedia":[{"embeddable":true,"href":"https:\/\/www.diarioimagen.net\/index.php?rest_route=\/wp\/v2\/media\/202229"}],"wp:attachment":[{"href":"https:\/\/www.diarioimagen.net\/index.php?rest_route=%2Fwp%2Fv2%2Fmedia&parent=202225"}],"wp:term":[{"taxonomy":"category","embeddable":true,"href":"https:\/\/www.diarioimagen.net\/index.php?rest_route=%2Fwp%2Fv2%2Fcategories&post=202225"},{"taxonomy":"post_tag","embeddable":true,"href":"https:\/\/www.diarioimagen.net\/index.php?rest_route=%2Fwp%2Fv2%2Ftags&post=202225"}],"curies":[{"name":"wp","href":"https:\/\/api.w.org\/{rel}","templated":true}]}}