{"id":202273,"date":"2015-01-07T00:03:17","date_gmt":"2015-01-07T06:03:17","guid":{"rendered":"http:\/\/www.diarioimagen.net\/?p=202273"},"modified":"2015-01-08T05:44:10","modified_gmt":"2015-01-08T11:44:10","slug":"ingresa-nuevo-frente-frio","status":"publish","type":"post","link":"https:\/\/www.diarioimagen.net\/?p=202273","title":{"rendered":"Ingresa nuevo frente fr\u00edo"},"content":{"rendered":"<ul>\n<li><em><b>Prevalecer\u00e1n bajas temperaturas en gran parte del pa\u00eds<\/b><\/em><\/li>\n<\/ul>\n<p>&nbsp;<\/p>\n<div id=\"attachment_202274\" style=\"width: 250px\" class=\"wp-caption alignleft\"><a href=\"http:\/\/www.diarioimagen.net\/?attachment_id=202274\" rel=\"attachment wp-att-202274\"><img loading=\"lazy\" decoding=\"async\" aria-describedby=\"caption-attachment-202274\" class=\"size-medium wp-image-202274\" src=\"http:\/\/www.diarioimagen.net\/wp-content\/uploads\/2015\/01\/frio-2522-240x160.jpg\" alt=\"Hay que ponerse ropa abrigadora, pues continuar\u00e1 el clima g\u00e9lido.\" width=\"240\" height=\"160\" srcset=\"https:\/\/www.diarioimagen.net\/wp-content\/uploads\/2015\/01\/frio-2522-240x160.jpg 240w, https:\/\/www.diarioimagen.net\/wp-content\/uploads\/2015\/01\/frio-2522-420x280.jpg 420w, https:\/\/www.diarioimagen.net\/wp-content\/uploads\/2015\/01\/frio-2522.jpg 700w\" sizes=\"auto, (max-width: 240px) 100vw, 240px\" \/><\/a><p id=\"caption-attachment-202274\" class=\"wp-caption-text\">Hay que ponerse ropa abrigadora, pues continuar\u00e1 el clima g\u00e9lido.<\/p><\/div>\n<p>En las primeras horas de hoy mi\u00e9rcoles ingres\u00f3 a la frontera norte del pa\u00eds el frente fr\u00edo 25, por lo que las bajas temperaturas prevalecer\u00e1n en el territorio nacional, advirti\u00f3 el Servicio Meteorol\u00f3gico Nacional (SMN).<\/p>\n<p>El sistema se mover\u00e1 r\u00e1pidamente hacia el este-sureste y durante su recorrido provocar\u00e1 lluvias muy fuertes en Tamaulipas y Veracruz, as\u00ed como fuertes en San Luis Potos\u00ed, Hidalgo y Puebla.<\/p>\n<p>La masa de aire polar asociada en interacci\u00f3n con una corriente de vientos m\u00e1ximos originar\u00e1 la ocurrencia de nevadas o ca\u00edda de aguanieve en Chihuahua, Coahuila, Durango, Nuevo Le\u00f3n y norte de Tamaulipas durante la noche de este mi\u00e9rcoles.<\/p>\n<p>Adem\u00e1s, la masa de aire polar asociada, provocar\u00e1 un marcado descenso de la temperatura reforzando el ambiente muy fr\u00edo sobre el norte, noreste, centro y oriente del pa\u00eds; as\u00ed como un nuevo evento de \u201cNorte\u201d con rachas de hasta 80 kil\u00f3metros por hora (km\/h) en las costas de Tamaulipas y norte de Veracruz.<\/p>\n<p>En tanto el frente fr\u00edo 23 continuar\u00e1 presente este martes con la llegada de \u201cNorte\u201d con rachas que podr\u00edan alcanzar los 50 km\/h en el litoral del Golfo de M\u00e9xico y superiores a 60 km\/h en el Istmo y Golfo de Tehuantepec.<\/p>\n<p>Por ello exhort\u00f3 a la poblaci\u00f3n a cuidar su salud y mantenerse informado de las condiciones del clima, as\u00ed como comer sano y abrigarse bien.<\/p>\n<p style=\"text-align: center;\"><strong>Fr\u00edo y nublado en el Valle de M\u00e9xico<\/strong><\/p>\n<p>En el Valle de M\u00e9xico el clima se espera medio nublado, manteni\u00e9ndose temperaturas fr\u00edas a frescas la mayor parte del d\u00eda, as\u00ed como muy fr\u00edas por la noche e inicios de la ma\u00f1ana, con heladas en partes altas de la regi\u00f3n; afirm\u00f3 el Servicio Meteorol\u00f3gico Nacional (SMN).<\/p>\n<p>La temperatura m\u00ednima ser\u00e1 de tres a siete grados cent\u00edgrados y la m\u00e1xima de 15 a 17 grados, con viento de norte y noreste de 20 a 35 kil\u00f3metros por hora con rachas de menor intensidad en la mayor parte de la regi\u00f3n.<\/p>\n<p>El Meteorol\u00f3gico indic\u00f3 que en el Distrito Federal las temperaturas fluctuar\u00e1n entre 16 y cinco grados cent\u00edgrados; mientras que en el Estado de M\u00e9xico ir\u00e1n de 16 a un grado cent\u00edgrados.<\/p>\n<p style=\"text-align: center;\"><b>Buscan ampliar\u00a0<\/b><b>monitoreo ambiental<\/b><\/p>\n<p>La Secretar\u00eda del Medio Ambiente del Distrito Federal anunci\u00f3 que se busca que el sistema de monitoreo atmosf\u00e9rico que se utiliza en la ciudad de M\u00e9xico se ampl\u00ede a Tlaxcala, Puebla, Morelos, Hidalgo y Estado de M\u00e9xico, y derive en acciones que permitan mejorar la calidad del aire.<\/p>\n<p>Se destaca que en la capital del pa\u00eds, ese sistema ha permitido tomar decisiones para disminuir los \u00edndices de contaminaci\u00f3n y reducir 50 por ciento las precontingencias ambientales en 2013 y 2014.<\/p>\n","protected":false},"excerpt":{"rendered":"<p>En las primeras horas de hoy mi\u00e9rcoles ingres\u00f3 a la frontera norte del pa\u00eds el frente fr\u00edo 25, por lo que las bajas temperaturas prevalecer\u00e1n en el territorio nacional, advirti\u00f3 el Servicio Meteorol\u00f3gico Nacional (SMN). El sistema se mover\u00e1 r\u00e1pidamente hacia el este-sureste y durante su recorrido provocar\u00e1 lluvias muy fuertes en Tamaulipas y Veracruz, as\u00ed como fuertes en San Luis Potos\u00ed, Hidalgo y Puebla.<\/p>\n","protected":false},"author":1,"featured_media":202274,"comment_status":"open","ping_status":"open","sticky":false,"template":"","format":"standard","meta":{"_monsterinsights_skip_tracking":false,"_monsterinsights_sitenote_active":false,"_monsterinsights_sitenote_note":"","_monsterinsights_sitenote_category":0,"footnotes":""},"categories":[3],"tags":[43673],"class_list":["post-202273","post","type-post","status-publish","format-standard","has-post-thumbnail","hentry","category-nacional","tag-nacional"],"_links":{"self":[{"href":"https:\/\/www.diarioimagen.net\/index.php?rest_route=\/wp\/v2\/posts\/202273","targetHints":{"allow":["GET"]}}],"collection":[{"href":"https:\/\/www.diarioimagen.net\/index.php?rest_route=\/wp\/v2\/posts"}],"about":[{"href":"https:\/\/www.diarioimagen.net\/index.php?rest_route=\/wp\/v2\/types\/post"}],"author":[{"embeddable":true,"href":"https:\/\/www.diarioimagen.net\/index.php?rest_route=\/wp\/v2\/users\/1"}],"replies":[{"embeddable":true,"href":"https:\/\/www.diarioimagen.net\/index.php?rest_route=%2Fwp%2Fv2%2Fcomments&post=202273"}],"version-history":[{"count":0,"href":"https:\/\/www.diarioimagen.net\/index.php?rest_route=\/wp\/v2\/posts\/202273\/revisions"}],"wp:featuredmedia":[{"embeddable":true,"href":"https:\/\/www.diarioimagen.net\/index.php?rest_route=\/wp\/v2\/media\/202274"}],"wp:attachment":[{"href":"https:\/\/www.diarioimagen.net\/index.php?rest_route=%2Fwp%2Fv2%2Fmedia&parent=202273"}],"wp:term":[{"taxonomy":"category","embeddable":true,"href":"https:\/\/www.diarioimagen.net\/index.php?rest_route=%2Fwp%2Fv2%2Fcategories&post=202273"},{"taxonomy":"post_tag","embeddable":true,"href":"https:\/\/www.diarioimagen.net\/index.php?rest_route=%2Fwp%2Fv2%2Ftags&post=202273"}],"curies":[{"name":"wp","href":"https:\/\/api.w.org\/{rel}","templated":true}]}}