{"id":202309,"date":"2015-01-07T00:04:04","date_gmt":"2015-01-07T06:04:04","guid":{"rendered":"http:\/\/www.diarioimagen.net\/?p=202309"},"modified":"2015-01-07T05:06:18","modified_gmt":"2015-01-07T11:06:18","slug":"la-paradoja-panista","status":"publish","type":"post","link":"https:\/\/www.diarioimagen.net\/?p=202309","title":{"rendered":"La paradoja panista"},"content":{"rendered":"<h2>Punto por punto<\/h2>\n<h5>Augusto Corro<\/h5>\n<p>&nbsp;<\/p>\n<p>Mientras el presidente interino del Partido Acci\u00f3n Nacional, Ricardo Anaya Cort\u00e9s, intensifica su lucha contra la corrupci\u00f3n, funcionarios blanquiazules se dedican a la pr\u00e1ctica de negocios oscuros, ilegales y abusivos.<\/p>\n<p>Urgen nuevas leyes anticorrupci\u00f3n como lo plantea el dirigente pol\u00edtico, pero para empezar a aplicarlas en los propios panistas, quienes ya igualaron y superaron en ma\u00f1as corruptas a las que se practican en otros partidos pol\u00edticos.<\/p>\n<p>Las arengas contra la corrupci\u00f3n, con el lema de \u201cs\u00ed podemos\u201d, encuentran su principal obst\u00e1culo en los propios representantes populares de Acci\u00f3n Nacional, sin distinci\u00f3n de cargo.<\/p>\n<p>Atr\u00e1s, muy atr\u00e1s, qued\u00f3 la imagen de honestidad y honradez que presum\u00edan los pol\u00edticos blanquiazules y que usaban en su lucha en cualquier campa\u00f1a electoral.<\/p>\n<p>Con la m\u00e1scara de la hipocres\u00eda alcanzaron puestos importantes en la pol\u00edtica, incluidas la presidencia de la Rep\u00fablica, en dos ocasiones. Con el poder en las manos, la corrupci\u00f3n se desat\u00f3.<\/p>\n<p>En noviembre pasado, legisladores panistas presentaron una estrategia de prevenci\u00f3n y combate a hechos de corrupci\u00f3n hacia el interior de ese instituto pol\u00edtico. Adem\u00e1s, reconocieron que \u201cexiste deterioro en su imagen\u201d.<\/p>\n<p>Esa estrategia, por el momento, se qued\u00f3 en el aire y ser\u00e1 retomada como parte de los argumentos pol\u00edticos blanquiazules en la pr\u00f3xima contienda electoral.<\/p>\n<p>Aunque urge que con leyes o sin leyes anticorrupci\u00f3n, la c\u00fapula panista empiece la tarea de limpieza en el interior del partido.<\/p>\n<p>En estos d\u00edas, dos esc\u00e1ndalos sacudieron a Acci\u00f3n Nacional. En el primer caso, el diputado local panista, Edgar Borja, fue expulsado del partido, debido a su involucramiento en la gesti\u00f3n de contratos con sobreprecio a cambio de moches.\u00a0 Un diario difundi\u00f3 audios en los que se escucha al asamble\u00edsta negociar contratos de pintura y para la digitalizaci\u00f3n de documentos a cambio de \u201ccomisiones\u201d millonarias en pesos.<\/p>\n<p>Tambi\u00e9n en internet aparece un video que comprueba la actividad corrupta del alcalde panista de \u201cEl Marqu\u00e9s\u201d, Quer\u00e9taro,\u00a0 Enrique Vega Carriles, quien cobra moches y \u201ccastiga a los proveedores que se niegan a pagar sobornos a cambio de contratos con el ayuntamiento\u201d.<\/p>\n<p>En esa grabaci\u00f3n, aparece\u00a0 No\u00e9 Miguel Mar\u00edn Noriega, Secretario de Administraci\u00f3n de Vega Carriles, en los momentos de recibir un moche de 40 mil pesos, en efectivo, que le entrega un proveedor congelado por no acatar las \u201cdisposiciones\u201d, que consist\u00edan en pagar 50 mil pesos como acuerdo final.<\/p>\n<p>Mar\u00edn Noriega asegura que tiene que entregarle el dinero a su jefe, el alcalde Vega Carriles.<\/p>\n<p>Y como el hilo se revienta por lo m\u00e1s delgado, Mar\u00edn Noriega fue cesado. Nadie se interes\u00f3 en llevarlo ante un juez por su conducta delincuencial.<\/p>\n<p>As\u00ed, de esc\u00e1ndalo en esc\u00e1ndalo, Acci\u00f3n Nacional se encuentra ya a nivel de los partidos pol\u00edticos m\u00e1s desprestigiados, con una imagen por los suelos, como lo reconocen los propios blanquiazules.<\/p>\n<p>El l\u00edder Anaya Cort\u00e9s no tiene que ir tan lejos para luchar contra la corrupci\u00f3n, en su propia casa tiene suficiente basura para empezar a hacer la limpieza.<\/p>\n<p style=\"text-align: center;\"><b>EN VA<\/b><b>NO LAS\u00a0<\/b><b>\u00a0PROTESTAS<\/b><\/p>\n<p>Otro periodista fue secuestrado en Veracruz.\u00a0 En los momentos de escribir estas l\u00edneas,\u00a0 se desconoc\u00eda el paradero de Mois\u00e9s S\u00e1nchez Cerezo, reportero del peri\u00f3dico local La Uni\u00f3n, del municipio de Medell\u00edn.<\/p>\n<p>El hecho se registr\u00f3 el 2 de enero. Hombres armados levantaron a S\u00e1nchez Cerezo. Varios d\u00edas antes del plagio, empleados municipales advirtieron al comunicador que el alcalde le quer\u00eda \u201cpegar un susto\u201d.<\/p>\n<p>Periodistas del puerto de Veracruz, Boca del R\u00edo, Acayucan, Coatzacoalcos y Xalapa efectuaron diversas manifestaciones para exigir la aparici\u00f3n con vida del reportero.<\/p>\n<p>En Xalapa, los comunicadores marcharon por el Centro Hist\u00f3rico para protestar por la desaparici\u00f3n de otros tres periodistas en Veracruz: Sergio Landa, del Diario Cardel: Gabriel Fonseca, del Diario Acayucan; y el reportero de Noticias de J\u00e1ltipan, Evaristo Ortega.<\/p>\n<p>En Veracruz, como en ning\u00fan otro estado de M\u00e9xico, los delincuentes agreden a los periodistas y nunca son castigados. Por cierto, las autoridades retuvieron a dos polic\u00edas municipales posiblemente relacionados con la desaparici\u00f3n de S\u00e1nchez Cerezo. Nuestro pa\u00eds es se\u00f1alado como un territorio en el que la pr\u00e1ctica del periodismo es peligrosa.<\/p>\n<p style=\"text-align: center;\"><b>\u00bfPLAGA O QU\u00c9?<\/b><\/p>\n<p>El perredista Ricardo Gallardo Corona, alcalde con licencia del municipio Soledad de Graciano S\u00e1nchez, San Luis Potos\u00ed, quiso volar muy alto, pero su pasado no se lo permiti\u00f3.<\/p>\n<p>Pretend\u00eda presentarse como candidato perredista a la gubernatura potosina. Su anhelo pol\u00edtico fue frenado por las autoridades federales, quienes lo investigan por sus posibles v\u00ednculos con la delincuencia organizada.<\/p>\n<p>Gallardo Corona fue llevado a las instalaciones de la Subprocuradur\u00eda Especializada en Investigaci\u00f3n de Delincuencia Organizada (SEIDO). En ese lugar, el alcalde con licencia tendr\u00e1 que explicar ampliamente sus nexos con el grupo criminal de Los Zetas.<\/p>\n<p><em><a href=\"mailto:aco2742@hotmail.com\" target=\"_blank\">aco2742@hotmail.com<\/a><\/em><\/p>\n","protected":false},"excerpt":{"rendered":"<p><span style=\"color: #005497;\"><strong>Augusto Corro<\/strong><\/span><\/p>\n","protected":false},"author":1,"featured_media":0,"comment_status":"open","ping_status":"open","sticky":false,"template":"","format":"standard","meta":{"_monsterinsights_skip_tracking":false,"_monsterinsights_sitenote_active":false,"_monsterinsights_sitenote_note":"","_monsterinsights_sitenote_category":0,"footnotes":""},"categories":[157],"tags":[43686,43674],"class_list":["post-202309","post","type-post","status-publish","format-standard","hentry","category-augusto-corro","tag-augusto-corro","tag-opinion"],"_links":{"self":[{"href":"https:\/\/www.diarioimagen.net\/index.php?rest_route=\/wp\/v2\/posts\/202309","targetHints":{"allow":["GET"]}}],"collection":[{"href":"https:\/\/www.diarioimagen.net\/index.php?rest_route=\/wp\/v2\/posts"}],"about":[{"href":"https:\/\/www.diarioimagen.net\/index.php?rest_route=\/wp\/v2\/types\/post"}],"author":[{"embeddable":true,"href":"https:\/\/www.diarioimagen.net\/index.php?rest_route=\/wp\/v2\/users\/1"}],"replies":[{"embeddable":true,"href":"https:\/\/www.diarioimagen.net\/index.php?rest_route=%2Fwp%2Fv2%2Fcomments&post=202309"}],"version-history":[{"count":0,"href":"https:\/\/www.diarioimagen.net\/index.php?rest_route=\/wp\/v2\/posts\/202309\/revisions"}],"wp:attachment":[{"href":"https:\/\/www.diarioimagen.net\/index.php?rest_route=%2Fwp%2Fv2%2Fmedia&parent=202309"}],"wp:term":[{"taxonomy":"category","embeddable":true,"href":"https:\/\/www.diarioimagen.net\/index.php?rest_route=%2Fwp%2Fv2%2Fcategories&post=202309"},{"taxonomy":"post_tag","embeddable":true,"href":"https:\/\/www.diarioimagen.net\/index.php?rest_route=%2Fwp%2Fv2%2Ftags&post=202309"}],"curies":[{"name":"wp","href":"https:\/\/api.w.org\/{rel}","templated":true}]}}