{"id":202326,"date":"2015-01-08T00:15:19","date_gmt":"2015-01-08T06:15:19","guid":{"rendered":"http:\/\/www.diarioimagen.net\/?p=202326"},"modified":"2015-01-09T07:30:05","modified_gmt":"2015-01-09T13:30:05","slug":"atentado-contra-semanario-satirico-frances-hay-12-muertos-condena-mundial","status":"publish","type":"post","link":"https:\/\/www.diarioimagen.net\/?p=202326","title":{"rendered":"Atentado contra semanario sat\u00edrico franc\u00e9s deja 12 muertos; condena mundial"},"content":{"rendered":"<ul>\n<li><em><strong>El director de Charlie Hebdo y otros tres de su principales dibujantes figuran entre las v\u00edctimas del ataque<\/strong><\/em><\/li>\n<\/ul>\n<div id=\"attachment_202327\" style=\"width: 250px\" class=\"wp-caption alignleft\"><img loading=\"lazy\" decoding=\"async\" aria-describedby=\"caption-attachment-202327\" class=\"size-medium wp-image-202327\" src=\"http:\/\/www.diarioimagen.net\/wp-content\/uploads\/2015\/01\/SEMANRIO-portal-240x135.jpg\" alt=\"El gobierno de Francia elev\u00f3 su nivel de alerta al m\u00e1ximo tras ataque al semanario sat\u00edrico.\" width=\"240\" height=\"135\" srcset=\"https:\/\/www.diarioimagen.net\/wp-content\/uploads\/2015\/01\/SEMANRIO-portal-240x135.jpg 240w, https:\/\/www.diarioimagen.net\/wp-content\/uploads\/2015\/01\/SEMANRIO-portal-420x236.jpg 420w, https:\/\/www.diarioimagen.net\/wp-content\/uploads\/2015\/01\/SEMANRIO-portal.jpg 480w, https:\/\/www.diarioimagen.net\/wp-content\/uploads\/2015\/01\/SEMANRIO-portal-235x132.jpg 235w, https:\/\/www.diarioimagen.net\/wp-content\/uploads\/2015\/01\/SEMANRIO-portal-202x114.jpg 202w, https:\/\/www.diarioimagen.net\/wp-content\/uploads\/2015\/01\/SEMANRIO-portal-350x196.jpg 350w, https:\/\/www.diarioimagen.net\/wp-content\/uploads\/2015\/01\/SEMANRIO-portal-220x123.jpg 220w, https:\/\/www.diarioimagen.net\/wp-content\/uploads\/2015\/01\/SEMANRIO-portal-237x132.jpg 237w\" sizes=\"auto, (max-width: 240px) 100vw, 240px\" \/><p id=\"caption-attachment-202327\" class=\"wp-caption-text\">El gobierno de Francia elev\u00f3 su nivel de alerta al m\u00e1ximo tras ataque al semanario sat\u00edrico.<\/p><\/div>\n<p>Hombres armados encapuchados mataron a tiros ayer al menos a 12 personas en las oficinas en Par\u00eds del semanario sat\u00edrico Charlie Hebdo, una publicaci\u00f3n que en el pasado sufri\u00f3 ataques incendiarios por difundir en 2011 caricaturas burl\u00e1ndose de l\u00edderes musulmanes y del profeta Mahoma, report\u00f3 la Procuradur\u00eda de Par\u00eds<\/p>\n<p>El periodista, dibujante y director de Charlie Hebdo, St\u00e9phane Charbonnier, conocido como Charb, y otros tres de su principales dibujantes, Cabu, Tignous y Wolinski, figuran entre los 12 muertos del ataque.<\/p>\n<p>El ataque ocurri\u00f3 esta ma\u00f1ana en la sede de la revista ubicada en el distrito once de la capital francesa cuando un par de individuos penetr\u00f3 en la sede de la revista vestidos de negro y con pasamonta\u00f1as.<\/p>\n<p>Los dos individuos, armados con rifles autom\u00e1ticos kalasnikov dispararon en la sede de la revista con el resultado de al menos 11 muertos y 15 heridos, seg\u00fan datos preliminares.<\/p>\n<p>\u201cHa sido una carnicer\u00eda\u201d coment\u00f3 a la prensa un agente de polic\u00eda.<\/p>\n<p>Poco antes, el presidente franc\u00e9s, Fran\u00e7ois Hollande, hab\u00eda confirmado doce muertos, pero tambi\u00e9n se refiri\u00f3 a otras cuatro personas que estaban \u00abentre la vida y la muerte\u00bb.<\/p>\n<p>Hollande, en el lugar de los hechos, afirm\u00f3 ante los medios de comunicaci\u00f3n que \u00abno hay duda\u00bb de que se trata de \u00abun atentado terrorista\u00bb.<\/p>\n<p>Dijo que es \u00abun acto de barbarie contra un peri\u00f3dico, es decir contra la expresi\u00f3n de la libertad, un acto de barbarie contra periodistas que hab\u00edan mostrado que pod\u00edan actuar en Francia con la libertad que la Rep\u00fablica protege\u00bb.<\/p>\n<p>Record\u00f3 que \u00abCharlie Hebdo\u00bb hab\u00eda recibido amenazas en varias ocasiones, despu\u00e9s de publicar caricaturas de Mahoma, y que por eso estaba protegido.<\/p>\n<p>Con este ataque, a\u00f1adi\u00f3, \u00abtenemos que mostrar que somos un pa\u00eds unido\u00bb y \u00abreaccionar con firmeza, pero tambi\u00e9n mostrar unidad nacional\u00bb.<\/p>\n<p>Se\u00f1al\u00f3 que a los autores \u00abse les buscar\u00e1 tanto tiempo como sea necesario, se les llevar\u00e1 ante los jueces y ser\u00e1n condenados\u00bb.<\/p>\n<p>Hollande reconoci\u00f3 que \u00absab\u00edamos que est\u00e1bamos amenazados, como otros pa\u00edses del mundo\u00bb, y que \u00abse han desbaratado varios atentados terroristas en las \u00faltimas semanas\u00bb<\/p>\n<p>Vincul\u00f3 esas amenazas a que \u00absomos un pa\u00eds de libertad\u00bb y puso el acento en que \u00abnadie puede pensar que puede actuar en Francia contra los valores de la Rep\u00fablica\u00bb.<\/p>\n<p>Seg\u00fan el fiscal de Par\u00eds, Fran\u00e7ois Moulins, hay en total una veintena de heridos.<\/p>\n<p><strong>Alerta m\u00e1xima<\/strong><\/p>\n<p>Francia elev\u00f3 su nivel de alerta al m\u00e1ximo y reforz\u00f3 la seguridad en casas de oraci\u00f3n, tiendas, oficinas de medios de comunicaci\u00f3n y medios de transporte. Los m\u00e1s altos cargos del gobierno realizaban una reuni\u00f3n de emergencia.<\/p>\n<p>L\u00edderes mundiales como el presidente estadounidense Barack Obama, quien ofreci\u00f3 ayuda para atrapar a los autores de la \u00abhorrenda matanza\u00bb, y la canciller alemana Angela Merkel, condenaron el ataque, mientras partidarios del grupo Estado Isl\u00e1mico lo festejaron como una merecida venganza contra Francia.<\/p>\n<p>Luc Poignard, del sindicato policial SBP, dijo que los atacantes escaparon en dos veh\u00edculos. Un testigo del ataque, Beno\u00eet Bringer, dijo a la televisi\u00f3n iTele que vio a varios hombres encapuchados con armas autom\u00e1ticas en las oficinas del medio en el centro de Par\u00eds.<\/p>\n<p>La milicia extremista Estado Isl\u00e1mico ha amenazado con atacar a Francia y minutos antes del ataque Charlie Hebdo hab\u00eda enviado por Twitter una caricatura sat\u00edrica en la que el l\u00edder del grupo expresaba sus deseos de a\u00f1o nuevo.<\/p>\n<p>Otra caricatura publicada esta semana bajo el t\u00edtulo \u00abA\u00fan no hay ataques en Francia\u00bb mostraba a un miliciano que dec\u00eda, \u00abesperen un poco, tenemos hasta fines de enero para presentar nuestros deseos de A\u00f1o Nueve\u00bb.<\/p>\n<p>Los atacantes fueron al segundo piso y abrieron fuego indiscriminadamente, dijo Christophe DeLoire, de Reporteros sin Fronteras.<\/p>\n<p>\u00abHoy es el d\u00eda m\u00e1s negro de la historia de la prensa francesa\u00bb, dijo DeLoire.<\/p>\n<p>Im\u00e1genes de video el portal de internet de la emisora p\u00fablica France Televisions mostraron a dos hombres vestidos de negro en un cruce de calles que aparentemente disparaban en la acera. Entre los disparos se escuch\u00f3 el grito de \u00abAllahu akbar\u00bb.<\/p>\n<p>El vocero de Obama, Josh Earnest, dijo que las autoridades estadounidenses estaban en contacto con sus colegas francesas, y a\u00f1adi\u00f3: \u00abSabemos que no se dejar\u00e1n acobardar por este acto terrible\u00bb.<\/p>\n<p>En las redes sociales hubo elogios al ataque por parte de seguidores de las milicias isl\u00e1micas. Un usuario de Twitter que se identific\u00f3 como un partidario tunecino de al-Qaida y el Estado Isl\u00e1mico dijo que el ataque fue una merecida venganza contra Francia.<\/p>\n<p>Las oficinas de Charlie Hebdo fueron atacadas con bombas incendiarias en 2011 tras un n\u00famero con una caricatura que parodiaba a Mahoma en su portada. Casi un a\u00f1o m\u00e1s tarde, el semanario volvi\u00f3 a incorporar publicar groseros dibujos sobre el profeta, cosechando denuncias en todo el mundo musulm\u00e1n.<\/p>\n<p><strong>Protesta de miles<\/strong><\/p>\n<p>Miles de personas protestaron en la emblem\u00e1tica plaza parisina de la R\u00e9publique, en un silencio absoluto, contra la masacre terrorista perpetrada en la sede del semanario franc\u00e9s \u00abCharlie Hebdo\u00bb, en la que murieron doce personas.<\/p>\n<p>Seg\u00fan se constat\u00f3 en el lugar, los manifestantes han respondido a las convocatorias espont\u00e1neas realizadas a trav\u00e9s de las redes sociales y muchos de ellos enarbolan carteles con la leyenda: \u00abJe suis Charlie\u00bb (\u00abYo soy Charlie\u00bb).<\/p>\n<p>La emoci\u00f3n domin\u00f3 entre los presentes y algunos de ellos lloraron con ejemplares de la revista en las manos.<\/p>\n<p style=\"text-align: center;\"><strong>Condena de M\u00e9xico<\/strong><\/p>\n<p>El gobierno de M\u00e9xico manifest\u00f3 su m\u00e1s en\u00e9rgica condena al atentado perpetrado este mi\u00e9rcoles contra el semanario sat\u00edrico Charlie Hebdo en Par\u00eds, Francia.<\/p>\n<p>En un comunicado, la Secretar\u00eda de Relaciones Exteriores (SRE) se\u00f1al\u00f3 que M\u00e9xico reitera su rechazo al terrorismo en todas sus formas y manifestaciones, al tiempo que transmite sus m\u00e1s sinceras condolencias al pueblo y gobierno franc\u00e9s, as\u00ed como a los familiares de las v\u00edctimas.<\/p>\n","protected":false},"excerpt":{"rendered":"<p>Hombres armados encapuchados mataron a tiros ayer al menos a 12 personas en las oficinas en Par\u00eds del semanario sat\u00edrico Charlie Hebdo, una publicaci\u00f3n que en el pasado sufri\u00f3 ataques incendiarios por difundir en 2011 caricaturas burl\u00e1ndose de l\u00edderes musulmanes y del profeta Mahoma, report\u00f3 la Procuradur\u00eda de Par\u00eds<\/p>\n","protected":false},"author":5,"featured_media":202327,"comment_status":"open","ping_status":"open","sticky":false,"template":"","format":"standard","meta":{"_monsterinsights_skip_tracking":false,"_monsterinsights_sitenote_active":false,"_monsterinsights_sitenote_note":"","_monsterinsights_sitenote_category":0,"footnotes":""},"categories":[17,9],"tags":[],"class_list":["post-202326","post","type-post","status-publish","format-standard","has-post-thumbnail","hentry","category-especiales","category-mundo"],"_links":{"self":[{"href":"https:\/\/www.diarioimagen.net\/index.php?rest_route=\/wp\/v2\/posts\/202326","targetHints":{"allow":["GET"]}}],"collection":[{"href":"https:\/\/www.diarioimagen.net\/index.php?rest_route=\/wp\/v2\/posts"}],"about":[{"href":"https:\/\/www.diarioimagen.net\/index.php?rest_route=\/wp\/v2\/types\/post"}],"author":[{"embeddable":true,"href":"https:\/\/www.diarioimagen.net\/index.php?rest_route=\/wp\/v2\/users\/5"}],"replies":[{"embeddable":true,"href":"https:\/\/www.diarioimagen.net\/index.php?rest_route=%2Fwp%2Fv2%2Fcomments&post=202326"}],"version-history":[{"count":0,"href":"https:\/\/www.diarioimagen.net\/index.php?rest_route=\/wp\/v2\/posts\/202326\/revisions"}],"wp:featuredmedia":[{"embeddable":true,"href":"https:\/\/www.diarioimagen.net\/index.php?rest_route=\/wp\/v2\/media\/202327"}],"wp:attachment":[{"href":"https:\/\/www.diarioimagen.net\/index.php?rest_route=%2Fwp%2Fv2%2Fmedia&parent=202326"}],"wp:term":[{"taxonomy":"category","embeddable":true,"href":"https:\/\/www.diarioimagen.net\/index.php?rest_route=%2Fwp%2Fv2%2Fcategories&post=202326"},{"taxonomy":"post_tag","embeddable":true,"href":"https:\/\/www.diarioimagen.net\/index.php?rest_route=%2Fwp%2Fv2%2Ftags&post=202326"}],"curies":[{"name":"wp","href":"https:\/\/api.w.org\/{rel}","templated":true}]}}