{"id":202337,"date":"2015-01-07T20:30:25","date_gmt":"2015-01-08T02:30:25","guid":{"rendered":"http:\/\/www.diarioimagen.net\/?p=202337"},"modified":"2015-01-08T05:44:47","modified_gmt":"2015-01-08T11:44:47","slug":"cnn-en-espanol-presenta-en-primer-plano-a-la-actriz-jennifer-lawrence","status":"publish","type":"post","link":"https:\/\/www.diarioimagen.net\/?p=202337","title":{"rendered":"CNN en Espa\u00f1ol presenta en Primer Plano  a la actriz Jennifer Lawrence"},"content":{"rendered":"<ul>\n<li><strong><em>El s\u00e1bado 10 de enero, el programa tendr\u00e1 como foco la carrera de la actriz mejor pagada de Hollywood<\/em><\/strong><\/li>\n<\/ul>\n<div id=\"attachment_202338\" style=\"width: 250px\" class=\"wp-caption alignleft\"><img loading=\"lazy\" decoding=\"async\" aria-describedby=\"caption-attachment-202338\" class=\"size-medium wp-image-202338\" src=\"http:\/\/www.diarioimagen.net\/wp-content\/uploads\/2015\/01\/jennifer-lawrence-portal-240x135.jpg\" alt=\"Primer Plano: Jennifer Lawrence, se transmite el s\u00e1bado 10 de enero, a las 4:00 p.m. (M\u00e9xico); con retransmisiones el domingo 11, a las 8:00 a.m. y el s\u00e1bado 17 de enero, a las 1:00 p.m., todos en horario de M\u00e9xico.\" width=\"240\" height=\"135\" srcset=\"https:\/\/www.diarioimagen.net\/wp-content\/uploads\/2015\/01\/jennifer-lawrence-portal-240x135.jpg 240w, https:\/\/www.diarioimagen.net\/wp-content\/uploads\/2015\/01\/jennifer-lawrence-portal-420x236.jpg 420w, https:\/\/www.diarioimagen.net\/wp-content\/uploads\/2015\/01\/jennifer-lawrence-portal.jpg 480w, https:\/\/www.diarioimagen.net\/wp-content\/uploads\/2015\/01\/jennifer-lawrence-portal-235x132.jpg 235w, https:\/\/www.diarioimagen.net\/wp-content\/uploads\/2015\/01\/jennifer-lawrence-portal-202x114.jpg 202w, https:\/\/www.diarioimagen.net\/wp-content\/uploads\/2015\/01\/jennifer-lawrence-portal-350x196.jpg 350w, https:\/\/www.diarioimagen.net\/wp-content\/uploads\/2015\/01\/jennifer-lawrence-portal-220x123.jpg 220w, https:\/\/www.diarioimagen.net\/wp-content\/uploads\/2015\/01\/jennifer-lawrence-portal-237x132.jpg 237w\" sizes=\"auto, (max-width: 240px) 100vw, 240px\" \/><p id=\"caption-attachment-202338\" class=\"wp-caption-text\">Primer Plano: Jennifer Lawrence, se transmite el s\u00e1bado 10 de enero, a las 4:00 p.m. (M\u00e9xico); con retransmisiones el domingo 11, a las 8:00 a.m. y el s\u00e1bado 17 de enero, a las 1:00 p.m., todos en horario de M\u00e9xico.<\/p><\/div>\n<p>CNN en Espa\u00f1ol presenta el pr\u00f3ximo s\u00e1bado 10 de enero a las 4:00 p.m. (M\u00e9xico), una nueva edici\u00f3n de <em>Primer Plano<\/em>, dedicada esta vez a la actriz m\u00e1s popular del momento: Jennifer Lawrence, quien -gracias a su portentoso talento- r\u00e1pidamente pas\u00f3 de tener ocasionales roles en televisi\u00f3n, a conquistar papeles principales en pel\u00edculas del cine independiente y blockbusters hollywoodenses, como <em>Los juegos del hambre<\/em> <em>o X-Men: primera generaci\u00f3n<\/em>.<\/p>\n<p>Con apenas veinte a\u00f1os, en 2010, se convirti\u00f3 en la tercera actriz m\u00e1s joven en ser nominada como Mejor actriz a los Premios de la Academia\u00ae, galard\u00f3n que conquistar\u00eda solo dos a\u00f1os despu\u00e9s por su actuaci\u00f3n en <em>Silver Linings Playbook<\/em>, trabajo que tambi\u00e9n le mereci\u00f3 obtener el <a href=\"http:\/\/es.wikipedia.org\/wiki\/Globo_de_Oro_a_la_mejor_actriz_de_reparto\">Globo de Oro<\/a> y el premio del Sindicato de Actores (SAG Award), entre otros. Al a\u00f1o siguiente, en 2013, fue aclamada por el p\u00fablico y expertos en cr\u00edtica por su papel en la cinta\u00a0 <em>American Hustle<\/em>, siendo la actriz m\u00e1s joven en lograr tres nominaciones al Oscar\u00ae.<\/p>\n<p>Su talento excepcional le ha otorgado una gran cantidad de premios y reconocimientos, lo que, junto a su sentido del humor y sinceridad, la han convertido en una de las actrices j\u00f3venes m\u00e1s buscadas del s\u00e9ptimo arte.<\/p>\n<p>En 2014 fue posicionada por la revista Forbes en el puesto n\u00famero 12 en su lista de \u00abLas celebridades m\u00e1s poderosas del mundo\u00bb. Para conocer su incre\u00edble ascenso en el mundo de la actuaci\u00f3n, la actriz compartir\u00e1 relatos exclusivos junto al director David O. Russell y su coprotagonista Amy Adams.<\/p>\n<p><em>Primer Plano<\/em>, es el programa documental de CNN en Espa\u00f1ol que cuenta las historias del mundo del espect\u00e1culo, centrado en destacadas y reconocidas celebridades de todo el mundo, a trav\u00e9s de entrevistas, relatos detr\u00e1s de escena e historias de la gente que hace posible estas producciones.<\/p>\n","protected":false},"excerpt":{"rendered":"<p>CNN en Espa\u00f1ol presenta el pr\u00f3ximo s\u00e1bado 10 de enero a las 4:00 p.m. (M\u00e9xico), una nueva edici\u00f3n de Primer Plano, dedicada esta vez a la actriz m\u00e1s popular del momento: Jennifer Lawrence, quien -gracias a su portentoso talento- r\u00e1pidamente pas\u00f3 de tener ocasionales roles en televisi\u00f3n, a conquistar papeles principales en pel\u00edculas del cine independiente y blockbusters hollywoodenses, como Los juegos del hambre o X-Men: primera generaci\u00f3n.<\/p>\n","protected":false},"author":5,"featured_media":202338,"comment_status":"open","ping_status":"open","sticky":false,"template":"","format":"standard","meta":{"_monsterinsights_skip_tracking":false,"_monsterinsights_sitenote_active":false,"_monsterinsights_sitenote_note":"","_monsterinsights_sitenote_category":0,"footnotes":""},"categories":[17,12],"tags":[43682,29819],"class_list":["post-202337","post","type-post","status-publish","format-standard","has-post-thumbnail","hentry","category-especiales","category-espectaculos","tag-espectaculos","tag-jennifer-lawrence"],"_links":{"self":[{"href":"https:\/\/www.diarioimagen.net\/index.php?rest_route=\/wp\/v2\/posts\/202337","targetHints":{"allow":["GET"]}}],"collection":[{"href":"https:\/\/www.diarioimagen.net\/index.php?rest_route=\/wp\/v2\/posts"}],"about":[{"href":"https:\/\/www.diarioimagen.net\/index.php?rest_route=\/wp\/v2\/types\/post"}],"author":[{"embeddable":true,"href":"https:\/\/www.diarioimagen.net\/index.php?rest_route=\/wp\/v2\/users\/5"}],"replies":[{"embeddable":true,"href":"https:\/\/www.diarioimagen.net\/index.php?rest_route=%2Fwp%2Fv2%2Fcomments&post=202337"}],"version-history":[{"count":0,"href":"https:\/\/www.diarioimagen.net\/index.php?rest_route=\/wp\/v2\/posts\/202337\/revisions"}],"wp:featuredmedia":[{"embeddable":true,"href":"https:\/\/www.diarioimagen.net\/index.php?rest_route=\/wp\/v2\/media\/202338"}],"wp:attachment":[{"href":"https:\/\/www.diarioimagen.net\/index.php?rest_route=%2Fwp%2Fv2%2Fmedia&parent=202337"}],"wp:term":[{"taxonomy":"category","embeddable":true,"href":"https:\/\/www.diarioimagen.net\/index.php?rest_route=%2Fwp%2Fv2%2Fcategories&post=202337"},{"taxonomy":"post_tag","embeddable":true,"href":"https:\/\/www.diarioimagen.net\/index.php?rest_route=%2Fwp%2Fv2%2Ftags&post=202337"}],"curies":[{"name":"wp","href":"https:\/\/api.w.org\/{rel}","templated":true}]}}