{"id":202431,"date":"2015-01-08T00:07:02","date_gmt":"2015-01-08T06:07:02","guid":{"rendered":"http:\/\/www.diarioimagen.net\/?p=202431"},"modified":"2015-01-08T07:40:26","modified_gmt":"2015-01-08T13:40:26","slug":"la-yihad-pone-en-jaque-a-europa","status":"publish","type":"post","link":"https:\/\/www.diarioimagen.net\/?p=202431","title":{"rendered":"La Yihad pone en jaque a Europa"},"content":{"rendered":"<h2>Tras la puerta del poder<\/h2>\n<h5>Roberto Vizca\u00edno<\/h5>\n<p>&nbsp;<\/p>\n<ul>\n<li><strong><i>Ciudadanos nacidos en familias europeas son ahora quienes cada vez m\u00e1s se convierten al Islam extremista \u00a0 \u00a0<\/i><\/strong><\/li>\n<li><strong><i>En M\u00e9xico muri\u00f3 ayer Julio Scherer, considerado como uno de los grandes periodistas del siglo XX<\/i><\/strong><\/li>\n<li><strong><i>El senador Mario Delgado se fue a Morena, quiz\u00e1 como una avanzada del ingreso de Marcelo Ebrard<\/i><\/strong><\/li>\n<\/ul>\n<div id=\"attachment_202432\" style=\"width: 250px\" class=\"wp-caption alignleft\"><a href=\"http:\/\/www.diarioimagen.net\/?attachment_id=202432\" rel=\"attachment wp-att-202432\"><img loading=\"lazy\" decoding=\"async\" aria-describedby=\"caption-attachment-202432\" class=\"size-medium wp-image-202432\" src=\"http:\/\/www.diarioimagen.net\/wp-content\/uploads\/2015\/01\/terroristas-MARAL-2523-240x171.jpg\" alt=\"Terroristas... | Maral\" width=\"240\" height=\"171\" srcset=\"https:\/\/www.diarioimagen.net\/wp-content\/uploads\/2015\/01\/terroristas-MARAL-2523-240x171.jpg 240w, https:\/\/www.diarioimagen.net\/wp-content\/uploads\/2015\/01\/terroristas-MARAL-2523-420x299.jpg 420w, https:\/\/www.diarioimagen.net\/wp-content\/uploads\/2015\/01\/terroristas-MARAL-2523-90x65.jpg 90w, https:\/\/www.diarioimagen.net\/wp-content\/uploads\/2015\/01\/terroristas-MARAL-2523.jpg 1200w\" sizes=\"auto, (max-width: 240px) 100vw, 240px\" \/><\/a><p id=\"caption-attachment-202432\" class=\"wp-caption-text\">Terroristas&#8230; | Maral<\/p><\/div>\n<p>El ataque armado ayer de 3 musulmanes al semanario \u201cCharlie Hebdo\u201d en Par\u00eds que dej\u00f3 12 muertos -en su mayor\u00eda periodistas y caricaturistas-, y 8 heridos, es apenas la punta del iceberg que aterra a Europa, el del crecimiento de jihadistas nacidos en este continente.<\/p>\n<p>Ciudadanos legales, hijos de europeos, son ahora quienes van a luchar bajo el manto del Islam extremo en las guerras de Oriente Medio y que al regresar a sus pa\u00edses de origen, se convierten en la peor de las amenazas para sus compatriotas y gobiernos.<\/p>\n<p>Quienes ayer atacaron y ejecutaron a balazos a la plantilla y directiva principales del irreverente semanario franc\u00e9s, que hab\u00eda dedicado varias de sus portadas a satirizar al profeta Mahoma -y que por ello hab\u00eda recibido ya varios ataques y amenazas de muerte para sus colaboradores-, hablaban franc\u00e9s \u201csin acento\u201d.<\/p>\n<p>Es decir, no eran \u00e1rabes.<\/p>\n<p>Horas despu\u00e9s -evidentemente con filtraciones de polic\u00edas-, otros medios parisinos daban a conocer que los atacantes eran tres hombres de 34, 32 y 18 a\u00f1os, con antecedentes por cooperar con redes yihadistas y cuyas identidades corresponden a los hermanos Said K. y Ch\u00e9rif K, y Hamyd M., todos ellos al parecer de nacionalidad francesa.<\/p>\n<p>Ch\u00e9rif K. fue juzgado durante 2005 por formar parte de una c\u00e9lula con j\u00f3venes franceses que luego eran enviados a la guerra de Irak.<\/p>\n<p>Al parecer la identificaci\u00f3n de todos ellos fue posible por el olvido de un carnet de identidad en el veh\u00edculo en que huyeron luego del ataque.<\/p>\n<p>Se considera que una vez identificados y con todos los cuerpos de inteligencia de Europa tras de ellos, los tres ser\u00e1n capturados en horas.<\/p>\n<p>Por lo pronto, y bajo el grito de \u00a0\u00a1Allahu akbar! (Al\u00e1 es el m\u00e1s grande), mataron a St\u00e9phane Charbonnier, \u201cCharb\u201d, director del semanario y tres dibujantes considerados como verdaderas leyendas de la ilustraci\u00f3n sat\u00edrica en Francia: Jean Cabut, \u201cCabu\u201d , Bernard Verlhac, \u201cTignous\u201d y Georges Wolinski.<\/p>\n<p>Todos ellos fueron alcanzados por sus asesinos en el segundo piso de la revista donde realizaban una sesi\u00f3n semanal de proyecci\u00f3n de trabajo.<\/p>\n<p>Este hecho supone que los jihadistas conoc\u00edan el movimiento interno del semanario.<\/p>\n<p>El tema es que el de ayer ya es parte de otros ataques de ciudadanos nacidos en Europa, hijos de europeos, que se han convertido al Islam.<\/p>\n<p>Los servicios de inteligencia de las naciones del viejo continente consideran que este hecho plantea una crisis de seguridad, porque al ser ciudadanos de los pa\u00edses locales, es casi imposible identificarlos antes de que surjan y cometan cr\u00edmenes como el de ayer.<\/p>\n<p>La respuesta ciudadana al ataque jihadista al semanario \u201cCharlie Hebdo\u201d no se dej\u00f3 esperar. Apenas conocida la noticia, miles de parisinos se concentraron durante horas en la hist\u00f3rica Place de la R\u00e9publique para reclamar justicia, castigo a los culpables, y expresar su apoyo a la libertad de expresi\u00f3n.<\/p>\n<p style=\"text-align: center;\"><b>MUERE SCHERER<\/b><\/p>\n<p>En M\u00e9xico ayer falleci\u00f3 a los 88 a\u00f1os de edad Julio Scherer, considerado uno de los mayores periodistas mexicanos.<\/p>\n<p>Scherer muri\u00f3 apenas un mes despu\u00e9s del deceso de su gran amigo y compa\u00f1ero de trabajo tanto en \u201cExc\u00e9lsior\u201d, como en la revista \u201cProceso\u201d, el escritor, periodista y dramaturgo Vicente Le\u00f1ero. Ambos, junto con su tercer gran amigo, el jesuita Enrique Maza, fueron los creadores del \u00e9xito que tuvo el periodismo cr\u00edtico en ambos medios, especialmente en \u201cProceso\u201d.<\/p>\n<p>Don Julio form\u00f3 parte de un grupo privilegiado por la inteligencia period\u00edstica en el que estuvieron los dos Manuel Becerra Acosta, padre e hijo, y sin quienes Scherer no hubiera llegado a ser lo que fue.<\/p>\n<p>En ese grupo estuvieron tambi\u00e9n Don Hero Rodr\u00edguez Toro, \u00c1ngel T. Ferreira, Miguel \u00c1ngel Granados, Miguel L\u00f3pez Azuara, Arnulfo Uzeta, Abel Quezada, Octavio Paz, Don Jorge Villa, Francisco \u201cPancho\u201d C\u00e1rdenas y decenas m\u00e1s.<\/p>\n<p>Todos ellos, con sus trabajos e ingenio y bajo la direcci\u00f3n de Scherer, crearon y mantuvieron los \u00e9xitos de \u201cExc\u00e9lsior\u201d y \u201cProceso\u201d en su tiempo.<\/p>\n<p>Hombre de claroscuros, Scherer ser\u00e1 recordado sin duda por sus luces.<\/p>\n<p style=\"text-align: center;\"><b>RENUNCIAS<\/b><\/p>\n<p>Esta semana y con la renuncia de Alfredo del Mazo (el tercero de su dinast\u00eda) a la direcci\u00f3n de Banobras y con la petici\u00f3n de licencia de la senadora Cristina D\u00edaz se inicia la integraci\u00f3n de la lista de candidatos del PRI a la C\u00e1mara de Diputados y a la gubernatura de Nuevo Le\u00f3n.<\/p>\n<p>En los siguientes d\u00edas, semanas, vendr\u00e1n otras muchas renuncias y licencias para los otros muchos cargos que se abren con la elecci\u00f3n de 500 diputados federales, 16 delegados en el DF, 64 asientos en la Asamblea del DF, 9 gubernaturas y cientos y cientos de diputaciones y alcald\u00edas en 17 estados dela Rep\u00fablica.<\/p>\n<p>En el caso de Del Mazo, es obvio que va por una diputaci\u00f3n federal que luego le abra la puerta para contender por la gubernatura del Estado de M\u00e9xico, que deber\u00e1 dejar vacante Eruviel \u00c1vila en 2017.<\/p>\n<p>Por su parte la senadora Cristina D\u00edaz, tambi\u00e9n secretaria general de la CNOP, al parecer ser\u00e1 nominada candidata de Unidad a la sucesi\u00f3n de Rodrigo Medina en Nuevo Le\u00f3n en junio pr\u00f3ximo.<\/p>\n<p>Al menos eso es lo que se desprende luego del c\u00f3nclave encabezado por el presidente del PRI, C\u00e9sar Camacho y en el que participaron el gobernador saliente y los otros aspirantes, a saber: Ildefonso Guajardo, secretario de Econom\u00eda y las senadora Ivonne \u00c1lvarez\u00a0 y\u00a0 Marcela Guerra; los diputados federales H\u00e9ctor Guti\u00e9rrez y Pedro Pablo Trevi\u00f1o; Adri\u00e1n de la Garza, procurador de Justicia en el estado; Federico Vargas, secretario de Desarrollo Social neolon\u00e9s y Juana Aurora Cavazos, secretaria de Educaci\u00f3n.<\/p>\n<p>En este encuentro y con el tono negociador, suave de C\u00e9sar Camacho, se les explic\u00f3 que la alta competitividad a que ser\u00e1 sometido el candidato del PRI, requiere de la unidad de todos en torno a un solo aspirante.<\/p>\n<p>\u201cEst\u00e1 claro que la popularidad ya no es factor suficiente para ganar una elecci\u00f3n, frente a un voto razonado que exige un perfil de experiencia, trayectoria, honestidad\u00a0 y sobre todo capacidad, para encabezar un programa de gobierno que mantenga el nivel de crecimiento y desarrollo de Nuevo Le\u00f3n\u201d, les dijo.<\/p>\n<p>Y sin rodeos indic\u00f3 que entre el grupo s\u00f3lo 2 cumplen ese perfil: el secretario de Econom\u00eda, Ildefonso Guajardo y la dirigente nacional de la CNOP, la senadora Cristina D\u00edaz.<\/p>\n<p>Y parece que el presidente Pe\u00f1a Nieto no se quiere desprender de su titular en Econom\u00eda. As\u00ed que la petici\u00f3n de licencia de la senadora hecha ayer es m\u00e1s que un buen deseo de ella por ocupar esa gubernatura.<\/p>\n<p style=\"text-align: center;\"><b>\u00bfEBRARD A MORENA?<\/b><\/p>\n<p>El senador Mario Delgado -quien obviamente no se repone de haber perdido la nominaci\u00f3n de la candidatura a la jefatura de gobierno-, se fue finalmente a las filas de Andr\u00e9s Manuel L\u00f3pez Obrador.<\/p>\n<p>Eso ser\u00eda lo de menos si Delgado no tuviese el herraje del corral de Marcelo Ebrard, cuyos intereses son representados sin pudor alguno dentro y fuera del Congreso por el ahora ex senador del PRD.<\/p>\n<p>Por ello, no pocos vieron el ingreso de Delgado a Morena, como un avance de la entrada de Marcelo a ese partido, donde se supone le cobrar\u00e1 la factura a L\u00f3pez Obrador por haberlo dejado llegar sin broncas a la candidatura presidencial del sol azteca en el 2012.<\/p>\n<p>Asediado por los contralores, tanto del GDF como de la Funci\u00f3n P\u00fablica, Ebrard lo que quiere es una diputaci\u00f3n federal que le de fuero de aqu\u00ed al 2018.<\/p>\n<p>Por supuesto que buscar\u00e1 ser el jefe de la bancada de Morena en San L\u00e1zaro, si es que L\u00f3pez Obrador decide no apuntarse en las listas de Morena para una diputaci\u00f3n federal.<\/p>\n<p>Y desde ah\u00ed cruzar los dedos para que AMLO por alguna cosa del coraz\u00f3n no pueda llegar a la candidatura presidencial de Morena en 2018 y sea \u00e9l el elegido de los dioses.<\/p>\n<p><em><a href=\"mailto:rvizcainoa@gmail.com\" target=\"_blank\">rvizcainoa@gmail.com<\/a>\u00a0<\/em><\/p>\n","protected":false},"excerpt":{"rendered":"<p><span style=\"color: #005497;\"><strong>Roberto Vizca\u00edno<\/strong><\/span><br \/>\n<br \/>\nEl ataque armado ayer de 3 musulmanes al semanario \u201cCharlie Hebdo\u201d en Par\u00eds que dej\u00f3 12 muertos -en su mayor\u00eda periodistas y caricaturistas-, y 8 heridos, es apenas la punta del iceberg que aterra a Europa, el del crecimiento de jihadistas nacidos en este continente.<\/p>\n","protected":false},"author":1,"featured_media":202432,"comment_status":"open","ping_status":"open","sticky":false,"template":"","format":"standard","meta":{"_monsterinsights_skip_tracking":false,"_monsterinsights_sitenote_active":false,"_monsterinsights_sitenote_note":"","_monsterinsights_sitenote_category":0,"footnotes":""},"categories":[136],"tags":[43674],"class_list":["post-202431","post","type-post","status-publish","format-standard","has-post-thumbnail","hentry","category-roberto-vizcaino-opinion","tag-opinion"],"_links":{"self":[{"href":"https:\/\/www.diarioimagen.net\/index.php?rest_route=\/wp\/v2\/posts\/202431","targetHints":{"allow":["GET"]}}],"collection":[{"href":"https:\/\/www.diarioimagen.net\/index.php?rest_route=\/wp\/v2\/posts"}],"about":[{"href":"https:\/\/www.diarioimagen.net\/index.php?rest_route=\/wp\/v2\/types\/post"}],"author":[{"embeddable":true,"href":"https:\/\/www.diarioimagen.net\/index.php?rest_route=\/wp\/v2\/users\/1"}],"replies":[{"embeddable":true,"href":"https:\/\/www.diarioimagen.net\/index.php?rest_route=%2Fwp%2Fv2%2Fcomments&post=202431"}],"version-history":[{"count":0,"href":"https:\/\/www.diarioimagen.net\/index.php?rest_route=\/wp\/v2\/posts\/202431\/revisions"}],"wp:featuredmedia":[{"embeddable":true,"href":"https:\/\/www.diarioimagen.net\/index.php?rest_route=\/wp\/v2\/media\/202432"}],"wp:attachment":[{"href":"https:\/\/www.diarioimagen.net\/index.php?rest_route=%2Fwp%2Fv2%2Fmedia&parent=202431"}],"wp:term":[{"taxonomy":"category","embeddable":true,"href":"https:\/\/www.diarioimagen.net\/index.php?rest_route=%2Fwp%2Fv2%2Fcategories&post=202431"},{"taxonomy":"post_tag","embeddable":true,"href":"https:\/\/www.diarioimagen.net\/index.php?rest_route=%2Fwp%2Fv2%2Ftags&post=202431"}],"curies":[{"name":"wp","href":"https:\/\/api.w.org\/{rel}","templated":true}]}}