{"id":202438,"date":"2015-01-08T00:04:29","date_gmt":"2015-01-08T06:04:29","guid":{"rendered":"http:\/\/www.diarioimagen.net\/?p=202438"},"modified":"2015-01-08T07:45:47","modified_gmt":"2015-01-08T13:45:47","slug":"la-barbarie-2","status":"publish","type":"post","link":"https:\/\/www.diarioimagen.net\/?p=202438","title":{"rendered":"La barbarie"},"content":{"rendered":"<h2>Punto por punto<\/h2>\n<h5>Augusto Corro<\/h5>\n<p>&nbsp;<\/p>\n<p>Doce personas perecieron en un acto terrorista contra el semanario sat\u00edrico Charlie Hebdo, en Par\u00eds.<\/p>\n<p>Francia vive \u201cun momento extremadamente dif\u00edcil\u201d dijo el propio presidente Francois Hollande.\u00a0 Entre los muertos se encuentra el director del semanario, St\u00e9phane Charbonnier, alias Charb, y uno de los dibujantes, Jean Cabut.<\/p>\n<p>Dos hombres vestidos de negro con armas de alto poder irrumpieron en la sede de la revista violentamente y asesinaron a dos guardias de seguridad.<\/p>\n<p>Sin embargo, un testigo declar\u00f3 haber visto a tres hombres abandonar el coche en el que se hab\u00edan dado a la fuga.<\/p>\n<p>Seg\u00fan se inform\u00f3, la polic\u00eda identific\u00f3 a dos terroristas, ambos hermanos franco-argelinos, que regresaron a Francia el a\u00f1o pasado.<\/p>\n<p style=\"text-align: center;\"><b>LOS HECHOS\u00a0<\/b><\/p>\n<p>Los terroristas llegaron a las oficinas de\u00a0 cuando se realizaba una reuni\u00f3n de trabajo encabezada por el director, caricaturistas, periodistas y empleados del semanario. Testigos dijeron que luego del ataque, los agresores gritaron: \u201c\u00a1Al\u00e1 es grande!\u201d y \u201c\u00a1Hemos vengado al profeta\u201d.<\/p>\n<p>El hecho ocurri\u00f3 a las once de la ma\u00f1ana hora de Francia. En los \u00faltimos a\u00f1os, los enemigos de la revista realizaron ataques varias veces.\u00a0 El problema se agudiz\u00f3 cuando en 2006, el semanario public\u00f3 caricaturas de Mahoma. En 2011 fue atacado con cocteles molotov, luego de burlarse de dirigentes musulmanes.<\/p>\n<p>En la \u00faltima edici\u00f3n de Charlie Hebdo, la portada va dedicada al libro Sumisi\u00f3n, del escritor Franc\u00e9s Michel Houellebecq. Se trata de una novela que habla de la toma del poder por un partido isl\u00e1mico en Francia. Francia forma parte del grupo de aliados, encabezados por Estados Unidos, que tiene como prop\u00f3sito acabar con el Estado Isl\u00e1mico.<\/p>\n<p>(El Estado Isl\u00e1mico es un grupo insurgente muy violento que se desprendi\u00f3 de Al Qaeda que dirig\u00eda Osama Bin Laden).<\/p>\n<p>Con el terrorismo, como eje de su t\u00e1ctica, se promueven con el asesinato de extranjeros que decapita y luego exhibe en videograbaciones.<\/p>\n<p>Barbarie y fanatismo religioso se mezclaron en Francia para protagonizar un atentado directo contra la libertad de expresi\u00f3n.<\/p>\n<p style=\"text-align: center;\"><b>T\u00c9TRICO<\/b><\/p>\n<p>En Guerrero fueron descubiertas siete fosas clandestinas con 10 cuerpos completos y 11 cabezas de humanos.<\/p>\n<p>El hallazgo se registr\u00f3 en el paraje conocido como El Huizache de la comunidad de Tepehuixco, perteneciente a Chilapa, regi\u00f3n de la Monta\u00f1a Alta de Guerrero.<\/p>\n<p>A ra\u00edz de la desaparici\u00f3n de los 43 normalistas de Ayotzinpa, se inici\u00f3 una b\u00fasqueda en diferentes lugares de la mencionada entidad que gener\u00f3 decenas de tumbas clandestinas con restos humanos.<\/p>\n<p>En esa zona guerrerense luchan por su control los grupos de la delincuencia organizada conocidos como Los Ardillos y Los Rojos. La violencia en el lugar\u00a0 lleg\u00f3 a tal grado, que se cancelaron las actividades nocturnas.\u00a0 En noviembre de 2014 en Chilapa fueron localizados 11 cuerpos decapitados.<\/p>\n<p>Como se ve, Guerrero se utiliz\u00f3 como una fosa clandestina para enterrar a los asesinados y decapitados,\u00a0 tambi\u00e9n a la ley.<\/p>\n<p style=\"text-align: center;\"><b>LA PUGNA\u00a0<\/b><b>POR IZTAPALAPA<\/b><\/p>\n<p>Como se sabe, este 2015 ser\u00e1n electos los nuevos delegados pol\u00edticos en el Distrito Federal, basti\u00f3n del perredismo.<\/p>\n<p>Los jerarcas del Partido de la Revoluci\u00f3n Democr\u00e1tica (PRD) lanzaron la convocatoria para el registro de aspirantes a esos cargos de elecci\u00f3n popular.<\/p>\n<p>Y ya empezaron los pron\u00f3sticos sobre una lucha encarnizada entre los grupos de izquierda por ganar Iztapalapa, la \u201cjoya de la corona\u201d. El PRD tendr\u00e1 que esforzarse al m\u00e1ximo si quiere mantener el poder en esa demarcaci\u00f3n.<\/p>\n<p>Por una sencilla raz\u00f3n.\u00a0 El partido Movimiento de Regeneraci\u00f3n Nacional (Morena) tiene en Iztapalapa una reserva muy importante del electorado.\u00a0 Primero, los perredistas tendr\u00e1n que ponerse de acuerdo para decidir qui\u00e9n los representar\u00e1 en la contienda electoral.<\/p>\n<p>En esa pugna se encuentra Ren\u00e9 Bejarano, cuya candidata podr\u00eda ser Aleida Alavez; y por otra parte, la asamble\u00edsta Dione Anguiano, apoyada por el secretario de Gobierno, H\u00e9ctor Serrano.<\/p>\n<p>El partido Morena postular\u00e1 a la ex delegada Clara Brugada, quien goza de buena imagen en la demarcaci\u00f3n.<\/p>\n<p>La guerra por Iztapalapa ser\u00e1 sin cuartel, porque se encuentran en juego los votos del principal basti\u00f3n de la izquierda, y porque se trata de una delegaci\u00f3n con el presupuesto m\u00e1s alto de la capital del pa\u00eds, que llega a los 3 mil 682 millones 369 mil 148 pesos.<\/p>\n<p>Tambi\u00e9n habr\u00eda que incluir en esa lucha al controvertido ex delegado, Ren\u00e9 Arce, quien podr\u00eda registrarse con el amparo de Nueva Alianza.<\/p>\n<p style=\"text-align: center;\"><b>SE FUE DEL PRD<\/b><\/p>\n<p>El senador Mario Delgado anunci\u00f3 su renuncia al Partido de la Revoluci\u00f3n Democr\u00e1tica (PRD).\u00a0 Al ser entrevistado en una estaci\u00f3n de radio, el legislador dejo entrever que se afiliar\u00e1 al Movimiento de Regeneraci\u00f3n Nacional (Morena).<\/p>\n<p>La pregunta obligada: \u00bfSe inicia la esperada desbandada de perredistas rumbo a Morena?<\/p>\n<p><a href=\"mailto:aco2742@hotmail.com\" target=\"_blank\"><em>aco2742@hotmail.com<\/em><\/a><\/p>\n","protected":false},"excerpt":{"rendered":"<p><span style=\"color: #005497;\"><strong>Augusto Corro<\/strong><\/span><\/p>\n","protected":false},"author":1,"featured_media":0,"comment_status":"open","ping_status":"open","sticky":false,"template":"","format":"standard","meta":{"_monsterinsights_skip_tracking":false,"_monsterinsights_sitenote_active":false,"_monsterinsights_sitenote_note":"","_monsterinsights_sitenote_category":0,"footnotes":""},"categories":[157],"tags":[43674],"class_list":["post-202438","post","type-post","status-publish","format-standard","hentry","category-augusto-corro","tag-opinion"],"_links":{"self":[{"href":"https:\/\/www.diarioimagen.net\/index.php?rest_route=\/wp\/v2\/posts\/202438","targetHints":{"allow":["GET"]}}],"collection":[{"href":"https:\/\/www.diarioimagen.net\/index.php?rest_route=\/wp\/v2\/posts"}],"about":[{"href":"https:\/\/www.diarioimagen.net\/index.php?rest_route=\/wp\/v2\/types\/post"}],"author":[{"embeddable":true,"href":"https:\/\/www.diarioimagen.net\/index.php?rest_route=\/wp\/v2\/users\/1"}],"replies":[{"embeddable":true,"href":"https:\/\/www.diarioimagen.net\/index.php?rest_route=%2Fwp%2Fv2%2Fcomments&post=202438"}],"version-history":[{"count":0,"href":"https:\/\/www.diarioimagen.net\/index.php?rest_route=\/wp\/v2\/posts\/202438\/revisions"}],"wp:attachment":[{"href":"https:\/\/www.diarioimagen.net\/index.php?rest_route=%2Fwp%2Fv2%2Fmedia&parent=202438"}],"wp:term":[{"taxonomy":"category","embeddable":true,"href":"https:\/\/www.diarioimagen.net\/index.php?rest_route=%2Fwp%2Fv2%2Fcategories&post=202438"},{"taxonomy":"post_tag","embeddable":true,"href":"https:\/\/www.diarioimagen.net\/index.php?rest_route=%2Fwp%2Fv2%2Ftags&post=202438"}],"curies":[{"name":"wp","href":"https:\/\/api.w.org\/{rel}","templated":true}]}}