{"id":202856,"date":"2015-01-14T00:04:45","date_gmt":"2015-01-14T06:04:45","guid":{"rendered":"http:\/\/www.diarioimagen.net\/?p=202856"},"modified":"2015-01-14T04:59:18","modified_gmt":"2015-01-14T10:59:18","slug":"lavadero-millonario","status":"publish","type":"post","link":"https:\/\/www.diarioimagen.net\/?p=202856","title":{"rendered":"\u201cLavadero\u201d millonario"},"content":{"rendered":"<h2>Punto por punto<\/h2>\n<h5>Augusto Corro<\/h5>\n<p>&nbsp;<\/p>\n<p>El juez dict\u00f3 auto de formal prisi\u00f3n a Mar\u00eda de los \u00c1ngeles Pineda, esposa del ex alcalde de Iguala, Guerrero, Jos\u00e9 Luis Abarca Vel\u00e1zquez, acusada del delito de \u201clavado\u201d de dinero.<\/p>\n<p>Por otra parte, el ex presidente municipal se encuentra en la c\u00e1rcel, se\u00f1alado como autor intelectual de la desaparici\u00f3n de los 43 normalistas de Ayotzinapa.<\/p>\n<p>Mar\u00eda de los \u00c1ngeles manej\u00f3 17 millones de pesos de manera ilegal para el c\u00e1rtel denominado \u201cGuerreros Unidos\u201d.<\/p>\n<p>Tambi\u00e9n se le acusa de delitos contra la salud y operaciones con recursos de procedencia il\u00edcita. De acuerdo con el juez, la mujer se habr\u00eda adherido a esa organizaci\u00f3n criminal desde 2005. Proteg\u00eda y respaldaba econ\u00f3micamente a los delincuentes.<\/p>\n<p>Siempre se inform\u00f3 que Mar\u00eda de los \u00c1ngeles ten\u00eda v\u00ednculos con el narcotr\u00e1fico en Guerrero.<\/p>\n<p>Sus padres, Salom\u00f3n Pineda Berm\u00fadez y Mar\u00eda Leonor Villa Orto\u00f1o, procrearon cinco hijos: Julio Guadalupe, Alberto, Mario, Mar\u00eda de los \u00c1ngeles y Salom\u00f3n. Toda la familia se relacion\u00f3 con dos c\u00e1rteles en la d\u00e9cada de los a\u00f1os 90 y 2000. Uno encabezado por los hermanos Beltr\u00e1n Leyva y el otro por Joaqu\u00edn \u201cEl Chapo\u201d Guzm\u00e1n.<\/p>\n<p>La familia Pineda Villa operaba en Zihuatanejo, Guerrero y en municipios de Morelos.<\/p>\n<p>Alberto, a quien apodaban \u201cEl Borrado\u201d, y Mario \u201cEl MP\u201d, fueron asesinados y sus cuerpos sin vida localizados en predios cercanos a la Autopista del Sol, en Morelos.<\/p>\n<p>A ra\u00edz de la muerte de Arturo Beltr\u00e1n Leyva, la organizaci\u00f3n criminal se dividi\u00f3 y surgieron las bandas conocidas como \u201cGuerreros Unidos\u201d, \u201cLos Rojos\u201d, \u201cLa Barredora\u201d, el c\u00e1rtel Independiente de Acapulco y el c\u00e1rtel de la Sierra.<\/p>\n<p>Salom\u00f3n, hermano de Mar\u00eda de los \u00c1ngeles, a quien apodan \u201cEl Mol\u00f3n\u201d, se encuentra en la c\u00e1rcel.<\/p>\n<p style=\"text-align: center;\"><strong>\u00bfPOR DIFERENTES RUMBOS?<\/strong><\/p>\n<p>Planteamiento obligado para opinar sobre los caminos pol\u00edticos de Marcelo Ebrard, y su alfil, el senador Mario Delgado Carrillo.<\/p>\n<p>Como se inform\u00f3, el legislador abandon\u00f3 las filas del PRD para militar en el partido Movimiento de Regeneraci\u00f3n Nacional (Morena), cuyo dirigente es Andr\u00e9s Manuel L\u00f3pez Obrador.<\/p>\n<p>Dijo el senador que el cambio de bandera ya lo ten\u00eda pensado desde hace varios meses y que su decisi\u00f3n fue valorada por las condiciones que atraviesa el Partido de la Revoluci\u00f3n Democr\u00e1tica (PRD).<\/p>\n<p>Lo interesante del tema es saber en qu\u00e9 condiciones se encuentran las relaciones entre el legislador Delgado y su ex jefe, Marcelo Ebrard, pues \u00e9ste deseaba dejar al primero como su sucesor en la jefatura pol\u00edtica capitalina.<\/p>\n<p>No lo logr\u00f3 y Delgado se conform\u00f3 con una senadur\u00eda. Eran tiempos en que Ebrard disfrutaba de un importante capital pol\u00edtico, que se desgast\u00f3 poco a poco. Hoy sobrevive en el PRD, que ya sin m\u00e1scaras, se encuentra en manos de \u201cLos Chuchos\u201d.<\/p>\n<p>El papel del ex jefe del gobierno capitalino se debilit\u00f3 y no tiene la fuerza que desplegaba entre los principales l\u00edderes de la c\u00fapula perredista. Su apoyo a la candidatura de \u00c1ngel Aguirre para alcanzar el gobierno guerrerense le pes\u00f3 mucho, luego de la desaparici\u00f3n de los normalistas de Ayotzinapa.<\/p>\n<p>A Ebrard se le reproch\u00f3 la ayuda que brind\u00f3 al ahora ex mandatario guerrerense. Esto propici\u00f3 que el ex dirigente capitalino desapareciera, temporalmente, del escenario pol\u00edtico. Sin embargo, ya dijo que permanecer\u00e1 en el PRD.<\/p>\n<p>\u00bfCu\u00e1nto tiempo? El suficiente para reconocer que a menos que se vayan \u201cLos Chuchos\u201d del PRD, \u00e9l no tendr\u00e1 nada que hacer. Sin juego pol\u00edtico, sus aspiraciones presidenciales no podr\u00edan estancarse. \u00bfSer\u00e1 el senador Delgado la punta de lanza de Ebrard para luego el afiliarse a Morena y continuar sus proyectos?<\/p>\n<p>Cuando de negocios se trata tambi\u00e9n los izquierdistas logran excelentes acuerdos. El PRD dijo que ya tiene las puertas para todos aquellos que pretendan emigrar. Morena se decidi\u00f3 a acepar a los perredistas arrepentidos. \u00bfAlg\u00fan problema? Ninguno.<\/p>\n<p style=\"text-align: center;\"><strong>ORTEGA PRESION\u00d3 A R\u00cdOS PITER<\/strong><\/p>\n<p>El senador Armando R\u00edos Piter asumi\u00f3 una actitud responsable ante el PRD, pues prefiri\u00f3 renunciar a su aspiraci\u00f3n de gobernar Guerrero, para no proteger al ex mandatario estatal, \u00c1ngel Aguirre, quien se encuentra involucrado en la tragedia de Iguala.<\/p>\n<p>El propio legislador dijo que Jes\u00fas Ortega, \u201cEl Chucho\u201d mayor, le pidi\u00f3 pactar con Aguirre como condici\u00f3n para obtener la candidatura a gubernatura de Guerrero.<\/p>\n<p>Dijo tambi\u00e9n que el tal Aguirre tiene un alto poder de decisi\u00f3n en aquella entidad.<\/p>\n<p>\u201cA m\u00ed no me parece que tener un acuerdo con alguien que desde mi punto de vista todav\u00eda es parte del problema y no es la soluci\u00f3n\u201d, agreg\u00f3 el senador.<\/p>\n<p>Por cierto, \u00bfhasta cu\u00e1ndo se ejercitar\u00e1 acci\u00f3n penal contra el ex gobernador? \u00bfQui\u00e9n lo protege realmente?<\/p>\n<p><a href=\"mailto:aco2742@hotmail.com\" target=\"_blank\"><em>aco2742@hotmail.com<\/em><\/a><\/p>\n","protected":false},"excerpt":{"rendered":"<p><span style=\"color: #005497;\"><strong>Augusto Corro<\/strong><\/span><\/p>\n","protected":false},"author":3,"featured_media":0,"comment_status":"open","ping_status":"open","sticky":false,"template":"","format":"standard","meta":{"_monsterinsights_skip_tracking":false,"_monsterinsights_sitenote_active":false,"_monsterinsights_sitenote_note":"","_monsterinsights_sitenote_category":0,"footnotes":""},"categories":[157],"tags":[43686,43674,11515],"class_list":["post-202856","post","type-post","status-publish","format-standard","hentry","category-augusto-corro","tag-augusto-corro","tag-opinion","tag-punto-por-punto"],"_links":{"self":[{"href":"https:\/\/www.diarioimagen.net\/index.php?rest_route=\/wp\/v2\/posts\/202856","targetHints":{"allow":["GET"]}}],"collection":[{"href":"https:\/\/www.diarioimagen.net\/index.php?rest_route=\/wp\/v2\/posts"}],"about":[{"href":"https:\/\/www.diarioimagen.net\/index.php?rest_route=\/wp\/v2\/types\/post"}],"author":[{"embeddable":true,"href":"https:\/\/www.diarioimagen.net\/index.php?rest_route=\/wp\/v2\/users\/3"}],"replies":[{"embeddable":true,"href":"https:\/\/www.diarioimagen.net\/index.php?rest_route=%2Fwp%2Fv2%2Fcomments&post=202856"}],"version-history":[{"count":0,"href":"https:\/\/www.diarioimagen.net\/index.php?rest_route=\/wp\/v2\/posts\/202856\/revisions"}],"wp:attachment":[{"href":"https:\/\/www.diarioimagen.net\/index.php?rest_route=%2Fwp%2Fv2%2Fmedia&parent=202856"}],"wp:term":[{"taxonomy":"category","embeddable":true,"href":"https:\/\/www.diarioimagen.net\/index.php?rest_route=%2Fwp%2Fv2%2Fcategories&post=202856"},{"taxonomy":"post_tag","embeddable":true,"href":"https:\/\/www.diarioimagen.net\/index.php?rest_route=%2Fwp%2Fv2%2Ftags&post=202856"}],"curies":[{"name":"wp","href":"https:\/\/api.w.org\/{rel}","templated":true}]}}