{"id":202860,"date":"2015-01-14T00:05:11","date_gmt":"2015-01-14T06:05:11","guid":{"rendered":"http:\/\/www.diarioimagen.net\/?p=202860"},"modified":"2015-01-14T04:59:23","modified_gmt":"2015-01-14T10:59:23","slug":"los-del-pri","status":"publish","type":"post","link":"https:\/\/www.diarioimagen.net\/?p=202860","title":{"rendered":"Los del PRI"},"content":{"rendered":"<h2>De frente y de perfil<\/h2>\n<h5>Ram\u00f3n Zurita Sahag\u00fan<\/h5>\n<p>&nbsp;<\/p>\n<p>Tocamos en d\u00edas pasados el tema de los esc\u00e1ndalos producidos por militantes, dirigentes y autoridades surgidos del PRD y del PAN, respectivamente.<\/p>\n<p>Se\u00f1alamos que esto podr\u00eda provocar alejamiento de las urnas de los ciudadanos o un voto de castigo en contra de esos organismos pol\u00edticos.<\/p>\n<p>Sin embargo, el PRI, ubicado como el partido gobernante a nivel federal, no se encuentra alejado de ese tema, ya que algunas de sus autoridades, como sucede con el PRD, se les vincula con la delincuencia. Claro que en el caso de los tricolores podr\u00e1n argumentar que esos personajes, la mayor\u00eda de ellos, se encuentran recluidos en prisi\u00f3n, aunque tambi\u00e9n los hay que se encuentran pr\u00f3fugos de la justicia.<\/p>\n<p>El ejemplo es el ex gobernador de Tabasco, Andr\u00e9s R. Granier Melo, acusado de diversos delitos, entre los que se le adjudican la desaparici\u00f3n de m\u00e1s de 2 mil millones de pesos del erario estatal, adem\u00e1s de evasi\u00f3n fiscal y \u201clavado\u201d de dinero, entre otros.<\/p>\n<p>La factura de Granier Melo con el pueblo de Tabasco fue cobrada en parte por los electores, otorg\u00e1ndole un rev\u00e9s al entonces candidato del tricolor al gobierno estatal, Jes\u00fas Al\u00ed de la Torre y a los dem\u00e1s candidatos al Congreso federal en 2012, aunque quedan resabios todav\u00eda, ya que entonces todav\u00eda gobernaba el mencionado Granier Melo.<\/p>\n<p>Jes\u00fas Reyna Garc\u00eda, ex gobernador interino de Michoac\u00e1n, tambi\u00e9n se encuentra detenido, acusado de delincuencia organizada, por supuestos nexos con los \u201cCaballeros Templarios\u201d.<\/p>\n<p>Otros pri\u00edstas michoacanos de menor jerarqu\u00eda tambi\u00e9n se encuentran detenidos, entre ellos el hijo (Rodrigo Vallejo Mora) de quien entonces gobernaba, Fausto Vallejo Figueroa.<\/p>\n<p>Dos ex gobernadores son todav\u00eda se\u00f1alados como parte de los esc\u00e1ndalos recientes que pueden afectar al PRI en las urnas. Uno, Tom\u00e1s Yarrington Ruvalcaba, ex gobernador de Tamaulipas, considerado pr\u00f3fugo de la justicia y acusado de diversos delitos.<\/p>\n<p>Contra Yarrington las acusaciones provienen de testigos protegidos. Humberto Moreira Vald\u00e9s, ex gobernador de Coahuila, se mantiene con bajo perfil, aunque varios de los que fueron sus colaboradores durante su administraci\u00f3n han sido requeridos por la justicia, por el desv\u00edo de recursos.<\/p>\n<p>Pero los esc\u00e1ndalos en torno a militantes pri\u00edstas abarca m\u00e1s all\u00e1 de algunos gobernantes.<\/p>\n<p>Veracruz dej\u00f3 recuerdos entre los electores por la forma en que se pretend\u00eda operar las campa\u00f1as electorales, condicionando los programas de asistencia social, aunque solamente qued\u00f3 en el intento.<\/p>\n<p>Algunos representantes del Congreso tambi\u00e9n contribuyen a los esc\u00e1ndalos que podr\u00edan perjudicar al tricolor.<\/p>\n<p>El senador Carlos Romero Deschamps es se\u00f1alado por los lujos que acostumbra su familia, ya que su hija e hijo son propensos al lucimiento de sus excesos.<\/p>\n<p>Recientemente, el dos veces diputado federal Heliodoro D\u00edaz y su hijo del mismo nombre protagonizaron otro de esos excesos que llegan hasta al alma a los electores.<\/p>\n<p>El diputado federal public\u00f3 una foto en redes sociales, fanfarroneando el auto (Porsche) que hab\u00eda regalado a su hijo y aunque luego dijo que se trataba de una broma, fueron obligados a renunciar a sus cargos dentro de la administraci\u00f3n p\u00fablica.<\/p>\n<p>Sin embargo, la renuncia del ex diputado federal ya estaba calculada, pues ahora quiere ser candidato a diputado federal nuevamente.<\/p>\n<p>Cuauht\u00e9moc Guti\u00e9rrez de la Torre fue relevado de la dirigencia del PRI en el Distrito Federal, luego de que se le vincul\u00f3 con una presunta red de sexoservicio.<\/p>\n<p>El tema se sigue debatiendo en tribunales, aunque el propio Cuauht\u00e9moc espera que le sea compensado su sacrifico con una candidatura a un cargo de elecci\u00f3n popular.<\/p>\n<p>C\u00e9sar Duarte J\u00e1quez, gobernador de Chihuahua, ha sido se\u00f1alado por enriquecimiento il\u00edcito y m\u00e1s recientemente por su participaci\u00f3n en la creaci\u00f3n del banco Uni\u00f3n Progreso de Chihuahua, del que, se afirma, posee el 15 por ciento de las acciones.<\/p>\n<p>La denuncia para investigar a C\u00e9sar Horacio Duarte fue presentada en el Congreso de la Uni\u00f3n, aunque no procedi\u00f3.<\/p>\n<p>En Jalisco y Nuevo Le\u00f3n, son insistentes las voces que se\u00f1alan actos de corrupci\u00f3n producidos por los padres de los gobernadores Jorge Arist\u00f3teles Sandoval y Rodrigo Medina de la Cruz, respectivamente.<\/p>\n<p>Pero si los pri\u00edstas cargan con sus culpas, tambi\u00e9n se les endilgan las del Partido Verde, su socio en cada uno de los procesos electorales federales en que participan y en la mayor parte de los locales, que arrastran sus propios excesos.<\/p>\n<p>Los panistas, perredistas, tricolores y la mayor parte de los partidos participantes en los comicios del 7 de junio, tendr\u00e1n que luchar contra esa sombra que le provoca desconfianza al elector y mostrar que ahora sus propuestas ser\u00e1n las adecuadas, alejadas de todo probable acto de corrupci\u00f3n, colusi\u00f3n o protecci\u00f3n de eventos al margen de la ley.<\/p>\n<p style=\"text-align: center;\"><strong>LA PRIMERA<\/strong><\/p>\n<p>Fue mujer la primera selecci\u00f3n realizada por el PRI, como candidata a un gobierno estatal.<\/p>\n<p>La senadora Ivonne \u00c1lvarez result\u00f3 como candidata al gobierno de Nuevo Le\u00f3n, por lo que se prev\u00e9 que la disputa en ese estado ser\u00e1 entre dos mujeres, la pri\u00edsta mencionada y la panista Margarita Arellanes Cervantes, quien de acuerdo a los sondeos en el padr\u00f3n de su partido, rebasa a quienes les disputan la candidatura en forma interna.<\/p>\n<p>Ser\u00e1 un proceso electoral interesante que se habr\u00e1 de seguir de cerca.<\/p>\n<p><em><a href=\"mailto:ramonzurita44@hotmail.com\" target=\"_blank\">ramonzurita44@hotmail.com<\/a><\/em><br \/>\n<a href=\"mailto:%20zurita_sahagun@hotmail.com\" target=\"_blank\"><em>zurita_sahagun@hotmail.com<\/em><\/a><\/p>\n","protected":false},"excerpt":{"rendered":"<p><span style=\"color: #005497;\"><strong>Ram\u00f3n Zurita Sahag\u00fan<\/strong><\/span><\/p>\n","protected":false},"author":3,"featured_media":0,"comment_status":"open","ping_status":"open","sticky":false,"template":"","format":"standard","meta":{"_monsterinsights_skip_tracking":false,"_monsterinsights_sitenote_active":false,"_monsterinsights_sitenote_note":"","_monsterinsights_sitenote_category":0,"footnotes":""},"categories":[234],"tags":[304,43674,43687],"class_list":["post-202860","post","type-post","status-publish","format-standard","hentry","category-ramon-zurita-sahagun","tag-de-frente-y-de-perfil","tag-opinion","tag-ramon-zurita-sahagun"],"_links":{"self":[{"href":"https:\/\/www.diarioimagen.net\/index.php?rest_route=\/wp\/v2\/posts\/202860","targetHints":{"allow":["GET"]}}],"collection":[{"href":"https:\/\/www.diarioimagen.net\/index.php?rest_route=\/wp\/v2\/posts"}],"about":[{"href":"https:\/\/www.diarioimagen.net\/index.php?rest_route=\/wp\/v2\/types\/post"}],"author":[{"embeddable":true,"href":"https:\/\/www.diarioimagen.net\/index.php?rest_route=\/wp\/v2\/users\/3"}],"replies":[{"embeddable":true,"href":"https:\/\/www.diarioimagen.net\/index.php?rest_route=%2Fwp%2Fv2%2Fcomments&post=202860"}],"version-history":[{"count":0,"href":"https:\/\/www.diarioimagen.net\/index.php?rest_route=\/wp\/v2\/posts\/202860\/revisions"}],"wp:attachment":[{"href":"https:\/\/www.diarioimagen.net\/index.php?rest_route=%2Fwp%2Fv2%2Fmedia&parent=202860"}],"wp:term":[{"taxonomy":"category","embeddable":true,"href":"https:\/\/www.diarioimagen.net\/index.php?rest_route=%2Fwp%2Fv2%2Fcategories&post=202860"},{"taxonomy":"post_tag","embeddable":true,"href":"https:\/\/www.diarioimagen.net\/index.php?rest_route=%2Fwp%2Fv2%2Ftags&post=202860"}],"curies":[{"name":"wp","href":"https:\/\/api.w.org\/{rel}","templated":true}]}}