{"id":203011,"date":"2015-01-15T00:09:01","date_gmt":"2015-01-15T06:09:01","guid":{"rendered":"http:\/\/www.diarioimagen.net\/?p=203011"},"modified":"2015-01-15T05:20:42","modified_gmt":"2015-01-15T11:20:42","slug":"mancera-firma-acuerdo-anticorrupcion-con-la-oea","status":"publish","type":"post","link":"https:\/\/www.diarioimagen.net\/?p=203011","title":{"rendered":"Mancera firma acuerdo anticorrupci\u00f3n con la OEA"},"content":{"rendered":"<ul>\n<li><strong><em>El organismo brindar\u00e1 asesor\u00eda<\/em><\/strong><\/li>\n<\/ul>\n<div id=\"attachment_203115\" style=\"width: 250px\" class=\"wp-caption alignleft\"><a href=\"http:\/\/www.diarioimagen.net\/?attachment_id=203115\" rel=\"attachment wp-att-203115\"><img loading=\"lazy\" decoding=\"async\" aria-describedby=\"caption-attachment-203115\" class=\"size-medium wp-image-203115\" src=\"http:\/\/www.diarioimagen.net\/wp-content\/uploads\/2015\/01\/mancera-2528-240x135.jpg\" alt=\"El jefe de gobierno del Distrito Federal, Miguel \u00c1ngel Mancera, y el secretario general de la OEA, Jos\u00e9 Miguel Insulza, en la firma del convenio.\" width=\"240\" height=\"135\" srcset=\"https:\/\/www.diarioimagen.net\/wp-content\/uploads\/2015\/01\/mancera-2528-240x135.jpg 240w, https:\/\/www.diarioimagen.net\/wp-content\/uploads\/2015\/01\/mancera-2528-420x236.jpg 420w, https:\/\/www.diarioimagen.net\/wp-content\/uploads\/2015\/01\/mancera-2528.jpg 480w, https:\/\/www.diarioimagen.net\/wp-content\/uploads\/2015\/01\/mancera-2528-235x132.jpg 235w, https:\/\/www.diarioimagen.net\/wp-content\/uploads\/2015\/01\/mancera-2528-202x114.jpg 202w, https:\/\/www.diarioimagen.net\/wp-content\/uploads\/2015\/01\/mancera-2528-350x196.jpg 350w, https:\/\/www.diarioimagen.net\/wp-content\/uploads\/2015\/01\/mancera-2528-220x123.jpg 220w, https:\/\/www.diarioimagen.net\/wp-content\/uploads\/2015\/01\/mancera-2528-237x132.jpg 237w\" sizes=\"auto, (max-width: 240px) 100vw, 240px\" \/><\/a><p id=\"caption-attachment-203115\" class=\"wp-caption-text\">El jefe de gobierno del Distrito Federal, Miguel \u00c1ngel Mancera, y el secretario general de la OEA, Jos\u00e9 Miguel Insulza, en la firma del convenio.<\/p><\/div>\n<p>El gobierno de la ciudad de M\u00e9xico y la OEA firmaron ayer en Washington un acuerdo marco de cooperaci\u00f3n mediante el cual el organismo hemisf\u00e9rico brindar\u00e1 asesor\u00eda en materia de combate a la corrupci\u00f3n, gobierno transparente y derechos humanos.<\/p>\n<p>El jefe de gobierno del Distrito Federal, Miguel \u00c1ngel Mancera, dijo que el acuerdo significa una acci\u00f3n de enorme valor para el trabajo del gobierno capitalino, que resultar\u00e1 en beneficios tangibles en el corto plazo para sus nueve millones de habitantes.<\/p>\n<p>\u201cLa firma de este acuerdo con la OEA viene a refrendar un compromiso del gobierno de la ciudad: avanzar contra flagelos permanentes de amenaza a la ciudad como la corrupci\u00f3n, las pr\u00e1cticas contra la transparencia y la afectaci\u00f3n de los derechos humanos\u201d.<\/p>\n<p>Al hablar al t\u00e9rmino de la firma del acuerdo en la sede la OEA en Washington, Mancera dijo que con el instrumento, su gobierno marca una l\u00ednea de acci\u00f3n con la que se busca que los niveles de trabajo y gesti\u00f3n p\u00fablica de la urbe se equiparen a est\u00e1ndares internacionales.<\/p>\n<p>Explic\u00f3 que con la firma del acuerdo su gobierno busca ampliar la cooperaci\u00f3n internacional \u201chacia las buenas pr\u00e1cticas, hacia lo que hoy est\u00e1 mostrando que la pol\u00edtica p\u00fablica puede dar un avance sustancial\u201d.<\/p>\n<p>En su turno, el secretario general de la Organizaci\u00f3n de Estados Americanos (OEA), Jos\u00e9 Miguel Insulza, destac\u00f3 el trabajo que el organismo realiza en M\u00e9xico en materia de combate a la corrupci\u00f3n a trav\u00e9s del Departamento de Cooperaci\u00f3n Jur\u00eddica de su Secretaria General.<\/p>\n","protected":false},"excerpt":{"rendered":"<p>El gobierno de la ciudad de M\u00e9xico y la OEA firmaron ayer en Washington un acuerdo marco de cooperaci\u00f3n mediante el cual el organismo hemisf\u00e9rico brindar\u00e1 asesor\u00eda en materia de combate a la corrupci\u00f3n, gobierno transparente y derechos humanos.<\/p>\n","protected":false},"author":3,"featured_media":203115,"comment_status":"open","ping_status":"open","sticky":false,"template":"","format":"standard","meta":{"_monsterinsights_skip_tracking":false,"_monsterinsights_sitenote_active":false,"_monsterinsights_sitenote_note":"","_monsterinsights_sitenote_category":0,"footnotes":""},"categories":[6],"tags":[204,5314,6181],"class_list":["post-203011","post","type-post","status-publish","format-standard","has-post-thumbnail","hentry","category-cd-de-mexico","tag-ciudad-de-mexico","tag-miguel-angel-mancera-espinosa","tag-oea"],"_links":{"self":[{"href":"https:\/\/www.diarioimagen.net\/index.php?rest_route=\/wp\/v2\/posts\/203011","targetHints":{"allow":["GET"]}}],"collection":[{"href":"https:\/\/www.diarioimagen.net\/index.php?rest_route=\/wp\/v2\/posts"}],"about":[{"href":"https:\/\/www.diarioimagen.net\/index.php?rest_route=\/wp\/v2\/types\/post"}],"author":[{"embeddable":true,"href":"https:\/\/www.diarioimagen.net\/index.php?rest_route=\/wp\/v2\/users\/3"}],"replies":[{"embeddable":true,"href":"https:\/\/www.diarioimagen.net\/index.php?rest_route=%2Fwp%2Fv2%2Fcomments&post=203011"}],"version-history":[{"count":0,"href":"https:\/\/www.diarioimagen.net\/index.php?rest_route=\/wp\/v2\/posts\/203011\/revisions"}],"wp:featuredmedia":[{"embeddable":true,"href":"https:\/\/www.diarioimagen.net\/index.php?rest_route=\/wp\/v2\/media\/203115"}],"wp:attachment":[{"href":"https:\/\/www.diarioimagen.net\/index.php?rest_route=%2Fwp%2Fv2%2Fmedia&parent=203011"}],"wp:term":[{"taxonomy":"category","embeddable":true,"href":"https:\/\/www.diarioimagen.net\/index.php?rest_route=%2Fwp%2Fv2%2Fcategories&post=203011"},{"taxonomy":"post_tag","embeddable":true,"href":"https:\/\/www.diarioimagen.net\/index.php?rest_route=%2Fwp%2Fv2%2Ftags&post=203011"}],"curies":[{"name":"wp","href":"https:\/\/api.w.org\/{rel}","templated":true}]}}