{"id":203194,"date":"2015-01-16T00:05:19","date_gmt":"2015-01-16T06:05:19","guid":{"rendered":"http:\/\/www.diarioimagen.net\/?p=203194"},"modified":"2015-01-16T05:26:11","modified_gmt":"2015-01-16T11:26:11","slug":"primer-filtro-electoral","status":"publish","type":"post","link":"https:\/\/www.diarioimagen.net\/?p=203194","title":{"rendered":"Primer filtro electoral"},"content":{"rendered":"<h2>De frente y de perfil<\/h2>\n<h5>Ram\u00f3n Zurita Sahag\u00fan<\/h5>\n<p>&nbsp;<\/p>\n<p>La cercan\u00eda de un proceso electoral provoca grandes ilusiones en unos y decepciones en otros.<\/p>\n<p>Cada tres a\u00f1os, para unos y seis para otros se produce el encanto o desencanto de los aspirantes a un cargo de elecci\u00f3n popular, los m\u00e1s de ellos sumamente ambicionados.<\/p>\n<p>La etapa de los registros es fundamental para aquellos que mantienen viva la ilusi\u00f3n de ser postulados por alguno de los diez partidos que, en esta ocasi\u00f3n, ser\u00e1n votados.<\/p>\n<p>Se trata del proceso de filtro que lleva a la definici\u00f3n de los abanderados de cada uno de los partidos, donde se amarran las candidaturas y son eliminados un buen grupo de aspirantes. Por eso, la emoci\u00f3n se mantiene durante algunos d\u00edas m\u00e1s, en que muchos ilusionados se mantienen con la idea e abanderar a sus respectivos partidos.<\/p>\n<p>Pero en todo el pre\u00e1mbulo se mantienen expectativas y se despejan algunas inc\u00f3gnitas, varias de ellas sorpresivas, otras no tanto.<\/p>\n<p>La principal, por ahora, es la negativa del senador perredista Armando R\u00edos Piter para disputar la candidatura de ese partido al gobierno de Guerrero, donde todos daban por hecho que se encontraba amarrado. R\u00edos Piter argument\u00f3 que no hay condiciones para ello y se baj\u00f3 de la contienda, ya que no ve intenciones serias de cambiar las cosas en esa entidad.<\/p>\n<p>Con esa decisi\u00f3n, el senador perredista provoca una carambola de varias bandas y desmiente las versiones que afirmaban que el gobierno de Guerrero ya estaba negociado con \u00e9l y que de esa forma se cubr\u00eda la deuda existente del gobierno federal por su apoyo a las reformas constitucionales presentadas en la C\u00e1mara alta.<\/p>\n<p>Incluso, en algunos espacios se difundi\u00f3 la versi\u00f3n de que R\u00edos Piter ser\u00eda el candidato de una eventual alianza entre el partido de izquierda y el partido gobernante a nivel federal. Esa misma especie se filtr\u00f3 en torno a Michoac\u00e1n, donde el favorecido ser\u00eda el todav\u00eda presidente de la C\u00e1mara de Diputados y aspirante perredista al gobierno de esa entidad, Silvano Aureoles Conejo.<\/p>\n<p>De igual forma, que lo que se mencionaba en torno a R\u00edos Piter se divulgaba sobre la figura de Aureoles Conejo, considerando que Michoac\u00e1n enfrenta problemas similares a los de Guerrero.<\/p>\n<p>Coordinador de la bancada perredista en la C\u00e1mara baja, Silvano ha manifestado desde siempre su aspiraci\u00f3n por competir nuevamente como candidato al gobierno de Michoac\u00e1n, donde hace cuatro a\u00f1os fue vencido y enviado hasta el tercer lugar de las preferencia electorales.<\/p>\n<p>Tambi\u00e9n se esparci\u00f3 la versi\u00f3n de que los pri\u00edstas ir\u00edan en candidatura conjunta o se abstendr\u00edan de nominar a candidato alguno, para respaldar al perredista y de esa forma cumplir con un compromiso establecido dentro del Pacto por M\u00e9xico, del que Silvano, entre otros, fue un entusiasta apoyador.<\/p>\n<p>Aqu\u00ed habr\u00e1 que esperar un rato todav\u00eda para ver qu\u00e9 sucede en torno a ese rumor desatado con demasiada anticipaci\u00f3n. En torno a Margarita Zavala se mencionaban muchas cosas, entre ellas, la de que no ser\u00eda capaz de desafiar la fuerza de sus adversarios internos que la bajar\u00edan de esa posibilidad y que prefer\u00eda esperar un tiempo prudente para disputar la presidencia del partido un a\u00f1o m\u00e1s tarde. No sucedi\u00f3 as\u00ed.<\/p>\n<p>Los que decidieron salir a mostrar que son capaces de todo, son los perredistas titulares de las delegaciones pol\u00edticas del Distrito Federal, que est\u00e1n \u00e1vidos de continuar detentando el poder p\u00fablico, mediante los cargos de elecci\u00f3n popular.<\/p>\n<p>Ellos no hacen caso de las encuestas que establecen la baja de su partido en las preferencias electorales y el crecimiento del nuevo partido de izquierda (Morena), cuando menos en la capital del pa\u00eds.<\/p>\n<p>Son en total 280 militantes perredistas los que buscan alcanzar alguno de los 56 cargos en disputa que se distribuyen entre 16 delegaciones pol\u00edticas y 40 candidaturas a la Asamblea Legislativa del Distrito Federal. Claro que casi la totalidad de ellos ya han sido o son diputados locales, federales e incluso jefes delegacionales.<\/p>\n<p>Claro que destacan los \u201cchapulines\u201d que buscan saltar de la C\u00e1mara de Diputados a la ALDF o a una delegaci\u00f3n, as\u00ed como los delegados que pretenden regresar a la Asamblea Legislativa de la que salieron para encabezar las delegaciones a las que ahora solicitaron licencia.<\/p>\n<p>Otros partidos pretenden divulgar la idea de que llevar\u00e1n como candidatos al Congreso federal a una serie de nombres que pasan desde pol\u00edticos, intelectuales o personas provenientes del medio art\u00edstico en general.<\/p>\n<p style=\"text-align: center;\"><strong>LA CA\u00cdDA DE ANA MARTHA<\/strong><\/p>\n<p>Ana Martha Escalante Castillo estaba considerada como una de las m\u00e1s serias aspirantes a la candidatura pri\u00edsta al gobierno de Campeche, hasta que un grueso expediente fue llevado al sitio donde se toman las decisiones pol\u00edticas.<\/p>\n<p>En \u00e9l se recordaban los nexos de la familia Escalante con el panismo y con la familia Mouri\u00f1o, especialmente con Juan Camilo, de quien Ana Martha fue cu\u00f1ada y los beneficios obtenidos en los 12 a\u00f1os de gobierno panista.<\/p>\n<p>De esa forma, los bonos de la alcaldesa de Campeche se desmoronaron y resurgieron los de otros de los aspirantes que mantienen los nervios de punta ante la inmediatez de la decisi\u00f3n del partido tricolor.<\/p>\n<p><em><a href=\"mailto:ramonzurita44@hotmail.com\" target=\"_blank\">ramonzurita44@hotmail.com<\/a><\/em><br \/>\n<a href=\"mailto:%20zurita_sahagun@hotmail.com\" target=\"_blank\"><em>zurita_sahagun@hotmail.com<\/em><\/a><\/p>\n","protected":false},"excerpt":{"rendered":"<p><span style=\"color: #005497;\"><strong>Ram\u00f3n Zurita Sahag\u00fan<\/strong><\/span><\/p>\n","protected":false},"author":3,"featured_media":0,"comment_status":"open","ping_status":"open","sticky":false,"template":"","format":"standard","meta":{"_monsterinsights_skip_tracking":false,"_monsterinsights_sitenote_active":false,"_monsterinsights_sitenote_note":"","_monsterinsights_sitenote_category":0,"footnotes":""},"categories":[234],"tags":[304,43674,43687],"class_list":["post-203194","post","type-post","status-publish","format-standard","hentry","category-ramon-zurita-sahagun","tag-de-frente-y-de-perfil","tag-opinion","tag-ramon-zurita-sahagun"],"_links":{"self":[{"href":"https:\/\/www.diarioimagen.net\/index.php?rest_route=\/wp\/v2\/posts\/203194","targetHints":{"allow":["GET"]}}],"collection":[{"href":"https:\/\/www.diarioimagen.net\/index.php?rest_route=\/wp\/v2\/posts"}],"about":[{"href":"https:\/\/www.diarioimagen.net\/index.php?rest_route=\/wp\/v2\/types\/post"}],"author":[{"embeddable":true,"href":"https:\/\/www.diarioimagen.net\/index.php?rest_route=\/wp\/v2\/users\/3"}],"replies":[{"embeddable":true,"href":"https:\/\/www.diarioimagen.net\/index.php?rest_route=%2Fwp%2Fv2%2Fcomments&post=203194"}],"version-history":[{"count":0,"href":"https:\/\/www.diarioimagen.net\/index.php?rest_route=\/wp\/v2\/posts\/203194\/revisions"}],"wp:attachment":[{"href":"https:\/\/www.diarioimagen.net\/index.php?rest_route=%2Fwp%2Fv2%2Fmedia&parent=203194"}],"wp:term":[{"taxonomy":"category","embeddable":true,"href":"https:\/\/www.diarioimagen.net\/index.php?rest_route=%2Fwp%2Fv2%2Fcategories&post=203194"},{"taxonomy":"post_tag","embeddable":true,"href":"https:\/\/www.diarioimagen.net\/index.php?rest_route=%2Fwp%2Fv2%2Ftags&post=203194"}],"curies":[{"name":"wp","href":"https:\/\/api.w.org\/{rel}","templated":true}]}}