{"id":203297,"date":"2015-01-16T16:30:27","date_gmt":"2015-01-16T22:30:27","guid":{"rendered":"http:\/\/www.diarioimagen.net\/?p=203297"},"modified":"2015-01-19T04:48:13","modified_gmt":"2015-01-19T10:48:13","slug":"caro-quintero-declarado-como-responsable-de-secuestro-y-homicidio","status":"publish","type":"post","link":"https:\/\/www.diarioimagen.net\/?p=203297","title":{"rendered":"Caro Quintero, declarado como responsable de secuestro y homicidio"},"content":{"rendered":"<div id=\"attachment_170131\" style=\"width: 250px\" class=\"wp-caption alignleft\"><a href=\"http:\/\/www.diarioimagen.net\/?attachment_id=170131\" rel=\"attachment wp-att-170131\"><img loading=\"lazy\" decoding=\"async\" aria-describedby=\"caption-attachment-170131\" class=\"wp-image-170131 size-medium\" src=\"http:\/\/www.diarioimagen.net\/wp-content\/uploads\/2014\/04\/caro-portal-240x135.jpg\" alt=\"La oficina dedicada al control de bienes extranjeros de EU detect\u00f3 inmobiliarias de Rafael Caro Quintero.\" width=\"240\" height=\"135\" srcset=\"https:\/\/www.diarioimagen.net\/wp-content\/uploads\/2014\/04\/caro-portal-240x135.jpg 240w, https:\/\/www.diarioimagen.net\/wp-content\/uploads\/2014\/04\/caro-portal-420x236.jpg 420w, https:\/\/www.diarioimagen.net\/wp-content\/uploads\/2014\/04\/caro-portal-235x132.jpg 235w, https:\/\/www.diarioimagen.net\/wp-content\/uploads\/2014\/04\/caro-portal-202x114.jpg 202w, https:\/\/www.diarioimagen.net\/wp-content\/uploads\/2014\/04\/caro-portal-350x196.jpg 350w, https:\/\/www.diarioimagen.net\/wp-content\/uploads\/2014\/04\/caro-portal-220x123.jpg 220w, https:\/\/www.diarioimagen.net\/wp-content\/uploads\/2014\/04\/caro-portal-237x132.jpg 237w, https:\/\/www.diarioimagen.net\/wp-content\/uploads\/2014\/04\/caro-portal.jpg 480w\" sizes=\"auto, (max-width: 240px) 100vw, 240px\" \/><\/a><p id=\"caption-attachment-170131\" class=\"wp-caption-text\">Rafael Caro Quintero.<\/p><\/div>\n<p>El Primer Tribunal Colegiado en Materia Penal del Tercer Circuito declar\u00f3 a Rafael Caro Quintero penalmente responsable de los delitos de privaci\u00f3n ilegal de la libertad, en la modalidad de secuestro y de homicidio calificado.<\/p>\n<p>Lo anterior en agravio de Enrique Camarena Salazar y de Alfredo Zavala Avelar, dentro del proceso penal 82\/85, del Juzgado Cuarto de Distrito en Materia Penal en el Estado de Jalisco.<\/p>\n<p>Dicho \u00f3rgano resolvi\u00f3 lo anterior en cumplimiento de la resoluci\u00f3n de la Primera Sala de la Suprema Corte, en el amparo directo 2913\/2013, en la que revoc\u00f3 la sentencia emitida por el pleno de dicho Tribunal Colegiado, el 7 de agosto del a\u00f1o 2013.<\/p>\n<p>Tambi\u00e9n se determin\u00f3 individualizar las penas correspondientes, de conformidad con los lineamientos establecidos en la parte relativa de la propia ejecutoria, y en su caso, ordenar su reaprehensi\u00f3n.<\/p>\n<p>En la nueva sentencia dictada este viernes, se resolvi\u00f3 dejar sin efectos la sentencia dictada en el presente juicio de amparo directo n\u00famero 180\/2011, el d\u00eda 7 de agosto de 2013, por el Pleno de este Tribunal Colegiado.<\/p>\n<p>Tambi\u00e9n se reiteraron las partes de esa ejecutoria que no fueron materia del amparo directo en revisi\u00f3n n\u00famero 2913\/2013, y que por indicaci\u00f3n de la Corte deben reiterarse, por las que se concede la protecci\u00f3n constitucional solicitada por Caro Quintero.<\/p>\n<p>Ello para que el Tribunal Unitario responsable dejara intocado lo relativo a las absoluciones que decret\u00f3, en favor de Caro Quintero, de quien se ignora su paradero, de la acusaci\u00f3n en su contra por los delitos ya se\u00f1alados.<\/p>\n<p>Tambi\u00e9n se decreta el sobreseimiento en el proceso, por el homicidio calificado en agravio de dos personas, as\u00ed como por la privaci\u00f3n ilegal de la libertad de campesinos que laboraban en los ranchos \u201cEl B\u00fafalo\u201d, \u201cLos Juncos\u201d y \u201cMontesco\u201d en el estado de Chihuahua.<\/p>\n<p>De igual manera, se declar\u00f3 el sobreseimiento en el proceso, por el delito contra la salud, en las modalidades de siembra, cultivo, cosecha y posesi\u00f3n de mariguana, con la finalidad de tr\u00e1fico, cometido en ranchos de los municipios de Coyame y Julimes, Chihuahua.<\/p>\n","protected":false},"excerpt":{"rendered":"<p>El Primer Tribunal Colegiado en Materia Penal del Tercer Circuito declar\u00f3 a Rafael Caro Quintero penalmente responsable de los delitos de privaci\u00f3n ilegal de la libertad, en la modalidad de secuestro y de homicidio calificado. Lo anterior en agravio de Enrique Camarena Salazar y de Alfredo Zavala Avelar, dentro del proceso penal 82\/85, del Juzgado Cuarto de Distrito en Materia Penal en el Estado de Jalisco.<\/p>\n","protected":false},"author":1,"featured_media":170131,"comment_status":"open","ping_status":"open","sticky":false,"template":"","format":"standard","meta":{"_monsterinsights_skip_tracking":false,"_monsterinsights_sitenote_active":false,"_monsterinsights_sitenote_note":"","_monsterinsights_sitenote_category":0,"footnotes":""},"categories":[7],"tags":[43673,27877],"class_list":["post-203297","post","type-post","status-publish","format-standard","has-post-thumbnail","hentry","category-seguridad","tag-nacional","tag-rafael-caro-quintero"],"_links":{"self":[{"href":"https:\/\/www.diarioimagen.net\/index.php?rest_route=\/wp\/v2\/posts\/203297","targetHints":{"allow":["GET"]}}],"collection":[{"href":"https:\/\/www.diarioimagen.net\/index.php?rest_route=\/wp\/v2\/posts"}],"about":[{"href":"https:\/\/www.diarioimagen.net\/index.php?rest_route=\/wp\/v2\/types\/post"}],"author":[{"embeddable":true,"href":"https:\/\/www.diarioimagen.net\/index.php?rest_route=\/wp\/v2\/users\/1"}],"replies":[{"embeddable":true,"href":"https:\/\/www.diarioimagen.net\/index.php?rest_route=%2Fwp%2Fv2%2Fcomments&post=203297"}],"version-history":[{"count":0,"href":"https:\/\/www.diarioimagen.net\/index.php?rest_route=\/wp\/v2\/posts\/203297\/revisions"}],"wp:featuredmedia":[{"embeddable":true,"href":"https:\/\/www.diarioimagen.net\/index.php?rest_route=\/wp\/v2\/media\/170131"}],"wp:attachment":[{"href":"https:\/\/www.diarioimagen.net\/index.php?rest_route=%2Fwp%2Fv2%2Fmedia&parent=203297"}],"wp:term":[{"taxonomy":"category","embeddable":true,"href":"https:\/\/www.diarioimagen.net\/index.php?rest_route=%2Fwp%2Fv2%2Fcategories&post=203297"},{"taxonomy":"post_tag","embeddable":true,"href":"https:\/\/www.diarioimagen.net\/index.php?rest_route=%2Fwp%2Fv2%2Ftags&post=203297"}],"curies":[{"name":"wp","href":"https:\/\/api.w.org\/{rel}","templated":true}]}}