{"id":203301,"date":"2015-01-19T00:05:52","date_gmt":"2015-01-19T06:05:52","guid":{"rendered":"http:\/\/www.diarioimagen.net\/?p=203301"},"modified":"2015-01-20T03:10:16","modified_gmt":"2015-01-20T09:10:16","slug":"mexico-preparado-para-sortear-desafios-financieros-afirma-beltrones","status":"publish","type":"post","link":"https:\/\/www.diarioimagen.net\/?p=203301","title":{"rendered":"M\u00e9xico, preparado para sortear desaf\u00edos financieros: Beltrones"},"content":{"rendered":"<ul>\n<li><strong><em>Se mantiene ruta de la transformaci\u00f3n<\/em><\/strong><\/li>\n<\/ul>\n<div id=\"attachment_203302\" style=\"width: 250px\" class=\"wp-caption alignleft\"><img loading=\"lazy\" decoding=\"async\" aria-describedby=\"caption-attachment-203302\" class=\"wp-image-203302 size-medium\" src=\"http:\/\/www.diarioimagen.net\/wp-content\/uploads\/2015\/01\/BELTRONES-PORTAL1-240x135.jpg\" alt=\"Manlio Fabio Beltrones destac\u00f3 que la conducci\u00f3n responsable de finanzas p\u00fablicas permitir\u00e1 sortear los desaf\u00edos financieros que presenta la econom\u00eda internacional.\" width=\"240\" height=\"135\" srcset=\"https:\/\/www.diarioimagen.net\/wp-content\/uploads\/2015\/01\/BELTRONES-PORTAL1-240x135.jpg 240w, https:\/\/www.diarioimagen.net\/wp-content\/uploads\/2015\/01\/BELTRONES-PORTAL1-420x236.jpg 420w, https:\/\/www.diarioimagen.net\/wp-content\/uploads\/2015\/01\/BELTRONES-PORTAL1.jpg 480w, https:\/\/www.diarioimagen.net\/wp-content\/uploads\/2015\/01\/BELTRONES-PORTAL1-235x132.jpg 235w, https:\/\/www.diarioimagen.net\/wp-content\/uploads\/2015\/01\/BELTRONES-PORTAL1-202x114.jpg 202w, https:\/\/www.diarioimagen.net\/wp-content\/uploads\/2015\/01\/BELTRONES-PORTAL1-350x196.jpg 350w, https:\/\/www.diarioimagen.net\/wp-content\/uploads\/2015\/01\/BELTRONES-PORTAL1-220x123.jpg 220w, https:\/\/www.diarioimagen.net\/wp-content\/uploads\/2015\/01\/BELTRONES-PORTAL1-237x132.jpg 237w\" sizes=\"auto, (max-width: 240px) 100vw, 240px\" \/><p id=\"caption-attachment-203302\" class=\"wp-caption-text\">Manlio Fabio Beltrones destac\u00f3 que la conducci\u00f3n responsable de finanzas p\u00fablicas permitir\u00e1 sortear los desaf\u00edos financieros que presenta la econom\u00eda internacional.<\/p><\/div>\n<p>El presidente de la Junta de Coordinaci\u00f3n Pol\u00edtica (Jucopo) en la C\u00e1mara de Diputados, Manlio Fabio Beltrones, destac\u00f3 que la conducci\u00f3n responsable de finanzas p\u00fablicas permitir\u00e1 sortear los desaf\u00edos financieros que presenta la econom\u00eda internacional.<\/p>\n<p>En un comunicado, el coordinador de la bancada del Partido Revolucionario Institucional (PRI) en San L\u00e1zaro dijo que del mismo modo se mantiene la ruta de la transformaci\u00f3n nacional trazada por el presidente Enrique Pe\u00f1a Nieto.<\/p>\n<p>\u201cLa oportuna disposici\u00f3n de instrumentos financieros como la cobertura del ingreso petrolero y el Fondo de Estabilizaci\u00f3n de los Ingresos Petroleros, garantizan los ingresos estimados en el presupuesto de 2015\u201d, expuso Beltrones Rivera.<\/p>\n<p>Afirm\u00f3 que a pesar de la turbulencia en el mercado mundial del petr\u00f3leo, los recursos destinados a los programas sociales, los proyectos de infraestructura de desarrollo y las participaciones federales a las entidades federativas est\u00e1n plenamente garantizados.<\/p>\n<p>Indic\u00f3 que tal como explicaron los funcionarios de Hacienda, el ajuste en el gasto p\u00fablico ser\u00eda una medida de \u00faltima instancia, pues se debe tener presente que debido a las medidas que se consideraron en las reformas hacendaria y energ\u00e9tica se dispone de recursos fiscales suficientes para amortiguar la baja en el ingreso petrolero.<\/p>\n<p>\u201cMientras que la inversi\u00f3n esperada en el sector energ\u00e9tico permitir\u00e1 elevar en forma progresiva la producci\u00f3n de hidrocarburos, adem\u00e1s de que se cuenta con los recursos del Fondo de estabilizaci\u00f3n de los ingresos presupuestarios e, inclusive, del Fondo Mexicano del Petr\u00f3leo\u201d.<\/p>\n<p>Beltrones dijo que lo anterior descarta la opci\u00f3n de elevar el endeudamiento p\u00fablico o las tasas impositivas y permitir\u00e1 mantener un ritmo adecuado de crecimiento y de generaci\u00f3n de empleo, as\u00ed como la estabilidad, variables econ\u00f3micas fundamentales como el d\u00e9ficit p\u00fablico y el \u00edndice de inflaci\u00f3n.<\/p>\n<p>Explic\u00f3 que los elementos anteriores y el di\u00e1logo entre los legisladores que integran la Tercera Comisi\u00f3n de la Permanente, dan certeza sobre el rumbo econ\u00f3mico del pa\u00eds en 2015 y el pr\u00f3ximo a\u00f1o, as\u00ed como de los beneficios sociales del crecimiento y el desarrollo econ\u00f3micos.<\/p>\n<p>Resalt\u00f3 la relevancia de la reuni\u00f3n de trabajo que tuvieron legisladores de la tercera comisi\u00f3n (Hacienda y Cr\u00e9dito P\u00fablico, Agricultura y Fomento, Comunicaciones y Obras P\u00fablicas) y los subsecretarios de la Secretar\u00eda de Hacienda y Cr\u00e9dito P\u00fablico, Fernando Aportela y Miguel Messmacher.<\/p>\n","protected":false},"excerpt":{"rendered":"<p>El presidente de la Junta de Coordinaci\u00f3n Pol\u00edtica (Jucopo) en la C\u00e1mara de Diputados, Manlio Fabio Beltrones, destac\u00f3 que la conducci\u00f3n responsable de finanzas p\u00fablicas permitir\u00e1 sortear los desaf\u00edos financieros que presenta la econom\u00eda internacional.<\/p>\n","protected":false},"author":5,"featured_media":203302,"comment_status":"open","ping_status":"open","sticky":false,"template":"","format":"standard","meta":{"_monsterinsights_skip_tracking":false,"_monsterinsights_sitenote_active":false,"_monsterinsights_sitenote_note":"","_monsterinsights_sitenote_category":0,"footnotes":""},"categories":[3],"tags":[18,4553,8606,983],"class_list":["post-203301","post","type-post","status-publish","format-standard","has-post-thumbnail","hentry","category-nacional","tag-enrique-pena-nieto","tag-junta-de-coordinacion-politica","tag-manlio-fabio-beltrones-rivera","tag-partido-revolucionario-institucional"],"_links":{"self":[{"href":"https:\/\/www.diarioimagen.net\/index.php?rest_route=\/wp\/v2\/posts\/203301","targetHints":{"allow":["GET"]}}],"collection":[{"href":"https:\/\/www.diarioimagen.net\/index.php?rest_route=\/wp\/v2\/posts"}],"about":[{"href":"https:\/\/www.diarioimagen.net\/index.php?rest_route=\/wp\/v2\/types\/post"}],"author":[{"embeddable":true,"href":"https:\/\/www.diarioimagen.net\/index.php?rest_route=\/wp\/v2\/users\/5"}],"replies":[{"embeddable":true,"href":"https:\/\/www.diarioimagen.net\/index.php?rest_route=%2Fwp%2Fv2%2Fcomments&post=203301"}],"version-history":[{"count":0,"href":"https:\/\/www.diarioimagen.net\/index.php?rest_route=\/wp\/v2\/posts\/203301\/revisions"}],"wp:featuredmedia":[{"embeddable":true,"href":"https:\/\/www.diarioimagen.net\/index.php?rest_route=\/wp\/v2\/media\/203302"}],"wp:attachment":[{"href":"https:\/\/www.diarioimagen.net\/index.php?rest_route=%2Fwp%2Fv2%2Fmedia&parent=203301"}],"wp:term":[{"taxonomy":"category","embeddable":true,"href":"https:\/\/www.diarioimagen.net\/index.php?rest_route=%2Fwp%2Fv2%2Fcategories&post=203301"},{"taxonomy":"post_tag","embeddable":true,"href":"https:\/\/www.diarioimagen.net\/index.php?rest_route=%2Fwp%2Fv2%2Ftags&post=203301"}],"curies":[{"name":"wp","href":"https:\/\/api.w.org\/{rel}","templated":true}]}}