{"id":203348,"date":"2015-01-19T00:04:32","date_gmt":"2015-01-19T06:04:32","guid":{"rendered":"http:\/\/www.diarioimagen.net\/?p=203348"},"modified":"2015-01-19T03:10:37","modified_gmt":"2015-01-19T09:10:37","slug":"iztapalapa","status":"publish","type":"post","link":"https:\/\/www.diarioimagen.net\/?p=203348","title":{"rendered":"Iztapalapa"},"content":{"rendered":"<h2>Punto por punto<\/h2>\n<h5>Augusto Corro<\/h5>\n<p>&nbsp;<\/p>\n<p>Perredistas y morenos librar\u00e1n en Iztapalapa su principal combate por el poder en las pr\u00f3ximas elecciones locales. Esa delegaci\u00f3n, desde hace varios sexenios es el basti\u00f3n de la izquierda en el Distrito Federal. Los amarillos llegaron, se adue\u00f1aron del poder y no lo soltaron. Las pugnas tradicionales s\u00f3lo cambiaban al delegado pol\u00edtico, pero no las siglas.<\/p>\n<p>En el presente, la problem\u00e1tica pol\u00edtica en la delegaci\u00f3n mencionada se presenta dif\u00edcil, compleja y llena de incertidumbre, porque es la primera vez que el Partido de la Revoluci\u00f3n Democr\u00e1tica (PRD) y el Movimiento de Regeneraci\u00f3n Nacional (Morena) se disputar\u00e1n los votos. No ser\u00e1 f\u00e1cil para ninguno de las dos organizaciones pol\u00edticas.<\/p>\n<p>Si los perredistas pierden Iztapalapa empezar\u00e1n a cavar su tumba. Si los morenos obtienen la victoria, tendr\u00e1n a su disposici\u00f3n ese gigantesco electorado y el presupuesto m\u00e1s importante, para obra p\u00fablica, supongo, en el DF, por encima de las dem\u00e1s delegaciones.<\/p>\n<p>As\u00ed que la madre de todas las batallas podr\u00eda ocurrir en aquella demarcaci\u00f3n, por ahora marcada con el signo de la corrupci\u00f3n. Resulta que Jes\u00fas Valencia, quien fung\u00eda como delegado, se vio obligado a renunciar al cargo por incurrir en presunto conflicto de inter\u00e9s al usar una camioneta propiedad de una empresa proveedora de la delegaci\u00f3n.<\/p>\n<p>Dijo el ex funcionario que se alej\u00f3 del cargo para facilitar las investigaciones que se siguen en su contra por las presuntas anomal\u00edas en su desempe\u00f1o. Esta vez, la situaci\u00f3n no ser\u00e1 tan sencilla para el ex funcionario perredista. Detr\u00e1s tienen a los morenos que aprovechar\u00e1n el momento cr\u00edtico para evidenciar la corrupci\u00f3n en el gobierno de Valencia.<\/p>\n<p>Con ese hecho negativo de Valencia, este delegado ya no podr\u00eda aspirar a una cargo popular como ser\u00eda el de diputado o asamble\u00edsta, aunque no ser\u00eda nada remoto. El hecho es que los morenos tienen en sus manos los elementos suficientes para empezar la guerra contra los perredistas. Los amarillos buscar\u00e1n coaliciones con el Partido del Trabajo (PT) y con el Partido Nueva Alianza (Panal).<\/p>\n<p>Los morenos tendr\u00e1n a Clara Brugada Molina como su candidata a jefa delegacional en Iztapalapa. Ella gan\u00f3 en las elecciones pasadas apoyada en triqui\u00f1uelas pol\u00edticas. Seguramente, los lopezobradoristas quieren aprovechar su capital pol\u00edtico, \u00bfcu\u00e1l?, para enfrentar a \u201cLos Chuchos\u201d.<\/p>\n<p style=\"text-align: center;\"><strong>ESC\u00c1NDALOS<\/strong><\/p>\n<p>Como todo mundo sabe, la llamada izquierda mexicana, en espec\u00edfico, el PRD padece la condena de propios y extra\u00f1os por la tragedia de Iguala. El alcalde de extracci\u00f3n perredista, Jos\u00e9 Luis Abarca Vel\u00e1zquez, es acusado como autor intelectual de la desaparici\u00f3n de los 43 normalistas de Ayotzinapa.<\/p>\n<p>El desprestigio cay\u00f3 sobre el partido del sol azteca y de su c\u00fapula pol\u00edtica por apoyar a Abarca Vel\u00e1zquez, un sujeto vinculado con el crimen organizado, que logr\u00f3 ganar la alcald\u00eda, con apoyo de su fortuna y la ambici\u00f3n de \u201cLos Chuchos\u201d.<\/p>\n<p>Con la tragedia, se empez\u00f3 a desmoronar la imagen del perredismo, que ahora se encuentra por los suelos, en una temporada pol\u00edtica, en la que se toman m\u00e1s en cuenta los errores de los enemigos. Y para ser exactos, los amarillos no necesitan enemigos que les canten sus verdades.<\/p>\n<p>Ellos mismos con sus abusos de poder, con su partido sin rumbo, cada d\u00eda aparecen en los medios debido a sus esc\u00e1ndalos hasta en los lugares m\u00e1s apartados de M\u00e9xico. El fracaso de Guerrero con su gobernador \u00c1ngel Aguirre Rivero no fue suficiente para llamar al orden y a la legalidad a sus representantes en los diferentes niveles de gobierno, como son las presidencias municipales.<\/p>\n<p>Los alcaldes perredistas se encuentran metidos hasta el fondo con la delincuencia organizada. As\u00ed como ocurri\u00f3 en Iguala, los hechos delincuenciales se han multiplicado en m\u00e1s municipios de Guerrero. \u00bfCu\u00e1ntos mun\u00edcipes son investigados? Todos, seg\u00fan se inform\u00f3: la mayor\u00eda perredistas.<\/p>\n<p style=\"text-align: center;\"><strong>SIGUE LA MATA DANDO<\/strong><\/p>\n<p>En Pueblo Nuevo Solistahuac\u00e1n, Chiapas, el alcalde perredista, Enoc D\u00edaz P\u00e9rez, no quiso quedarse sin la intenci\u00f3n de imitar a sus colegas en materia de corrupci\u00f3n y delincuencia organizada.<\/p>\n<p>El mun\u00edcipe fue detenido el pasado jueves y enviado al penal de \u201cEl Amate\u201d, acusado en 2008 de encabezar una banda delictiva, denominada \u201cLos Cacheros\u201d. La banda se encontraba integrada por los hermanos de Enoc, que responden a los nombres de Samuel y David.<\/p>\n<p>La dirigencia amarilla no tuvo empacho alguno en ayudarlo. Gan\u00f3 la presidencia municipal, se fortaleci\u00f3 la banda y el mun\u00edcipe y se aboll\u00f3 la imagen del PRD.<\/p>\n<p>Enoc enfrentar\u00e1 a la justicia como presunto responsable de delitos graves, entre ellos secuestro, tortura, asociaci\u00f3n delictuosa y abuso de autoridad, en agravio de tres empresarios.<\/p>\n<p><a href=\"mailto:aco2742@hotmail.com\" target=\"_blank\"><em>aco2742@hotmail.com<\/em><\/a><\/p>\n","protected":false},"excerpt":{"rendered":"<p><span style=\"color: #005497;\"><strong>Augusto Corro<\/strong><\/span><\/p>\n","protected":false},"author":3,"featured_media":0,"comment_status":"open","ping_status":"open","sticky":false,"template":"","format":"standard","meta":{"_monsterinsights_skip_tracking":false,"_monsterinsights_sitenote_active":false,"_monsterinsights_sitenote_note":"","_monsterinsights_sitenote_category":0,"footnotes":""},"categories":[157],"tags":[43686,43674,11515],"class_list":["post-203348","post","type-post","status-publish","format-standard","hentry","category-augusto-corro","tag-augusto-corro","tag-opinion","tag-punto-por-punto"],"_links":{"self":[{"href":"https:\/\/www.diarioimagen.net\/index.php?rest_route=\/wp\/v2\/posts\/203348","targetHints":{"allow":["GET"]}}],"collection":[{"href":"https:\/\/www.diarioimagen.net\/index.php?rest_route=\/wp\/v2\/posts"}],"about":[{"href":"https:\/\/www.diarioimagen.net\/index.php?rest_route=\/wp\/v2\/types\/post"}],"author":[{"embeddable":true,"href":"https:\/\/www.diarioimagen.net\/index.php?rest_route=\/wp\/v2\/users\/3"}],"replies":[{"embeddable":true,"href":"https:\/\/www.diarioimagen.net\/index.php?rest_route=%2Fwp%2Fv2%2Fcomments&post=203348"}],"version-history":[{"count":0,"href":"https:\/\/www.diarioimagen.net\/index.php?rest_route=\/wp\/v2\/posts\/203348\/revisions"}],"wp:attachment":[{"href":"https:\/\/www.diarioimagen.net\/index.php?rest_route=%2Fwp%2Fv2%2Fmedia&parent=203348"}],"wp:term":[{"taxonomy":"category","embeddable":true,"href":"https:\/\/www.diarioimagen.net\/index.php?rest_route=%2Fwp%2Fv2%2Fcategories&post=203348"},{"taxonomy":"post_tag","embeddable":true,"href":"https:\/\/www.diarioimagen.net\/index.php?rest_route=%2Fwp%2Fv2%2Ftags&post=203348"}],"curies":[{"name":"wp","href":"https:\/\/api.w.org\/{rel}","templated":true}]}}