{"id":203356,"date":"2015-01-19T00:09:15","date_gmt":"2015-01-19T06:09:15","guid":{"rendered":"http:\/\/www.diarioimagen.net\/?p=203356"},"modified":"2015-01-19T02:53:40","modified_gmt":"2015-01-19T08:53:40","slug":"monte-de-piedad-dispone-de-24-mil-300-mdp-para-creditos","status":"publish","type":"post","link":"https:\/\/www.diarioimagen.net\/?p=203356","title":{"rendered":"Monte de Piedad dispone de 24 mil 300 mdp para cr\u00e9ditos"},"content":{"rendered":"<ul>\n<li><strong><em>\u201cCuesta de enero\u201d<\/em><\/strong><\/li>\n<\/ul>\n<div id=\"attachment_203432\" style=\"width: 250px\" class=\"wp-caption alignleft\"><a href=\"http:\/\/www.diarioimagen.net\/?attachment_id=203432\" rel=\"attachment wp-att-203432\"><img loading=\"lazy\" decoding=\"async\" aria-describedby=\"caption-attachment-203432\" class=\"size-medium wp-image-203432\" src=\"http:\/\/www.diarioimagen.net\/wp-content\/uploads\/2015\/01\/MONTE-2530-240x135.jpg\" alt=\"El Monte de Piedad espera otorgar este a\u00f1o cr\u00e9ditos siete por ciento m\u00e1s que en 2014.\" width=\"240\" height=\"135\" srcset=\"https:\/\/www.diarioimagen.net\/wp-content\/uploads\/2015\/01\/MONTE-2530-240x135.jpg 240w, https:\/\/www.diarioimagen.net\/wp-content\/uploads\/2015\/01\/MONTE-2530-420x236.jpg 420w, https:\/\/www.diarioimagen.net\/wp-content\/uploads\/2015\/01\/MONTE-2530.jpg 480w, https:\/\/www.diarioimagen.net\/wp-content\/uploads\/2015\/01\/MONTE-2530-235x132.jpg 235w, https:\/\/www.diarioimagen.net\/wp-content\/uploads\/2015\/01\/MONTE-2530-202x114.jpg 202w, https:\/\/www.diarioimagen.net\/wp-content\/uploads\/2015\/01\/MONTE-2530-350x196.jpg 350w, https:\/\/www.diarioimagen.net\/wp-content\/uploads\/2015\/01\/MONTE-2530-220x123.jpg 220w, https:\/\/www.diarioimagen.net\/wp-content\/uploads\/2015\/01\/MONTE-2530-237x132.jpg 237w\" sizes=\"auto, (max-width: 240px) 100vw, 240px\" \/><\/a><p id=\"caption-attachment-203432\" class=\"wp-caption-text\">El Monte de Piedad espera otorgar este a\u00f1o cr\u00e9ditos siete por ciento m\u00e1s que en 2014.<\/p><\/div>\n<p>El Nacional Monte de Piedad (NMP) espera otorgar este a\u00f1o cr\u00e9ditos siete por ciento superior a los de 2014, y afirm\u00f3 que hasta febrero y marzo la llamada \u201ccuesta de enero\u201d se ver\u00e1 reflejada en sus clientes.<\/p>\n<p>Marcos Weber Ovseyevitz, subdirector de Publicidad y Promoci\u00f3n del organismo, expuso en entrevista que mientras el a\u00f1o pasado se dieron cr\u00e9ditos por m\u00e1s de 22 mil millones de pesos, en 2015 prev\u00e9n llegar a 24 mil 300 millones de pesos.<\/p>\n<p>El ejecutivo explic\u00f3 que hasta febrero y marzo se ve reflejada la \u201ccuesta de enero\u201d en las 313 sucursales del NMP en el pa\u00eds debido al otorgamiento de financiamientos a trav\u00e9s de tarjetas de cr\u00e9dito y a meses sin intereses de las tiendas departamentales durante fin de a\u00f1o.<\/p>\n<p>Coment\u00f3 que las alhajas y los relojes son las prendas que m\u00e1s se empe\u00f1an, aunque ha aumentado el pr\u00e9stamo de efectivo por tabletas y c\u00e1maras fotogr\u00e1ficas.<\/p>\n<p>Incluso, en algunas sucursales la gente recurre a su herramienta para buscar liquidez pues se recibe \u201cdesde un anillo hasta un coche\u201d.<\/p>\n<p>Weber Ovseyevitz fue entrevistado durante la entrega del primer auto de la campa\u00f1a \u201cRegresa, empe\u00f1a y gana\u201d, con la que se premia la lealtad de los clientes de la instituci\u00f3n y mediante la cual, seg\u00fan se inform\u00f3, aument\u00f3 10 por ciento sus operaciones durante el \u00faltimo bimestre de 2014 y logr\u00f3 90 mil clientes nuevos.<\/p>\n<p>De acuerdo con el funcionario, 92 por ciento de los clientes del Monte de Piedad paga su cr\u00e9dito en el plazo establecido y, por ende, recuperan su prenda, con lo que se reconoce al organismo como una opci\u00f3n de prestigio, garant\u00eda, solidez y de resguardo de bienes.<\/p>\n<p>Rosal\u00eda Legorreta Fabi\u00e1n, vecina de Azcapotzalco, quien realiz\u00f3 un empe\u00f1o en diciembre pasado, fue la ganadora del primer auto de la promoci\u00f3n \u201cRegresa, empe\u00f1a y gana\u201d, que adem\u00e1s regal\u00f3 la deuda liberada de 600 clientes durante noviembre y diciembre.<\/p>\n","protected":false},"excerpt":{"rendered":"<p>El Nacional Monte de Piedad (NMP) espera otorgar este a\u00f1o cr\u00e9ditos siete por ciento superior a los de 2014, y afirm\u00f3 que hasta febrero y marzo la llamada \u201ccuesta de enero\u201d se ver\u00e1 reflejada en sus clientes.<\/p>\n","protected":false},"author":3,"featured_media":203432,"comment_status":"open","ping_status":"open","sticky":false,"template":"","format":"standard","meta":{"_monsterinsights_skip_tracking":false,"_monsterinsights_sitenote_active":false,"_monsterinsights_sitenote_note":"","_monsterinsights_sitenote_category":0,"footnotes":""},"categories":[6],"tags":[43673,38530],"class_list":["post-203356","post","type-post","status-publish","format-standard","has-post-thumbnail","hentry","category-cd-de-mexico","tag-nacional","tag-prestamos"],"_links":{"self":[{"href":"https:\/\/www.diarioimagen.net\/index.php?rest_route=\/wp\/v2\/posts\/203356","targetHints":{"allow":["GET"]}}],"collection":[{"href":"https:\/\/www.diarioimagen.net\/index.php?rest_route=\/wp\/v2\/posts"}],"about":[{"href":"https:\/\/www.diarioimagen.net\/index.php?rest_route=\/wp\/v2\/types\/post"}],"author":[{"embeddable":true,"href":"https:\/\/www.diarioimagen.net\/index.php?rest_route=\/wp\/v2\/users\/3"}],"replies":[{"embeddable":true,"href":"https:\/\/www.diarioimagen.net\/index.php?rest_route=%2Fwp%2Fv2%2Fcomments&post=203356"}],"version-history":[{"count":0,"href":"https:\/\/www.diarioimagen.net\/index.php?rest_route=\/wp\/v2\/posts\/203356\/revisions"}],"wp:featuredmedia":[{"embeddable":true,"href":"https:\/\/www.diarioimagen.net\/index.php?rest_route=\/wp\/v2\/media\/203432"}],"wp:attachment":[{"href":"https:\/\/www.diarioimagen.net\/index.php?rest_route=%2Fwp%2Fv2%2Fmedia&parent=203356"}],"wp:term":[{"taxonomy":"category","embeddable":true,"href":"https:\/\/www.diarioimagen.net\/index.php?rest_route=%2Fwp%2Fv2%2Fcategories&post=203356"},{"taxonomy":"post_tag","embeddable":true,"href":"https:\/\/www.diarioimagen.net\/index.php?rest_route=%2Fwp%2Fv2%2Ftags&post=203356"}],"curies":[{"name":"wp","href":"https:\/\/api.w.org\/{rel}","templated":true}]}}