{"id":204178,"date":"2015-01-25T20:20:03","date_gmt":"2015-01-26T02:20:03","guid":{"rendered":"http:\/\/www.diarioimagen.net\/?p=204178"},"modified":"2015-01-26T04:23:21","modified_gmt":"2015-01-26T10:23:21","slug":"anuncian-gira-omar-aldama-y-fernando-delgadillo","status":"publish","type":"post","link":"https:\/\/www.diarioimagen.net\/?p=204178","title":{"rendered":"Anuncian gira Omar Aldama y Fernando Delgadillo"},"content":{"rendered":"<ul>\n<li><strong><em>El trovador veracruzano traer\u00e1 su m\u00fasica al Caf\u00e9-Bar Albanta, en la capital mexicana, el jueves 29 de enero<\/em><\/strong><\/li>\n<\/ul>\n<div id=\"attachment_204179\" style=\"width: 250px\" class=\"wp-caption alignleft\"><img loading=\"lazy\" decoding=\"async\" aria-describedby=\"caption-attachment-204179\" class=\"size-medium wp-image-204179\" src=\"http:\/\/www.diarioimagen.net\/wp-content\/uploads\/2015\/01\/omar-aldama-portal-240x135.jpg\" alt=\"Sobre el recital, Aldama se dijo especialmente contento e ilusionado por llevar su propuesta musical, que va de la trova al blues, pasando por el rock y hasta la salsa.\" width=\"240\" height=\"135\" srcset=\"https:\/\/www.diarioimagen.net\/wp-content\/uploads\/2015\/01\/omar-aldama-portal-240x135.jpg 240w, https:\/\/www.diarioimagen.net\/wp-content\/uploads\/2015\/01\/omar-aldama-portal-420x236.jpg 420w, https:\/\/www.diarioimagen.net\/wp-content\/uploads\/2015\/01\/omar-aldama-portal.jpg 480w, https:\/\/www.diarioimagen.net\/wp-content\/uploads\/2015\/01\/omar-aldama-portal-235x132.jpg 235w, https:\/\/www.diarioimagen.net\/wp-content\/uploads\/2015\/01\/omar-aldama-portal-202x114.jpg 202w, https:\/\/www.diarioimagen.net\/wp-content\/uploads\/2015\/01\/omar-aldama-portal-350x196.jpg 350w, https:\/\/www.diarioimagen.net\/wp-content\/uploads\/2015\/01\/omar-aldama-portal-220x123.jpg 220w, https:\/\/www.diarioimagen.net\/wp-content\/uploads\/2015\/01\/omar-aldama-portal-237x132.jpg 237w\" sizes=\"auto, (max-width: 240px) 100vw, 240px\" \/><p id=\"caption-attachment-204179\" class=\"wp-caption-text\">Sobre el recital, Aldama se dijo especialmente contento e ilusionado por llevar su propuesta musical, que va de la trova al blues, pasando por el rock y hasta la salsa.<\/p><\/div>\n<p>Emocionado, el trovador veracruzano Omar Aldama se prepara para cumplir uno de sus sue\u00f1os cuando en marzo pr\u00f3ximo arranque una gira por diversos escenarios del pa\u00eds, acompa\u00f1ado por el cantautor Fernando Delgadillo.<\/p>\n<p>En esa gira, de la que en breve se anunciar\u00e1n ciudades y sedes, Aldama presentar\u00e1 las canciones de su nuevo disco, \u201cEl rey de las sombras\u201d que, entre la trova y el rock, desgranan temas de amor y desamor, con el sello especialmente rom\u00e1ntico de Aldama, y estar\u00e1 disponible en breve en varias plataformas, incluida la versi\u00f3n f\u00edsica de la grabaci\u00f3n, en la que se aprecia un m\u00fasico m\u00e1s complejo, que experimenta diferentes ritmos para expresar sus m\u00e1s profundos sentimientos.<\/p>\n<p>El disco comenzar\u00e1 su andar de la mano del propio Delgadillo, autor de \u00e9xitos como \u201cHoy ten miedo de mi\u201d y \u201cEntre pairos y derivas\u201d, quien considera a Aldama una promesa cumplida en el g\u00e9nero de la llamada trova mexicana.<\/p>\n<p>Aldama dar\u00e1 una probadita de este disco, el pr\u00f3ximo 29 de enero, en el Caf\u00e9-Bar Albanta, en el sur de la capital mexicana, en una velada que promete ser de especial romanticismo.<\/p>\n<p>All\u00ed ofrecer\u00e1 temas del nuevo disco pero tambi\u00e9n aquellos como \u201cLa Guajira\u201d o \u201cEntre luces y sombras\u201d, que lo han dado a conocer en el medio y que forman parte de su \u00e1lbum debut \u201cOn\u00edrico\u201d.<\/p>\n","protected":false},"excerpt":{"rendered":"<p>Emocionado, el trovador veracruzano Omar Aldama se prepara para cumplir uno de sus sue\u00f1os cuando en marzo pr\u00f3ximo arranque una gira por diversos escenarios del pa\u00eds, acompa\u00f1ado por el cantautor Fernando Delgadillo.<\/p>\n","protected":false},"author":5,"featured_media":204179,"comment_status":"open","ping_status":"open","sticky":false,"template":"","format":"standard","meta":{"_monsterinsights_skip_tracking":false,"_monsterinsights_sitenote_active":false,"_monsterinsights_sitenote_note":"","_monsterinsights_sitenote_category":0,"footnotes":""},"categories":[17,12],"tags":[],"class_list":["post-204178","post","type-post","status-publish","format-standard","has-post-thumbnail","hentry","category-especiales","category-espectaculos"],"_links":{"self":[{"href":"https:\/\/www.diarioimagen.net\/index.php?rest_route=\/wp\/v2\/posts\/204178","targetHints":{"allow":["GET"]}}],"collection":[{"href":"https:\/\/www.diarioimagen.net\/index.php?rest_route=\/wp\/v2\/posts"}],"about":[{"href":"https:\/\/www.diarioimagen.net\/index.php?rest_route=\/wp\/v2\/types\/post"}],"author":[{"embeddable":true,"href":"https:\/\/www.diarioimagen.net\/index.php?rest_route=\/wp\/v2\/users\/5"}],"replies":[{"embeddable":true,"href":"https:\/\/www.diarioimagen.net\/index.php?rest_route=%2Fwp%2Fv2%2Fcomments&post=204178"}],"version-history":[{"count":0,"href":"https:\/\/www.diarioimagen.net\/index.php?rest_route=\/wp\/v2\/posts\/204178\/revisions"}],"wp:featuredmedia":[{"embeddable":true,"href":"https:\/\/www.diarioimagen.net\/index.php?rest_route=\/wp\/v2\/media\/204179"}],"wp:attachment":[{"href":"https:\/\/www.diarioimagen.net\/index.php?rest_route=%2Fwp%2Fv2%2Fmedia&parent=204178"}],"wp:term":[{"taxonomy":"category","embeddable":true,"href":"https:\/\/www.diarioimagen.net\/index.php?rest_route=%2Fwp%2Fv2%2Fcategories&post=204178"},{"taxonomy":"post_tag","embeddable":true,"href":"https:\/\/www.diarioimagen.net\/index.php?rest_route=%2Fwp%2Fv2%2Ftags&post=204178"}],"curies":[{"name":"wp","href":"https:\/\/api.w.org\/{rel}","templated":true}]}}