{"id":204813,"date":"2015-01-30T00:04:55","date_gmt":"2015-01-30T06:04:55","guid":{"rendered":"http:\/\/www.diarioimagen.net\/?p=204813"},"modified":"2015-01-30T04:12:55","modified_gmt":"2015-01-30T10:12:55","slug":"dano-a-adolescentes-y-jovenes","status":"publish","type":"post","link":"https:\/\/www.diarioimagen.net\/?p=204813","title":{"rendered":"Da\u00f1o a adolescentes y j\u00f3venes"},"content":{"rendered":"<h2>Punto por punto<\/h2>\n<h5>Augusto Corro<\/h5>\n<p>&nbsp;<\/p>\n<p>M\u00e1s de 5 mil adolescentes y j\u00f3venes se encuentran privados de su libertad porque decidieron servir en las filas de la delincuencia.<\/p>\n<p>Algunos de esos j\u00f3venes son sicarios, \u201ctoda vez que m\u00e1s de mil, es decir el 22% mat\u00f3 a una o varias personas; 35% particip\u00f3 en robos con violencia; 17% us\u00f3 armas prohibidas y 15% colabor\u00f3 en secuestros\u201d.<\/p>\n<p>Ocho de cada 10 personas tienen en 16 y 18 a\u00f1os de edad; 50% cuenta s\u00f3lo con estudios de secundaria y la mitad abandon\u00f3 sus casas; 62% tiene padres separados y 94% trabajo como alba\u00f1il, vendedor callejero o cargador, antes de delinquir.<\/p>\n<p>Los menores infractores est\u00e1n en centros de reclusi\u00f3n ubicados en Sinaloa, Coahuila, Morelos, Distrito Federal (DF), Sonora y Estado de M\u00e9xico.<\/p>\n<p>Roberto Campa Cifri\u00e1n, subsecretario de Prevenci\u00f3n de la Secretar\u00eda de Gobernaci\u00f3n (Segob) plantea el tema de los adolescentes y j\u00f3venes recluidos por su participaci\u00f3n en delitos graves ante empresarios mexiquenses.<\/p>\n<p>En realidad, el asunto no es nuevo. El tejido social mexicano sufre un cambio radical una vez que se desat\u00f3 la violencia propiciada por el crimen organizado. Amplios sectores de la sociedad resultan afectados por la presencia de los c\u00e1rteles de la droga.<\/p>\n<p>La impunidad que disfrutan los criminales resulta de un est\u00edmulo para delinquir no s\u00f3lo para los adultos, sino tambi\u00e9n para los adolescentes y j\u00f3venes: un factor importante es la impunidad. Todo mundo sabe que secuestrar o asesinar son acciones criminales que no siempre son castigadas por la ley.<\/p>\n<p>Lo mismo influye la condici\u00f3n de no estudiar ni trabajar (\u201cninis\u201d), as\u00ed como las condiciones de pobreza, la falta de empleo, etc. En t\u00e9rminos generales, los sectores donde se padece pobreza es donde la delincuencia se surte de gente dispuesta a enrolarse en las filas de las bandas criminales.<\/p>\n<p>Y aquellos menores infractores que no trabajan para los narcos, s\u00ed lo hacen para ganar algunos centavos en el comercio ilegal. Es decir, la \u201cpirater\u00eda\u201d es su relativa tabla de salvaci\u00f3n econ\u00f3mica.<\/p>\n<p>Para nadie es un secreto que los adolescentes y j\u00f3venes son protagonistas, como v\u00edctimas o victimarios, en una sociedad a la que le pega muy duro la espiral de violencia, a la que no se le ve fin.<\/p>\n<p>En un estudio de la Comisi\u00f3n Econ\u00f3mica para Am\u00e9rica Latina y el Caribe (CEPAL) tambi\u00e9n se trata de la violencia que da\u00f1a a los j\u00f3venes: en M\u00e9xico, 68% entre 16 y 24 a\u00f1os fueron v\u00edctimas de un delito.<\/p>\n<p>Explica que para el caso de El Salvador, Guatemala, Honduras y M\u00e9xico hasta el a\u00f1o 2000 \u201ceran los adultos de entre 30 y 44 a\u00f1os los que m\u00e1s se involucraban en actos de violencia, pero conforme el crimen ha ido creciendo, se han incorporado segmentos juveniles\u201d.<\/p>\n<p>Y concluye: \u201cEn algunos pa\u00edses, como los centroamericanos y M\u00e9xico, los c\u00e1rteles tienden cada vez m\u00e1s a usar a las pandillas para \u201csubcontratar\u201d sus servicios en actividades ligadas al plagio y al sicariato, sobre todo, en sus luchas, para las que deben reclutar m\u00e1s gente en poco tiempo y con menos recursos\u201d.<\/p>\n<p>As\u00ed, el futuro para adolescentes y j\u00f3venes es incierto. Entre otras cosas, porque es poca o nula la orientaci\u00f3n o prevenci\u00f3n que reciben ellos para rechazar \u201cel canto de las sirenas\u201d de los narcos. Sin embargo, debemos pensar que alguien, alg\u00fan d\u00eda, acudir\u00e1 en su auxilio.<\/p>\n<p style=\"text-align: center;\"><strong>LA \u201cDOLCE VITA\u201d DE LOS LEGISLADORES<\/strong><\/p>\n<p>\u00bfLos legisladores son odiados o envidiados? \u00bfO ambas cosas?<\/p>\n<p>Veamos. Las diferentes fracciones parlamentarias de los diferentes partidos pol\u00edticos se dan cita en los mejores sitios de recreo para planear sus estrategias.<\/p>\n<p>Combinan el trabajo con la diversi\u00f3n. En este rengl\u00f3n es donde pienso que surge la envidia del ciudadano com\u00fan y corriente.<\/p>\n<p>Vayamos al ejemplo de lo que ocurri\u00f3 con los diputados panistas en enero del a\u00f1o pasado.<\/p>\n<p>Los legisladores federales blanquiazules, encabezados por su coordinador, Luis Alberto Villarreal, durante el d\u00eda se encerraban para ponerse de acuerdo en los trabajos parlamentarios y por la noche se dedicaban al r\u00e9lax.<\/p>\n<p>Esas terapias de relajamiento y descanso de los diputados consist\u00edan en encerronas a las que llevaban a sexoservidoras de las mejores casas de mala nota (m\u00e1s bien de buena nota) de Puerto Vallarta.<\/p>\n<p>En la videograbaci\u00f3n de una de las \u201cfiestas\u201d, se ve al diputado Villarreal sacarle brillo al piso con una quebradita interpretada por una tradicional banda sinaloense, de m\u00fasica. Tambi\u00e9n hay bandas de otro tipo.<\/p>\n<p>Al grito de \u00a1\u00e1nimo Montana! Villarreal y su pareja se convierten en el alma de la encerrona en La Villa Balboa, la Playa Venados, con siete dormitorios frente al oc\u00e9ano Pac\u00edfico, cuya renta, del inmueble, es de 3 mil d\u00f3lares diarios. Los dem\u00e1s diputados muestran en la videograbaci\u00f3n sus habilidades amorosas con las otras chicas.<\/p>\n<p>Me acord\u00e9 de la fiesta panista de los diputados federales, porque en estos d\u00edas, la fracci\u00f3n parlamentaria de Acci\u00f3n Nacional sesionar\u00e1 en un hotel de Los Cabos, Baja California, que se promociona como de lujo, y \u201cun viaje hacia la relajaci\u00f3n y el rejuvenecimiento\u201d.<\/p>\n<p>Los legisladores de la C\u00e1mara alta (pero muy alta) se portar\u00e1n como chicos buenos. Luego de sus incansables reuniones en el Senado, tienen derecho a descansar en las playas californianas, o en las piscinas azules del hotel rodeada de palapas y palmeras. Se lo merecen, trabajan tanto\u2026 Por los tres d\u00edas de estancia en ese lugar solamente pagar\u00e1n 500 mil pesos.<\/p>\n<p><a href=\"mailto:aco2742@hotmail.com\" target=\"_blank\"><em>aco2742@hotmail.com<\/em><\/a><\/p>\n","protected":false},"excerpt":{"rendered":"<p><span style=\"color: #005497;\"><strong>Augusto Corro<\/strong><\/span><\/p>\n","protected":false},"author":3,"featured_media":0,"comment_status":"open","ping_status":"open","sticky":false,"template":"","format":"standard","meta":{"_monsterinsights_skip_tracking":false,"_monsterinsights_sitenote_active":false,"_monsterinsights_sitenote_note":"","_monsterinsights_sitenote_category":0,"footnotes":""},"categories":[157],"tags":[43686,43674,11515],"class_list":["post-204813","post","type-post","status-publish","format-standard","hentry","category-augusto-corro","tag-augusto-corro","tag-opinion","tag-punto-por-punto"],"_links":{"self":[{"href":"https:\/\/www.diarioimagen.net\/index.php?rest_route=\/wp\/v2\/posts\/204813","targetHints":{"allow":["GET"]}}],"collection":[{"href":"https:\/\/www.diarioimagen.net\/index.php?rest_route=\/wp\/v2\/posts"}],"about":[{"href":"https:\/\/www.diarioimagen.net\/index.php?rest_route=\/wp\/v2\/types\/post"}],"author":[{"embeddable":true,"href":"https:\/\/www.diarioimagen.net\/index.php?rest_route=\/wp\/v2\/users\/3"}],"replies":[{"embeddable":true,"href":"https:\/\/www.diarioimagen.net\/index.php?rest_route=%2Fwp%2Fv2%2Fcomments&post=204813"}],"version-history":[{"count":0,"href":"https:\/\/www.diarioimagen.net\/index.php?rest_route=\/wp\/v2\/posts\/204813\/revisions"}],"wp:attachment":[{"href":"https:\/\/www.diarioimagen.net\/index.php?rest_route=%2Fwp%2Fv2%2Fmedia&parent=204813"}],"wp:term":[{"taxonomy":"category","embeddable":true,"href":"https:\/\/www.diarioimagen.net\/index.php?rest_route=%2Fwp%2Fv2%2Fcategories&post=204813"},{"taxonomy":"post_tag","embeddable":true,"href":"https:\/\/www.diarioimagen.net\/index.php?rest_route=%2Fwp%2Fv2%2Ftags&post=204813"}],"curies":[{"name":"wp","href":"https:\/\/api.w.org\/{rel}","templated":true}]}}