{"id":205205,"date":"2015-02-03T00:08:28","date_gmt":"2015-02-03T06:08:28","guid":{"rendered":"http:\/\/www.diarioimagen.net\/?p=205205"},"modified":"2015-02-03T03:44:58","modified_gmt":"2015-02-03T09:44:58","slug":"llamado-a-no-invadir-carril-del-mexibus-en-cuautitlan-izcalli","status":"publish","type":"post","link":"https:\/\/www.diarioimagen.net\/?p=205205","title":{"rendered":"Llamado a no invadir carril del Mexib\u00fas en Cuautitl\u00e1n Izcalli"},"content":{"rendered":"<p><strong><a href=\"http:\/\/www.diarioimagen.net\/?attachment_id=205230\" rel=\"attachment wp-att-205230\"><img loading=\"lazy\" decoding=\"async\" class=\"alignleft size-medium wp-image-205230\" src=\"http:\/\/www.diarioimagen.net\/wp-content\/uploads\/2015\/02\/CUAUTITLAN-2541-240x135.jpg\" alt=\"CUAUTITLAN-2541\" width=\"240\" height=\"135\" srcset=\"https:\/\/www.diarioimagen.net\/wp-content\/uploads\/2015\/02\/CUAUTITLAN-2541-240x135.jpg 240w, https:\/\/www.diarioimagen.net\/wp-content\/uploads\/2015\/02\/CUAUTITLAN-2541-420x236.jpg 420w, https:\/\/www.diarioimagen.net\/wp-content\/uploads\/2015\/02\/CUAUTITLAN-2541.jpg 480w, https:\/\/www.diarioimagen.net\/wp-content\/uploads\/2015\/02\/CUAUTITLAN-2541-235x132.jpg 235w, https:\/\/www.diarioimagen.net\/wp-content\/uploads\/2015\/02\/CUAUTITLAN-2541-202x114.jpg 202w, https:\/\/www.diarioimagen.net\/wp-content\/uploads\/2015\/02\/CUAUTITLAN-2541-350x196.jpg 350w, https:\/\/www.diarioimagen.net\/wp-content\/uploads\/2015\/02\/CUAUTITLAN-2541-220x123.jpg 220w, https:\/\/www.diarioimagen.net\/wp-content\/uploads\/2015\/02\/CUAUTITLAN-2541-237x132.jpg 237w\" sizes=\"auto, (max-width: 240px) 100vw, 240px\" \/><\/a>Cuautitl\u00e1n Izcalli, Estado de M\u00e9xico.-<\/strong> Con la entrada en operaci\u00f3n de la L\u00ednea 2 del Mexib\u00fas, autoridades estatales y municipales exhortan a los automovilistas a no circular por los carriles confinados de dicho transporte para evitar contratiempos y accidentes viales.<\/p>\n<p>La L\u00ednea 2 cuenta con 42 estaciones que facilitan la movilidad de los usuarios de los municipios de Cuautitl\u00e1n Izcalli, Tultitl\u00e1n, Coacalco y Ecatepec, al permitir conexiones con el Tren Suburbano Cuautitl\u00e1n\u2013Buenavista y con el Mexib\u00fas I de Ciudad Azteca\u2013Ojo de Agua.<\/p>\n<p>&nbsp;<\/p>\n","protected":false},"excerpt":{"rendered":"<p> Con la entrada en operaci\u00f3n de la L\u00ednea 2 del Mexib\u00fas, autoridades estatales y municipales exhortan a los automovilistas a no circular por los carriles confinados de dicho transporte para evitar contratiempos y accidentes viales.<\/p>\n","protected":false},"author":3,"featured_media":205230,"comment_status":"open","ping_status":"open","sticky":false,"template":"","format":"standard","meta":{"_monsterinsights_skip_tracking":false,"_monsterinsights_sitenote_active":false,"_monsterinsights_sitenote_note":"","_monsterinsights_sitenote_category":0,"footnotes":""},"categories":[5],"tags":[971,43675,18569,11815],"class_list":["post-205205","post","type-post","status-publish","format-standard","has-post-thumbnail","hentry","category-estado-de-mexico","tag-cuautitlan-izcalli","tag-estado-de-mexico","tag-linea-2","tag-mexibus"],"_links":{"self":[{"href":"https:\/\/www.diarioimagen.net\/index.php?rest_route=\/wp\/v2\/posts\/205205","targetHints":{"allow":["GET"]}}],"collection":[{"href":"https:\/\/www.diarioimagen.net\/index.php?rest_route=\/wp\/v2\/posts"}],"about":[{"href":"https:\/\/www.diarioimagen.net\/index.php?rest_route=\/wp\/v2\/types\/post"}],"author":[{"embeddable":true,"href":"https:\/\/www.diarioimagen.net\/index.php?rest_route=\/wp\/v2\/users\/3"}],"replies":[{"embeddable":true,"href":"https:\/\/www.diarioimagen.net\/index.php?rest_route=%2Fwp%2Fv2%2Fcomments&post=205205"}],"version-history":[{"count":0,"href":"https:\/\/www.diarioimagen.net\/index.php?rest_route=\/wp\/v2\/posts\/205205\/revisions"}],"wp:featuredmedia":[{"embeddable":true,"href":"https:\/\/www.diarioimagen.net\/index.php?rest_route=\/wp\/v2\/media\/205230"}],"wp:attachment":[{"href":"https:\/\/www.diarioimagen.net\/index.php?rest_route=%2Fwp%2Fv2%2Fmedia&parent=205205"}],"wp:term":[{"taxonomy":"category","embeddable":true,"href":"https:\/\/www.diarioimagen.net\/index.php?rest_route=%2Fwp%2Fv2%2Fcategories&post=205205"},{"taxonomy":"post_tag","embeddable":true,"href":"https:\/\/www.diarioimagen.net\/index.php?rest_route=%2Fwp%2Fv2%2Ftags&post=205205"}],"curies":[{"name":"wp","href":"https:\/\/api.w.org\/{rel}","templated":true}]}}