{"id":205301,"date":"2015-02-03T20:51:49","date_gmt":"2015-02-04T02:51:49","guid":{"rendered":"http:\/\/www.diarioimagen.net\/?p=205301"},"modified":"2015-02-04T03:51:36","modified_gmt":"2015-02-04T09:51:36","slug":"la-unica-e-internacional-sonora-santanera-recibe-disco-de-platino","status":"publish","type":"post","link":"https:\/\/www.diarioimagen.net\/?p=205301","title":{"rendered":"La \u00danica e Internacional Sonora Santanera recibe Disco de Platino"},"content":{"rendered":"<ul>\n<li><strong><em>El pr\u00f3ximo 26 de abril celebrar\u00e1n 60 a\u00f1os de carrera y contar\u00e1n con invitados como Roc\u00edo Banquells, Kalimba, Laura Zapata, entre otros<\/em><\/strong><\/li>\n<\/ul>\n<h5><strong>Texto: Arturo Arellano<\/strong><\/h5>\n<div id=\"attachment_205302\" style=\"width: 250px\" class=\"wp-caption alignleft\"><img loading=\"lazy\" decoding=\"async\" aria-describedby=\"caption-attachment-205302\" class=\"size-medium wp-image-205302\" src=\"http:\/\/www.diarioimagen.net\/wp-content\/uploads\/2015\/02\/sonora-santanera-portal-240x135.jpg\" alt=\"La \u00danica e Internacional Sonora Santanera anunci\u00f3 que entre sus planes est\u00e1 cantar en Bellas Artes. (Foto: Arturo Arellano)\" width=\"240\" height=\"135\" srcset=\"https:\/\/www.diarioimagen.net\/wp-content\/uploads\/2015\/02\/sonora-santanera-portal-240x135.jpg 240w, https:\/\/www.diarioimagen.net\/wp-content\/uploads\/2015\/02\/sonora-santanera-portal-420x236.jpg 420w, https:\/\/www.diarioimagen.net\/wp-content\/uploads\/2015\/02\/sonora-santanera-portal.jpg 480w, https:\/\/www.diarioimagen.net\/wp-content\/uploads\/2015\/02\/sonora-santanera-portal-235x132.jpg 235w, https:\/\/www.diarioimagen.net\/wp-content\/uploads\/2015\/02\/sonora-santanera-portal-202x114.jpg 202w, https:\/\/www.diarioimagen.net\/wp-content\/uploads\/2015\/02\/sonora-santanera-portal-350x196.jpg 350w, https:\/\/www.diarioimagen.net\/wp-content\/uploads\/2015\/02\/sonora-santanera-portal-220x123.jpg 220w, https:\/\/www.diarioimagen.net\/wp-content\/uploads\/2015\/02\/sonora-santanera-portal-237x132.jpg 237w\" sizes=\"auto, (max-width: 240px) 100vw, 240px\" \/><p id=\"caption-attachment-205302\" class=\"wp-caption-text\">La \u00danica e Internacional Sonora Santanera anunci\u00f3 que entre sus planes est\u00e1 cantar en Bellas Artes. (Foto: Arturo Arellano)<\/p><\/div>\n<p>La \u00danica e Internacional Sonora Santanera recibi\u00f3 Disco de Platino por las altas ventas de su m\u00e1s reciente material discogr\u00e1fico \u201cGrandes \u00e9xitos de las sonoras con la m\u00e1s grande: La Sonora Santanera-Deluxe\u201d, en el cual se incluyen los temas a dueto con personalidades del medio art\u00edstico, aunado al premio Grammy obtenido el pasado 2 de noviembre, con el mismo disco en la categor\u00eda de \u201cMejor Disco Tropical\u201d.<\/p>\n<p>En conferencia de prensa, compartieron su benepl\u00e1cito ante este par de acontecimientos que marcan el arranque de sus festejos por el 60 aniversario de la agrupaci\u00f3n. Antonio M\u00e9ndez coment\u00f3: \u201ces para nosotros un orgullo formar parte de la tradici\u00f3n de este grupo que lleva tantos a\u00f1os poniendo a bailar, no s\u00f3lo a M\u00e9xico, sino a parte de Latinoam\u00e9rica y con este Disco de Platino vemos cumplido un sue\u00f1o m\u00e1s\u201d.<\/p>\n<p>Por su parte, Tom\u00e1s Cruz, actual vocalista agreg\u00f3, \u201ctengo 20 a\u00f1os con el grupo y 40 a\u00f1os de edad cumplidos, no puedo estar m\u00e1s agradecido por la oportunidad que se me dio para ser parte de esto. Antes de que estuviera compartiendo el escenario con estos grandes compa\u00f1eros, La Sonora Santanera ya ten\u00eda muchos \u00e9xitos, de modo que esto del Disco de Platino es nuevo para m\u00ed, estoy en las nubes, no me la creo, ya quiero irme para ver si me van a dejar llev\u00e1rmelo a mi casa\u201d, se\u00f1al\u00f3 emocionado, despu\u00e9s de que se les entregara un reconocimiento a cada miembro.<\/p>\n<p>Tambi\u00e9n adelantaron algunos detalles en torno a las celebraciones que se llevar\u00e1n a cabo por el 60 aniversario de la agrupaci\u00f3n, entre \u00e9stas su presentaci\u00f3n con la Filarm\u00f3nica en el Auditorio Nacional el pr\u00f3ximo 26 de abril. \u201cSer\u00e1 un momento hist\u00f3rico, los arreglos son impresionantes y estamos contentos por ello; por supuesto, tendremos invitados especiales para celebrar y quedara grabado en un DVD para la posteridad\u201d, se\u00f1alaron, poniendo como invitados a \u201cRoc\u00edo Banquells, Laura Zapata y Kalimba ya est\u00e1n confirmados; sin embargo, hay varios que levantaron la mano despu\u00e9s del disco y estamos haciendo lo posible por traerlos; uno de ellos es \u00d3scar D\u2019 Le\u00f3n, quien pregunt\u00f3 por qu\u00e9 no hab\u00eda sido invitado, lo mismo Vicentico, de Los Fabulosos Cadillacs, llam\u00f3 para hacernos saber su inter\u00e9s por estar en el concierto en vivo y a\u00fan no sabemos si ser\u00e1 por uno o dos temas\u201d.<\/p>\n<p>Posteriormente, aseguraron que La Sonora Santanera tiene mucho camino por recorrer. \u201cEs cierto, gracias a Dios hemos tenido bastantes logros; sin embargo, a\u00fan tenemos mucho que dar, no debemos conformarnos, porque la gente nos sigue buscando y para eso tenemos que trabajar\u201d.<\/p>\n<p>Entre sus pr\u00f3ximo proyectos est\u00e1 la segunda parte de este disco de \u00e9xitos, para despu\u00e9s llevar a cabo uno con temas in\u00e9ditos y en el transcurso buscar una presentaci\u00f3n en el Palacio de Bellas Artes.<\/p>\n<p>Previo a la conferencia de prensa, la agrupaci\u00f3n interpret\u00f3 algunos de los \u00e9xitos incluidos en el CD m\u00e1s DVD-Deluxe, tales como \u201cEl negrito del batey\u201d, \u201cPerfume de gardenia\u201d y \u201cEste tren no se para\u201d.<\/p>\n","protected":false},"excerpt":{"rendered":"<p>El pr\u00f3ximo 26 de abril celebrar\u00e1n 60 a\u00f1os de carrera y contar\u00e1n con invitados como Roc\u00edo Banquells, Kalimba, Laura Zapata, entre otros Texto: Arturo Arellano La \u00danica e Internacional Sonora Santanera recibi\u00f3 Disco de Platino por las altas ventas de su m\u00e1s reciente material discogr\u00e1fico \u201cGrandes \u00e9xitos de las sonoras con la m\u00e1s grande: La [&hellip;]<\/p>\n","protected":false},"author":5,"featured_media":205302,"comment_status":"open","ping_status":"open","sticky":false,"template":"","format":"standard","meta":{"_monsterinsights_skip_tracking":false,"_monsterinsights_sitenote_active":false,"_monsterinsights_sitenote_note":"","_monsterinsights_sitenote_category":0,"footnotes":""},"categories":[17,12],"tags":[26778],"class_list":["post-205301","post","type-post","status-publish","format-standard","has-post-thumbnail","hentry","category-especiales","category-espectaculos","tag-sonora-santanera"],"_links":{"self":[{"href":"https:\/\/www.diarioimagen.net\/index.php?rest_route=\/wp\/v2\/posts\/205301","targetHints":{"allow":["GET"]}}],"collection":[{"href":"https:\/\/www.diarioimagen.net\/index.php?rest_route=\/wp\/v2\/posts"}],"about":[{"href":"https:\/\/www.diarioimagen.net\/index.php?rest_route=\/wp\/v2\/types\/post"}],"author":[{"embeddable":true,"href":"https:\/\/www.diarioimagen.net\/index.php?rest_route=\/wp\/v2\/users\/5"}],"replies":[{"embeddable":true,"href":"https:\/\/www.diarioimagen.net\/index.php?rest_route=%2Fwp%2Fv2%2Fcomments&post=205301"}],"version-history":[{"count":0,"href":"https:\/\/www.diarioimagen.net\/index.php?rest_route=\/wp\/v2\/posts\/205301\/revisions"}],"wp:featuredmedia":[{"embeddable":true,"href":"https:\/\/www.diarioimagen.net\/index.php?rest_route=\/wp\/v2\/media\/205302"}],"wp:attachment":[{"href":"https:\/\/www.diarioimagen.net\/index.php?rest_route=%2Fwp%2Fv2%2Fmedia&parent=205301"}],"wp:term":[{"taxonomy":"category","embeddable":true,"href":"https:\/\/www.diarioimagen.net\/index.php?rest_route=%2Fwp%2Fv2%2Fcategories&post=205301"},{"taxonomy":"post_tag","embeddable":true,"href":"https:\/\/www.diarioimagen.net\/index.php?rest_route=%2Fwp%2Fv2%2Ftags&post=205301"}],"curies":[{"name":"wp","href":"https:\/\/api.w.org\/{rel}","templated":true}]}}