{"id":205318,"date":"2015-02-04T00:05:13","date_gmt":"2015-02-04T06:05:13","guid":{"rendered":"http:\/\/www.diarioimagen.net\/?p=205318"},"modified":"2015-02-04T03:20:28","modified_gmt":"2015-02-04T09:20:28","slug":"temporada-electorera","status":"publish","type":"post","link":"https:\/\/www.diarioimagen.net\/?p=205318","title":{"rendered":"Temporada electorera"},"content":{"rendered":"<h2>Punto por punto<\/h2>\n<h5>Augusto Corro<\/h5>\n<p>&nbsp;<\/p>\n<p>En temporada electorera, los pol\u00edticos se las ingenian para mejorar su imagen deteriorada por el descr\u00e9dito.<\/p>\n<p>As\u00ed, legisladores del PAN y del PRD echar\u00e1n a andar un programa denominado \u201cTres Declaraciones, un Compromiso.<\/p>\n<p>La idea central es presentar p\u00fablicamente su declaraci\u00f3n de impuestos, la patrimonial y la de intereses: \u201cse busca poner fin a la perversa pr\u00e1ctica de usar el dinero para hacer pol\u00edtica y la pol\u00edtica para hacer dinero\u201d.<\/p>\n<p>Los senadores Laura Rojas y Zoe Robledo intentan convertir en ley la presentaci\u00f3n p\u00fablica de las declaraciones mencionadas, en el presente se hacen con car\u00e1cter de voluntarias.<\/p>\n<p>S\u00f3lo falta que el electorado crea la buena fe de los pol\u00edticos. Sin duda se trata de una acci\u00f3n positiva, pero no ser\u00e1 suficiente.<\/p>\n<p>Son muchos los a\u00f1os que los pol\u00edticos aprovecharon para enriquecerse en los cargos p\u00fablicos. Son incontables los esc\u00e1ndalos por el saqueo al erario.<\/p>\n<p>Los tesoros p\u00fablicos en algunas ocasiones son insuficientes para saciar la ambici\u00f3n de riqueza de los gobernantes corruptos.<\/p>\n<p>Tarde, pero los congresistas ya empezaron a darse cuenta que la clase pol\u00edtica es poseedora de una imagen muy deteriorada, afectada por una crisis de credibilidad, derivada del abuso que han hecho algunos servidores p\u00fablicos.<\/p>\n<p>\u201cLos senadores Laura y Zoe afirman que quienes \u201char\u00e1n p\u00fablicas sus tres declaraciones y el compromiso de legislar en la materia, est\u00e1n convencidos de la urgencia de iniciar acciones que abonen a la dignificaci\u00f3n de la pol\u00edtica y de devolverle a la funci\u00f3n p\u00fablica su motivaci\u00f3n original de servicio a los dem\u00e1s y de generadora de bienes p\u00fablicos\u201d.<\/p>\n<p>A prop\u00f3sito de nuevos c\u00f3digos, \u00bfcu\u00e1l fue el destino de la Ley Anticorrupci\u00f3n y aquella sobre la rendici\u00f3n de cuentas?<\/p>\n<p style=\"text-align: center;\"><strong>OTRO AGARR\u00d3N DEL CHONGO<\/strong><\/p>\n<p>La asistencia del senador panista Ernesto Cordero le ech\u00f3 m\u00e1s gasolina al pleito que sostiene contra el l\u00edder Gustavo Madero.<\/p>\n<p>El m\u00ednimo error o falta son suficientes para que ambos adversarios blanquiazules agudicen su enemistad.<\/p>\n<p>Como informamos, el legislador Cordero no asisti\u00f3 a la sesi\u00f3n de Congreso General por el simple gusto de estar presente en el Super Bowl, en Arizona.<\/p>\n<p>Ni tardo ni perezoso, el dirigente Madero dijo a los periodistas que el descuento al senador por no asistir a la sesi\u00f3n mencionada, no resarce el da\u00f1o a la imagen que caus\u00f3 al partido.<\/p>\n<p>Pero el conflicto entre los blanquiazules apenas empieza, pues la c\u00fapula del PAN buscar\u00e1 sancionar al congresista Cordero.<\/p>\n<p>Para Madero, la actitud del senador \u201cmanda un mensaje muy inadecuado, es justo lo contrario a lo que los ciudadanos nos est\u00e1n pidiendo, un compromiso pleno, un compromiso total con el desempe\u00f1o del papel que no han asignado en las urnas\u201d. El domingo pasado, el senador fue captado en una de las gradas del estado de la Universidad de Arizona.<\/p>\n<p>Realmente, en el PAN de los \u00faltimos a\u00f1os se registraron hechos m\u00e1s escandalosos que el protagonizado por Cordero.<\/p>\n<p>Por ejemplo, las fiestas de los diputados blanquiazules en Puerto Vallarta. Los legisladores durante el d\u00eda se dedicaban a sus trabajos pol\u00edticos, por las noches se dedicaban a la dolce vita con sexoservidoras. De ah\u00ed, que el propio Cordero le contest\u00f3 a su enemigo que mejor se dedique a investigar el asunto de los \u201cmoches\u201d de sus amigos diputados. El pleito Madero vs Cordero es intrascendente, aunque agudiza el divisionismo partidista blanquiazul, nada favorable en temporada electorera.<\/p>\n<p style=\"text-align: center;\"><strong>LAS CANDIDATURAS<\/strong><\/p>\n<p>Son varios los ciudadanos que buscan participar como candidatos a puestos de elecci\u00f3n popular.<\/p>\n<p>Estos aspirantes no son pol\u00edticos profesionales. En algunos casos personas destacadas en cuerpo y alma a su profesi\u00f3n.<\/p>\n<p>En cuanto se conocieron las pretensiones de los no pol\u00edticos de obtener una candidatura surgieron las cr\u00edticas desfavorables.<\/p>\n<p>\u00bfPor qu\u00e9 el cuestionamiento?<\/p>\n<p>Porque frivolizan a la pol\u00edtica, pues le restan profundidad y seriedad. Obvio que se trata de una apreciaci\u00f3n falsa.<\/p>\n<p>Tan responsable y serio puede ser un jugador de futbol, un payaso que dedica un gran empe\u00f1o para provocar la risa en la gente, que un artista, una animadora, etc.<\/p>\n<p>Por ejemplo, Guillermo Cienfuegos, conocido como el payaso \u201cLagrimita\u201d, quien desempe\u00f1a un trabajo ejemplar, busca la candidatura independiente para presidencia municipal de Guadalajara.<\/p>\n<p>O Cuauht\u00e9moc Blanco, el gran \u201cCuau\u201d que aspira a ocupar la alcald\u00eda de Cuernavaca, Morelos, apoyado por el Partido Socialdem\u00f3crata. En la cancha, este futbolista es pundonor y entrega. Si as\u00ed como juega se desempe\u00f1a en la pol\u00edtica, los resultados ser\u00e1n positivos.<\/p>\n<p>En Morelos, los pol\u00edticos profesionales tienen muchos a\u00f1os de \u201cdesgobernar\u201d. Tr\u00e1tese de panista, pri\u00edsta o perredista. Los morelenses tienen derecho a contar con autoridades que los ayudan a erradicar la espiral de violencia que los mantiene agobiados.<\/p>\n<p>\u00bfTienen derecho o no los morelenses de probar otras autoridades que no sean pol\u00edticos profesionales corruptos?<\/p>\n<p>El Partido Encuentro Social (PS) tiene como candidatos al actor Alejandro Camacho y al doctor naturista, Abel Cruz. Ambos ciudadanos apreciados por la sociedad mexicana no se les podr\u00eda calificar de fr\u00edvolos o faltos de seriedad.<\/p>\n<p>En fin, los ciudadanos no pol\u00edticos o los independientes, en algunos casos, que incursionen en la pol\u00edtica tendr\u00e1n que superar los obst\u00e1culos que les pondr\u00e1 la partidocracia.<\/p>\n<p>Si usted, amable lector, pretende aspirar a una candidatura, lo mejor que podr\u00eda hacer es registrarse en alg\u00fan partido pol\u00edtico y ya con la bendici\u00f3n del monopolio partidista lanzarse a la aventura obtener un cargo p\u00fablico: alcald\u00eda, diputaci\u00f3n o gubernatura. Esta \u00faltima palabra no se encuentra registrada en el diccionario, pero suena bien.<\/p>\n<p><a href=\"mailto:aco2742@hotmail.com\" target=\"_blank\"><em>aco2742@hotmail.com<\/em><\/a><\/p>\n","protected":false},"excerpt":{"rendered":"<p><span style=\"color: #005497;\"><strong>Augusto Corro<\/strong><\/span><\/p>\n","protected":false},"author":3,"featured_media":0,"comment_status":"open","ping_status":"open","sticky":false,"template":"","format":"standard","meta":{"_monsterinsights_skip_tracking":false,"_monsterinsights_sitenote_active":false,"_monsterinsights_sitenote_note":"","_monsterinsights_sitenote_category":0,"footnotes":""},"categories":[157],"tags":[43686,43674,11515],"class_list":["post-205318","post","type-post","status-publish","format-standard","hentry","category-augusto-corro","tag-augusto-corro","tag-opinion","tag-punto-por-punto"],"_links":{"self":[{"href":"https:\/\/www.diarioimagen.net\/index.php?rest_route=\/wp\/v2\/posts\/205318","targetHints":{"allow":["GET"]}}],"collection":[{"href":"https:\/\/www.diarioimagen.net\/index.php?rest_route=\/wp\/v2\/posts"}],"about":[{"href":"https:\/\/www.diarioimagen.net\/index.php?rest_route=\/wp\/v2\/types\/post"}],"author":[{"embeddable":true,"href":"https:\/\/www.diarioimagen.net\/index.php?rest_route=\/wp\/v2\/users\/3"}],"replies":[{"embeddable":true,"href":"https:\/\/www.diarioimagen.net\/index.php?rest_route=%2Fwp%2Fv2%2Fcomments&post=205318"}],"version-history":[{"count":0,"href":"https:\/\/www.diarioimagen.net\/index.php?rest_route=\/wp\/v2\/posts\/205318\/revisions"}],"wp:attachment":[{"href":"https:\/\/www.diarioimagen.net\/index.php?rest_route=%2Fwp%2Fv2%2Fmedia&parent=205318"}],"wp:term":[{"taxonomy":"category","embeddable":true,"href":"https:\/\/www.diarioimagen.net\/index.php?rest_route=%2Fwp%2Fv2%2Fcategories&post=205318"},{"taxonomy":"post_tag","embeddable":true,"href":"https:\/\/www.diarioimagen.net\/index.php?rest_route=%2Fwp%2Fv2%2Ftags&post=205318"}],"curies":[{"name":"wp","href":"https:\/\/api.w.org\/{rel}","templated":true}]}}