{"id":205375,"date":"2015-02-04T00:04:18","date_gmt":"2015-02-04T06:04:18","guid":{"rendered":"http:\/\/www.diarioimagen.net\/?p=205375"},"modified":"2015-02-04T03:49:52","modified_gmt":"2015-02-04T09:49:52","slug":"dictan-formal-prision-a-dos-implicados-en-fraude-de-ficrea","status":"publish","type":"post","link":"https:\/\/www.diarioimagen.net\/?p=205375","title":{"rendered":"Dictan formal prisi\u00f3n a dos implicados en fraude de Ficrea"},"content":{"rendered":"<ul>\n<li><strong><em>Informa Consejo de la Judicatura<\/em><\/strong><\/li>\n<\/ul>\n<div id=\"attachment_201453\" style=\"width: 250px\" class=\"wp-caption alignleft\"><a href=\"http:\/\/www.diarioimagen.net\/?attachment_id=201453\" rel=\"attachment wp-att-201453\"><img loading=\"lazy\" decoding=\"async\" aria-describedby=\"caption-attachment-201453\" class=\"wp-image-201453 size-medium\" src=\"http:\/\/www.diarioimagen.net\/wp-content\/uploads\/2014\/12\/FICREA-2513-240x180.jpg\" alt=\"A uno se le dict\u00f3 auto de formal prisi\u00f3n por su probable responsabilidad en el delito de operaciones con recursos de procedencia il\u00edcita, en calidad de auxiliador.\" width=\"240\" height=\"180\" srcset=\"https:\/\/www.diarioimagen.net\/wp-content\/uploads\/2014\/12\/FICREA-2513-240x180.jpg 240w, https:\/\/www.diarioimagen.net\/wp-content\/uploads\/2014\/12\/FICREA-2513-420x315.jpg 420w, https:\/\/www.diarioimagen.net\/wp-content\/uploads\/2014\/12\/FICREA-2513.jpg 700w\" sizes=\"auto, (max-width: 240px) 100vw, 240px\" \/><\/a><p id=\"caption-attachment-201453\" class=\"wp-caption-text\">A uno se le dict\u00f3 auto de formal prisi\u00f3n por su probable responsabilidad en el delito de operaciones con recursos de procedencia il\u00edcita, en calidad de auxiliador.<\/p><\/div>\n<p>Un juzgado federal dict\u00f3 auto de formal prisi\u00f3n en contra de dos personas involucradas en el desv\u00edo de recursos de cuentahabientes de Ficrea, por su probable responsabilidad en el delito de operaciones con recursos de procedencia il\u00edcita, inform\u00f3 el Consejo de la Judicatura.<\/p>\n<p>En un comunicado, la instancia se\u00f1al\u00f3 que el Juzgado Tercero de Distrito de Procesos Penales Federales en el estado de M\u00e9xico, con residencia en Toluca, dict\u00f3 auto de formal prisi\u00f3n a dos personas acusadas del citado il\u00edcito, dentro de la causa penal 100\/2014.<\/p>\n<p>Detall\u00f3 que el pasado 22 de enero, en cumplimiento del mandato de captura, el agente del Ministerio P\u00fablico federal consign\u00f3 a dos personas ante el \u00f3rgano jurisdiccional, quienes quedaron a disposici\u00f3n en el Centro Federal de Readaptaci\u00f3n Social N\u00famero Uno Altiplano, en Almoloya de Ju\u00e1rez.<\/p>\n<p>Expuso que los dos presuntos responsables rindieron declaraci\u00f3n preparatoria y solicitaron la duplicidad del t\u00e9rmino constitucional, por lo que a uno se le dict\u00f3 auto de formal prisi\u00f3n por su probable responsabilidad en el delito de operaciones con recursos de procedencia il\u00edcita, en calidad de auxiliador.<\/p>\n","protected":false},"excerpt":{"rendered":"<p>Un juzgado federal dict\u00f3 auto de formal prisi\u00f3n en contra de dos personas involucradas en el desv\u00edo de recursos de cuentahabientes de Ficrea, por su probable responsabilidad en el delito de operaciones con recursos de procedencia il\u00edcita, inform\u00f3 el Consejo de la Judicatura.<\/p>\n","protected":false},"author":3,"featured_media":201453,"comment_status":"open","ping_status":"open","sticky":false,"template":"","format":"standard","meta":{"_monsterinsights_skip_tracking":false,"_monsterinsights_sitenote_active":false,"_monsterinsights_sitenote_note":"","_monsterinsights_sitenote_category":0,"footnotes":""},"categories":[7],"tags":[38103,22095,43677],"class_list":["post-205375","post","type-post","status-publish","format-standard","has-post-thumbnail","hentry","category-seguridad","tag-ficrea","tag-implicados","tag-seguridad"],"_links":{"self":[{"href":"https:\/\/www.diarioimagen.net\/index.php?rest_route=\/wp\/v2\/posts\/205375","targetHints":{"allow":["GET"]}}],"collection":[{"href":"https:\/\/www.diarioimagen.net\/index.php?rest_route=\/wp\/v2\/posts"}],"about":[{"href":"https:\/\/www.diarioimagen.net\/index.php?rest_route=\/wp\/v2\/types\/post"}],"author":[{"embeddable":true,"href":"https:\/\/www.diarioimagen.net\/index.php?rest_route=\/wp\/v2\/users\/3"}],"replies":[{"embeddable":true,"href":"https:\/\/www.diarioimagen.net\/index.php?rest_route=%2Fwp%2Fv2%2Fcomments&post=205375"}],"version-history":[{"count":0,"href":"https:\/\/www.diarioimagen.net\/index.php?rest_route=\/wp\/v2\/posts\/205375\/revisions"}],"wp:featuredmedia":[{"embeddable":true,"href":"https:\/\/www.diarioimagen.net\/index.php?rest_route=\/wp\/v2\/media\/201453"}],"wp:attachment":[{"href":"https:\/\/www.diarioimagen.net\/index.php?rest_route=%2Fwp%2Fv2%2Fmedia&parent=205375"}],"wp:term":[{"taxonomy":"category","embeddable":true,"href":"https:\/\/www.diarioimagen.net\/index.php?rest_route=%2Fwp%2Fv2%2Fcategories&post=205375"},{"taxonomy":"post_tag","embeddable":true,"href":"https:\/\/www.diarioimagen.net\/index.php?rest_route=%2Fwp%2Fv2%2Ftags&post=205375"}],"curies":[{"name":"wp","href":"https:\/\/api.w.org\/{rel}","templated":true}]}}