{"id":205477,"date":"2015-02-05T00:06:03","date_gmt":"2015-02-05T06:06:03","guid":{"rendered":"http:\/\/www.diarioimagen.net\/?p=205477"},"modified":"2015-02-06T05:11:38","modified_gmt":"2015-02-06T11:11:38","slug":"anuncia-eav-medidas-para-prevenir-corrupcion","status":"publish","type":"post","link":"https:\/\/www.diarioimagen.net\/?p=205477","title":{"rendered":"Anuncia EAV medidas para prevenir corrupci\u00f3n"},"content":{"rendered":"<ul>\n<li><strong><em>Se fortalecer\u00e1 la confianza entre sociedad y gobierno y obligar\u00e1n a un ejercicio gubernamental m\u00e1s responsable<\/em><\/strong><\/li>\n<\/ul>\n<div id=\"attachment_205548\" style=\"width: 250px\" class=\"wp-caption alignleft\"><a href=\"http:\/\/www.diarioimagen.net\/wp-content\/uploads\/2015\/02\/eruviel-2543.jpg\"><img loading=\"lazy\" decoding=\"async\" aria-describedby=\"caption-attachment-205548\" class=\"size-medium wp-image-205548\" src=\"http:\/\/www.diarioimagen.net\/wp-content\/uploads\/2015\/02\/eruviel-2543-240x135.jpg\" alt=\"El gobernador Eruviel \u00c1vila Villegas entreg\u00f3 apoyos de las Acciones por la Educaci\u00f3n, en beneficio de casi 5 mil alumnos, provenientes de 18 municipios de la regi\u00f3n de Ixtapan de la Sal.\" width=\"240\" height=\"135\" srcset=\"https:\/\/www.diarioimagen.net\/wp-content\/uploads\/2015\/02\/eruviel-2543-240x135.jpg 240w, https:\/\/www.diarioimagen.net\/wp-content\/uploads\/2015\/02\/eruviel-2543-420x236.jpg 420w, https:\/\/www.diarioimagen.net\/wp-content\/uploads\/2015\/02\/eruviel-2543.jpg 480w, https:\/\/www.diarioimagen.net\/wp-content\/uploads\/2015\/02\/eruviel-2543-235x132.jpg 235w, https:\/\/www.diarioimagen.net\/wp-content\/uploads\/2015\/02\/eruviel-2543-202x114.jpg 202w, https:\/\/www.diarioimagen.net\/wp-content\/uploads\/2015\/02\/eruviel-2543-350x196.jpg 350w, https:\/\/www.diarioimagen.net\/wp-content\/uploads\/2015\/02\/eruviel-2543-220x123.jpg 220w, https:\/\/www.diarioimagen.net\/wp-content\/uploads\/2015\/02\/eruviel-2543-237x132.jpg 237w\" sizes=\"auto, (max-width: 240px) 100vw, 240px\" \/><\/a><p id=\"caption-attachment-205548\" class=\"wp-caption-text\">El gobernador Eruviel \u00c1vila Villegas entreg\u00f3 apoyos de las Acciones por la Educaci\u00f3n, en beneficio de casi 5 mil alumnos, provenientes de 18 municipios de la regi\u00f3n de Ixtapan de la Sal.<\/p><\/div>\n<p><strong>Ixtapan de la Sal, Estado de M\u00e9xico<\/strong>.- En concordancia con las ocho medidas dadas a conocer por el presidente Enrique Pe\u00f1a Nieto, que tienen el objetivo de combatir la corrupci\u00f3n, el gobernador Eruviel \u00c1vila Villegas anunci\u00f3 una serie de acciones en esta materia que se instrumentar\u00e1n a nivel estatal, como la instrucci\u00f3n a los m\u00e1s de 100 mil servidores p\u00fablicos, estatales y municipales, para que, a partir de mayo pr\u00f3ximo, adem\u00e1s de la declaraci\u00f3n\u00a0 de bienes, atiendan la declaraci\u00f3n de posibles conflictos de inter\u00e9s, con la finalidad de demostrar la transparencia con la que se trabaja en el gobierno del Estado de M\u00e9xico y fortalecer el ejercicio de rendici\u00f3n de cuentas.<\/p>\n<p>\u201cHoy quiero informarles que siguiendo el ejemplo del gobierno federal, en el Estado de M\u00e9xico en este momento instruyo al gabinete del estado para que todos, los m\u00e1s de 100 mil servidores p\u00fablicos, estatales y municipales, a partir de este mes de mayo, adem\u00e1s de su declaraci\u00f3n de bienes, puedan llenar y atender la declaraci\u00f3n de posibles conflictos de inter\u00e9s, para poder demostrar a\u00fan m\u00e1s la transparencia con la que trabajamos en el Estado de M\u00e9xico\u201d.<\/p>\n<p>Luego de reconocer al Presidente de la Rep\u00fablica por establecer un precedente para combatir la corrupci\u00f3n, fortalecer la legalidad y avanzar en el respeto a la transparencia y la rendici\u00f3n de cuentas en el pa\u00eds, Eruviel \u00c1vila consider\u00f3 que las medidas fortalecer\u00e1n la confianza entre sociedad y gobierno y obligar\u00e1n a un ejercicio gubernamental m\u00e1s responsable.<\/p>\n<p>Asimismo, precis\u00f3 que en la entidad se implementar\u00e1n las ocho Acciones Ejecutivas para Prevenir la Corrupci\u00f3n y Evitar los Conflictos de Inter\u00e9s anunciadas por el primer mandatario, entre ellas:<\/p>\n<p>Que los m\u00e1s de 100 mil servidores p\u00fablicos estatales y municipales presenten a partir de mayo pr\u00f3ximo una declaraci\u00f3n de posibles conflictos de inter\u00e9s, adem\u00e1s de la Manifestaci\u00f3n Anual de Bienes. La creaci\u00f3n de una Unidad Especializada en \u00c9tica y Prevenci\u00f3n de Conflictos de Inter\u00e9s, dependiente de la Secretar\u00eda de la Contralor\u00eda. En este aspecto propondr\u00e1 al Congreso local una reforma para replicar \u00e9sta en los ayuntamientos.<\/p>\n","protected":false},"excerpt":{"rendered":"<p>En concordancia con las ocho medidas dadas a conocer por el presidente Enrique Pe\u00f1a Nieto, que tienen el objetivo de combatir la corrupci\u00f3n, el gobernador Eruviel \u00c1vila Villegas anunci\u00f3 una serie de acciones en esta materia que se instrumentar\u00e1n a nivel estatal, como la instrucci\u00f3n a los m\u00e1s de 100 mil servidores p\u00fablicos, estatales y municipales, para que, a partir de mayo pr\u00f3ximo, adem\u00e1s de la declaraci\u00f3n  de bienes, atiendan la declaraci\u00f3n de posibles conflictos de inter\u00e9s, con la finalidad de demostrar la transparencia con la que se trabaja en el gobierno del Estado de M\u00e9xico y fortalecer el ejercicio de rendici\u00f3n de cuentas.<\/p>\n","protected":false},"author":3,"featured_media":205548,"comment_status":"open","ping_status":"open","sticky":false,"template":"","format":"standard","meta":{"_monsterinsights_skip_tracking":false,"_monsterinsights_sitenote_active":false,"_monsterinsights_sitenote_note":"","_monsterinsights_sitenote_category":0,"footnotes":""},"categories":[5],"tags":[6665,20049,43675,250],"class_list":["post-205477","post","type-post","status-publish","format-standard","has-post-thumbnail","hentry","category-estado-de-mexico","tag-corrupcion","tag-eav","tag-estado-de-mexico","tag-ixtapan-de-la-sal"],"_links":{"self":[{"href":"https:\/\/www.diarioimagen.net\/index.php?rest_route=\/wp\/v2\/posts\/205477","targetHints":{"allow":["GET"]}}],"collection":[{"href":"https:\/\/www.diarioimagen.net\/index.php?rest_route=\/wp\/v2\/posts"}],"about":[{"href":"https:\/\/www.diarioimagen.net\/index.php?rest_route=\/wp\/v2\/types\/post"}],"author":[{"embeddable":true,"href":"https:\/\/www.diarioimagen.net\/index.php?rest_route=\/wp\/v2\/users\/3"}],"replies":[{"embeddable":true,"href":"https:\/\/www.diarioimagen.net\/index.php?rest_route=%2Fwp%2Fv2%2Fcomments&post=205477"}],"version-history":[{"count":0,"href":"https:\/\/www.diarioimagen.net\/index.php?rest_route=\/wp\/v2\/posts\/205477\/revisions"}],"wp:featuredmedia":[{"embeddable":true,"href":"https:\/\/www.diarioimagen.net\/index.php?rest_route=\/wp\/v2\/media\/205548"}],"wp:attachment":[{"href":"https:\/\/www.diarioimagen.net\/index.php?rest_route=%2Fwp%2Fv2%2Fmedia&parent=205477"}],"wp:term":[{"taxonomy":"category","embeddable":true,"href":"https:\/\/www.diarioimagen.net\/index.php?rest_route=%2Fwp%2Fv2%2Fcategories&post=205477"},{"taxonomy":"post_tag","embeddable":true,"href":"https:\/\/www.diarioimagen.net\/index.php?rest_route=%2Fwp%2Fv2%2Ftags&post=205477"}],"curies":[{"name":"wp","href":"https:\/\/api.w.org\/{rel}","templated":true}]}}