{"id":205479,"date":"2015-02-05T00:13:08","date_gmt":"2015-02-05T06:13:08","guid":{"rendered":"http:\/\/www.diarioimagen.net\/?p=205479"},"modified":"2015-02-05T03:58:01","modified_gmt":"2015-02-05T09:58:01","slug":"fomento-a-la-transparencia-en-el-gobierno","status":"publish","type":"post","link":"https:\/\/www.diarioimagen.net\/?p=205479","title":{"rendered":"Fomento a la transparencia en el gobierno"},"content":{"rendered":"<h2>Arco Norte<\/h2>\n<h5>Jos\u00e9 Luis Monta\u00f1ez Aguilar<\/h5>\n<p>&nbsp;<\/p>\n<div id=\"attachment_205554\" style=\"width: 250px\" class=\"wp-caption alignleft\"><a href=\"http:\/\/www.diarioimagen.net\/wp-content\/uploads\/2015\/02\/arco-2543.jpg\"><img loading=\"lazy\" decoding=\"async\" aria-describedby=\"caption-attachment-205554\" class=\"size-medium wp-image-205554\" src=\"http:\/\/www.diarioimagen.net\/wp-content\/uploads\/2015\/02\/arco-2543-240x135.jpg\" alt=\"En el Gobierno del Estado de M\u00e9xico se fortalece el ejercicio de rendici\u00f3n de cuentas, y en concordancia con las ocho medidas dadas a conocer por el presidente Enrique Pe\u00f1a Nieto, que tienen el objetivo de combatir la corrupci\u00f3n, en la entidad mexiquense se pondr\u00e1n en marcha una serie de acciones en esta materia.\" width=\"240\" height=\"135\" srcset=\"https:\/\/www.diarioimagen.net\/wp-content\/uploads\/2015\/02\/arco-2543-240x135.jpg 240w, https:\/\/www.diarioimagen.net\/wp-content\/uploads\/2015\/02\/arco-2543-420x236.jpg 420w, https:\/\/www.diarioimagen.net\/wp-content\/uploads\/2015\/02\/arco-2543.jpg 480w, https:\/\/www.diarioimagen.net\/wp-content\/uploads\/2015\/02\/arco-2543-235x132.jpg 235w, https:\/\/www.diarioimagen.net\/wp-content\/uploads\/2015\/02\/arco-2543-202x114.jpg 202w, https:\/\/www.diarioimagen.net\/wp-content\/uploads\/2015\/02\/arco-2543-350x196.jpg 350w, https:\/\/www.diarioimagen.net\/wp-content\/uploads\/2015\/02\/arco-2543-220x123.jpg 220w, https:\/\/www.diarioimagen.net\/wp-content\/uploads\/2015\/02\/arco-2543-237x132.jpg 237w\" sizes=\"auto, (max-width: 240px) 100vw, 240px\" \/><\/a><p id=\"caption-attachment-205554\" class=\"wp-caption-text\">En el Gobierno del Estado de M\u00e9xico se fortalece el ejercicio de rendici\u00f3n de cuentas, y en concordancia con las ocho medidas dadas a conocer por el presidente Enrique Pe\u00f1a Nieto, que tienen el objetivo de combatir la corrupci\u00f3n, en la entidad mexiquense se pondr\u00e1n en marcha una serie de acciones en esta materia.<\/p><\/div>\n<p>Con el objetivo de combatir la corrupci\u00f3n Eruviel \u00c1vila Villegas anunci\u00f3 ayer una serie de acciones en esta materia que se instrumentar\u00e1n a nivel estatal, como la instrucci\u00f3n a los m\u00e1s de 100 mil servidores p\u00fablicos, estatales y municipales, para que, a partir de mayo pr\u00f3ximo, adem\u00e1s de la declaraci\u00f3n\u00a0 de bienes, atiendan la declaraci\u00f3n de posibles conflictos de inter\u00e9s, con la finalidad de demostrar la transparencia con la que se trabaja en el gobierno del Estado de M\u00e9xico y fortalecer el ejercicio de rendici\u00f3n de cuentas. Luego de reconocer al Presidente de la Rep\u00fablica por establecer un precedente para combatir la corrupci\u00f3n, fortalecer la legalidad y avanzar en el respeto a la transparencia y la rendici\u00f3n de cuentas en el pa\u00eds, \u00c1vila Villegas consider\u00f3 que las medidas fortalecer\u00e1n la confianza entre sociedad y gobierno y obligar\u00e1n a un ejercicio gubernamental m\u00e1s responsable. Precis\u00f3 que en la entidad se implementar\u00e1n las ocho Acciones Ejecutivas para Prevenir la Corrupci\u00f3n y Evitar los Conflictos de Inter\u00e9s anunciadas por el primer mandatario. El gobernador encabez\u00f3 ayer la entrega de apoyos de las Acciones por la Educaci\u00f3n, en beneficio de aproximadamente 5 mil alumnos de 18 municipios de la regi\u00f3n Ixtapan de la Sal, En este acto, el mandatario otorg\u00f3 becas, a trav\u00e9s de La Efectiva, a integrantes de escoltas de bandera; computadoras a alumnos con los mejores promedios y dio a conocer que en la presente administraci\u00f3n se han entregado m\u00e1s de 41 mil equipos; adem\u00e1s inform\u00f3 que se equipar\u00e1n este a\u00f1o mil laboratorios de c\u00f3mputo. Tambi\u00e9n entreg\u00f3 La Efectiva con la que se podr\u00e1n obtener a partir del 8 de junio vales por 130 pesos para la compra de \u00fatiles escolares de alumnos de preescolar, primaria y secundaria.<\/p>\n<p><em><a href=\"mailto:montanezaguilar@gmail.com\" target=\"_blank\">montanezaguilar@gmail.com<\/a><\/em><\/p>\n","protected":false},"excerpt":{"rendered":"<p><span style=\"color: #005497;\"><strong>Jos\u00e9 Luis Monta\u00f1ez Aguilar<\/strong><\/span><br \/>\n<br \/>\nCon el objetivo de combatir la corrupci\u00f3n Eruviel \u00c1vila Villegas anunci\u00f3 ayer<\/p>\n","protected":false},"author":3,"featured_media":205554,"comment_status":"open","ping_status":"open","sticky":false,"template":"","format":"standard","meta":{"_monsterinsights_skip_tracking":false,"_monsterinsights_sitenote_active":false,"_monsterinsights_sitenote_note":"","_monsterinsights_sitenote_category":0,"footnotes":""},"categories":[5],"tags":[13284,43704,43674],"class_list":["post-205479","post","type-post","status-publish","format-standard","has-post-thumbnail","hentry","category-estado-de-mexico","tag-arco-norte","tag-jose-luis-montanez-aguilar","tag-opinion"],"_links":{"self":[{"href":"https:\/\/www.diarioimagen.net\/index.php?rest_route=\/wp\/v2\/posts\/205479","targetHints":{"allow":["GET"]}}],"collection":[{"href":"https:\/\/www.diarioimagen.net\/index.php?rest_route=\/wp\/v2\/posts"}],"about":[{"href":"https:\/\/www.diarioimagen.net\/index.php?rest_route=\/wp\/v2\/types\/post"}],"author":[{"embeddable":true,"href":"https:\/\/www.diarioimagen.net\/index.php?rest_route=\/wp\/v2\/users\/3"}],"replies":[{"embeddable":true,"href":"https:\/\/www.diarioimagen.net\/index.php?rest_route=%2Fwp%2Fv2%2Fcomments&post=205479"}],"version-history":[{"count":0,"href":"https:\/\/www.diarioimagen.net\/index.php?rest_route=\/wp\/v2\/posts\/205479\/revisions"}],"wp:featuredmedia":[{"embeddable":true,"href":"https:\/\/www.diarioimagen.net\/index.php?rest_route=\/wp\/v2\/media\/205554"}],"wp:attachment":[{"href":"https:\/\/www.diarioimagen.net\/index.php?rest_route=%2Fwp%2Fv2%2Fmedia&parent=205479"}],"wp:term":[{"taxonomy":"category","embeddable":true,"href":"https:\/\/www.diarioimagen.net\/index.php?rest_route=%2Fwp%2Fv2%2Fcategories&post=205479"},{"taxonomy":"post_tag","embeddable":true,"href":"https:\/\/www.diarioimagen.net\/index.php?rest_route=%2Fwp%2Fv2%2Ftags&post=205479"}],"curies":[{"name":"wp","href":"https:\/\/api.w.org\/{rel}","templated":true}]}}