{"id":205493,"date":"2015-02-05T00:09:42","date_gmt":"2015-02-05T06:09:42","guid":{"rendered":"http:\/\/www.diarioimagen.net\/?p=205493"},"modified":"2015-02-05T04:01:10","modified_gmt":"2015-02-05T10:01:10","slug":"ebrard-comparece-manana-ante-la-comision-de-linea-12","status":"publish","type":"post","link":"https:\/\/www.diarioimagen.net\/?p=205493","title":{"rendered":"Ebrard comparece ma\u00f1ana ante la comisi\u00f3n de L\u00ednea 12"},"content":{"rendered":"<ul>\n<li><strong><em>Presenta queja ante la CNDH<\/em><\/strong><\/li>\n<\/ul>\n<div id=\"attachment_205576\" style=\"width: 250px\" class=\"wp-caption alignleft\"><a href=\"http:\/\/www.diarioimagen.net\/wp-content\/uploads\/2015\/02\/ebrard-2543.jpg\"><img loading=\"lazy\" decoding=\"async\" aria-describedby=\"caption-attachment-205576\" class=\"size-medium wp-image-205576\" src=\"http:\/\/www.diarioimagen.net\/wp-content\/uploads\/2015\/02\/ebrard-2543-240x135.jpg\" alt=\"Marcelo Ebrard Casaub\u00f3n, ex jefe de gobierno del DF, interpuso una queja ante la CNDH.\" width=\"240\" height=\"135\" srcset=\"https:\/\/www.diarioimagen.net\/wp-content\/uploads\/2015\/02\/ebrard-2543-240x135.jpg 240w, https:\/\/www.diarioimagen.net\/wp-content\/uploads\/2015\/02\/ebrard-2543-420x236.jpg 420w, https:\/\/www.diarioimagen.net\/wp-content\/uploads\/2015\/02\/ebrard-2543.jpg 480w, https:\/\/www.diarioimagen.net\/wp-content\/uploads\/2015\/02\/ebrard-2543-235x132.jpg 235w, https:\/\/www.diarioimagen.net\/wp-content\/uploads\/2015\/02\/ebrard-2543-202x114.jpg 202w, https:\/\/www.diarioimagen.net\/wp-content\/uploads\/2015\/02\/ebrard-2543-350x196.jpg 350w, https:\/\/www.diarioimagen.net\/wp-content\/uploads\/2015\/02\/ebrard-2543-220x123.jpg 220w, https:\/\/www.diarioimagen.net\/wp-content\/uploads\/2015\/02\/ebrard-2543-237x132.jpg 237w\" sizes=\"auto, (max-width: 240px) 100vw, 240px\" \/><\/a><p id=\"caption-attachment-205576\" class=\"wp-caption-text\">Marcelo Ebrard Casaub\u00f3n, ex jefe de gobierno del DF, interpuso una queja ante la CNDH.<\/p><\/div>\n<p>El ex jefe de gobierno del Distrito Federal, Marcelo Ebrard Casaubon, interpuso una queja ante la Comisi\u00f3n Nacional de los Derechos Humanos (CNDH) porque considera que el informe preliminar de la C\u00e1mara de Diputados sobre la L\u00ednea 12 atenta contra su fama p\u00fablica, por lo que exigir\u00e1 la reparaci\u00f3n del da\u00f1o.<\/p>\n<p>En resumen, dijo Ebrard Casaubon tras entregar su queja, \u201cse pide la protecci\u00f3n de la Comisi\u00f3n Nacional de los Derechos Humanos a mis derechos fundamentales\u201d.<\/p>\n<p>Previo a su ingreso a la sede de la CNDH, el ex mandatario capitalino reiter\u00f3 que el informe preliminar en el que se le se\u00f1ala como principal responsable de las fallas en la L\u00ednea Dorada, tiene tintes pol\u00edticos por parte del gobierno federal y el PRI.<\/p>\n<p>A Presidencia, Gobernaci\u00f3n y al PRI no les interesa la L\u00ednea 12, \u201cles interesa su servidor, y esto es como un juicio pol\u00edtico porque si no me hubieran escuchado\u201d, acus\u00f3 Ebrard.<\/p>\n<p>Critic\u00f3 que los diputados del tricolor \u201ctienen fuero para dar sus opiniones, pero pueden calumniar a una persona impunemente, cuando se dice algo que sea una falsedad (contra m\u00ed), entonces tienes derecho a reparaci\u00f3n del da\u00f1o\u201d.<\/p>\n<p>Se\u00f1al\u00f3 que pedir\u00e1 copia certificada \u201cde lo dicho ayer en tribuna (de la C\u00e1mara de Diputados) para iniciar un procedimiento que se llama reparaci\u00f3n del da\u00f1o en funci\u00f3n de evidentes falsedades que se han sostenido por parte del PRI y sus diputados\u201d.<\/p>\n<p>Cuestionado sobre si tiene sospecha de una supuesta complicidad entre el gobierno capitalino y el federal en el tema de la L\u00ednea 12, dijo que \u00e9l identifica a \u201cLos Pinos y (la Secretar\u00eda de) Gobernaci\u00f3n\u201d detr\u00e1s del informe de San L\u00e1zaro.<\/p>\n<p>\u201cNo veo que el doctor (Miguel \u00c1ngel) Mancera maneje a la mayor\u00eda del grupo parlamentario del PRI (para elaborar el informe sobre L\u00ednea 12)\u201d, expres\u00f3.<\/p>\n<p>El ex gobernante adelant\u00f3 que primero acudir\u00e1 a las instancias nacionales en materia de derechos humanos, pero no descart\u00f3 que tambi\u00e9n pueda acudir a organismos internacionales. Confirm\u00f3 que el viernes acudir\u00e1 a comparecer a la Comisi\u00f3n de Especial de la L\u00ednea 12 en C\u00e1mara de Diputados y enfatiz\u00f3 que \u201cquedar\u00e1 claro que ese informe es falaz\u201d.<\/p>\n<p>Ebrard Casaubon insisti\u00f3 en que no teme ser investigado en relaci\u00f3n con la L\u00ednea 12 porque, asegur\u00f3, probar\u00e1 que no ha cometido ning\u00fan delito.<\/p>\n<p style=\"text-align: center;\"><strong>Recibe formalmente\u00a0<\/strong><strong style=\"line-height: 1.5;\">invitaci\u00f3n<\/strong><\/p>\n<p>Marcelo Ebrard recibi\u00f3 formalmente ayer la invitaci\u00f3n a comparecer este viernes a las 17:00 horas ante la comisi\u00f3n especial para el seguimiento al ejercicio de los recursos federales destinados a la L\u00ednea 12 del Metro.<\/p>\n<p>El perredista podr\u00e1 exponer en el encuentro con los diputados integrantes de la comisi\u00f3n especial sus observaciones al informe que lo se\u00f1ala como responsable de las irregularidades que mantienen suspendida la operaci\u00f3n de 11 estaciones de la L\u00ednea 12 del Sistema de Transporte Colectivo Metro.<\/p>\n<p>En respuesta a su solicitud de audiencia, el pri\u00edsta Marco Antonio Calzada, presidente de la comisi\u00f3n especial, remiti\u00f3 a Ebrard una comunicaci\u00f3n para convocarlo a exponer sus comentarios por la problem\u00e1tica de la L\u00ednea Dorada.<\/p>\n<p>\u201cEn atenci\u00f3n a su oficio de fecha 28 de enero del presente a\u00f1o y para continuar con las actividades y reuniones de trabajo que venimos realizando, le informo que esta comisi\u00f3n ha decidido en consenso recibirlo formalmente para que exponga sus comentarios en torno a la problem\u00e1tica existente en la L\u00ednea 12 del Metro, para lo cual este \u00f3rgano legislativo sesionar\u00e1 el pr\u00f3ximo viernes 6 de febrero, a partir de las 17:00 horas, en el Sal\u00f3n C de Los Cristales\u201d.<\/p>\n","protected":false},"excerpt":{"rendered":"<p>El ex jefe de gobierno del Distrito Federal, Marcelo Ebrard Casaubon, interpuso una queja ante la Comisi\u00f3n Nacional de los Derechos Humanos (CNDH) porque considera que el informe preliminar de la C\u00e1mara de Diputados sobre la L\u00ednea 12 atenta contra su fama p\u00fablica, por lo que exigir\u00e1 la reparaci\u00f3n del da\u00f1o.<\/p>\n","protected":false},"author":3,"featured_media":205576,"comment_status":"open","ping_status":"open","sticky":false,"template":"","format":"standard","meta":{"_monsterinsights_skip_tracking":false,"_monsterinsights_sitenote_active":false,"_monsterinsights_sitenote_note":"","_monsterinsights_sitenote_category":0,"footnotes":""},"categories":[6],"tags":[204,1630,8433,7350],"class_list":["post-205493","post","type-post","status-publish","format-standard","has-post-thumbnail","hentry","category-cd-de-mexico","tag-ciudad-de-mexico","tag-cndh","tag-linea-12","tag-marcelo-ebrard-casaubon"],"_links":{"self":[{"href":"https:\/\/www.diarioimagen.net\/index.php?rest_route=\/wp\/v2\/posts\/205493","targetHints":{"allow":["GET"]}}],"collection":[{"href":"https:\/\/www.diarioimagen.net\/index.php?rest_route=\/wp\/v2\/posts"}],"about":[{"href":"https:\/\/www.diarioimagen.net\/index.php?rest_route=\/wp\/v2\/types\/post"}],"author":[{"embeddable":true,"href":"https:\/\/www.diarioimagen.net\/index.php?rest_route=\/wp\/v2\/users\/3"}],"replies":[{"embeddable":true,"href":"https:\/\/www.diarioimagen.net\/index.php?rest_route=%2Fwp%2Fv2%2Fcomments&post=205493"}],"version-history":[{"count":0,"href":"https:\/\/www.diarioimagen.net\/index.php?rest_route=\/wp\/v2\/posts\/205493\/revisions"}],"wp:featuredmedia":[{"embeddable":true,"href":"https:\/\/www.diarioimagen.net\/index.php?rest_route=\/wp\/v2\/media\/205576"}],"wp:attachment":[{"href":"https:\/\/www.diarioimagen.net\/index.php?rest_route=%2Fwp%2Fv2%2Fmedia&parent=205493"}],"wp:term":[{"taxonomy":"category","embeddable":true,"href":"https:\/\/www.diarioimagen.net\/index.php?rest_route=%2Fwp%2Fv2%2Fcategories&post=205493"},{"taxonomy":"post_tag","embeddable":true,"href":"https:\/\/www.diarioimagen.net\/index.php?rest_route=%2Fwp%2Fv2%2Ftags&post=205493"}],"curies":[{"name":"wp","href":"https:\/\/api.w.org\/{rel}","templated":true}]}}