{"id":205631,"date":"2015-02-06T00:07:13","date_gmt":"2015-02-06T06:07:13","guid":{"rendered":"http:\/\/www.diarioimagen.net\/?p=205631"},"modified":"2015-02-09T03:11:46","modified_gmt":"2015-02-09T09:11:46","slug":"se-reducira-en-2-mil-320-mdp-gasto-del-gobierno-del-edomex","status":"publish","type":"post","link":"https:\/\/www.diarioimagen.net\/?p=205631","title":{"rendered":"Se reducir\u00e1 en 2 mil 320 mdp gasto del gobierno del Edomex"},"content":{"rendered":"<ul>\n<li><strong><em>Implementaci\u00f3n de medidas de racionalizaci\u00f3n, austeridad y disciplina presupuestaria en el Plan de Ajuste, se\u00f1ala Erasto Mart\u00ednez Rojas<\/em><\/strong><\/li>\n<\/ul>\n<div id=\"attachment_205706\" style=\"width: 250px\" class=\"wp-caption alignleft\"><a href=\"http:\/\/www.diarioimagen.net\/?attachment_id=205706\" rel=\"attachment wp-att-205706\"><img loading=\"lazy\" decoding=\"async\" aria-describedby=\"caption-attachment-205706\" class=\"size-medium wp-image-205706\" src=\"http:\/\/www.diarioimagen.net\/wp-content\/uploads\/2015\/02\/eruviel-2544-240x160.jpg\" alt=\"Durante la inauguraci\u00f3n del Centro de Distribuci\u00f3n de Partes Mopar en Toluca, El gobernador Eruviel \u00c1vila Villegas anunci\u00f3 que como parte de las medidas del Plan de Ajuste al Gasto P\u00fablico, que se llevar\u00e1n a cabo en la entidad, se reducir\u00e1 un 10 por ciento su salario, as\u00ed como el de secretarios y subsecretarios.\" width=\"240\" height=\"160\" srcset=\"https:\/\/www.diarioimagen.net\/wp-content\/uploads\/2015\/02\/eruviel-2544-240x160.jpg 240w, https:\/\/www.diarioimagen.net\/wp-content\/uploads\/2015\/02\/eruviel-2544-420x280.jpg 420w, https:\/\/www.diarioimagen.net\/wp-content\/uploads\/2015\/02\/eruviel-2544.jpg 1200w\" sizes=\"auto, (max-width: 240px) 100vw, 240px\" \/><\/a><p id=\"caption-attachment-205706\" class=\"wp-caption-text\">Durante la inauguraci\u00f3n del Centro de Distribuci\u00f3n de Partes Mopar en Toluca, El gobernador Eruviel \u00c1vila Villegas anunci\u00f3 que como parte de las medidas del Plan de Ajuste al Gasto P\u00fablico, que se llevar\u00e1n a cabo en la entidad, se reducir\u00e1 un 10 por ciento su salario, as\u00ed como el de secretarios y subsecretarios.<\/p><\/div>\n<p><strong>Toluca, Estado de M\u00e9xico<\/strong>.- En concordancia con las Medidas de Responsabilidad Fiscal emprendidas por el gobierno federal, el gobierno del Estado de M\u00e9xico proyecta reducir 2 mil 320 millones de pesos al gasto programable del Poder Ejecutivo, a trav\u00e9s del Plan de Ajuste al Gasto P\u00fablico, con la implementaci\u00f3n de medidas de racionalizaci\u00f3n, austeridad y disciplina presupuestaria.<\/p>\n<p>\u201cEn estas medidas no se cancelan los proyectos de infraestructura, ni reduciendo ning\u00fan programa social, ni se pone en riesgo la prestaci\u00f3n de los servicios p\u00fablicos en los sectores de salud, educaci\u00f3n, seguridad p\u00fablica, procuraci\u00f3n de justicia, y no se prev\u00e9 despedir a ning\u00fan servidor p\u00fablico\u201d, se\u00f1al\u00f3 Erasto Mart\u00ednez Rojas, secretario de Finanzas.<\/p>\n<p>El establecimiento de este plan tiene como directriz continuar con el\u00a0 cumplimiento de los objetivos de los programas contenidos en el Plan de Desarrollo del Estado de M\u00e9xico; por ello, se realiz\u00f3 un an\u00e1lisis exhaustivo de cada rubro de gasto corriente, con la finalidad de mantener \u00fanicamente las asignaciones presupuestales las actividades p\u00fablicas que representen beneficios directos para la poblaci\u00f3n mexiquense como lo son: los programas sociales y las Acciones por la Educaci\u00f3n.<\/p>\n<p>El secretario indic\u00f3 que entre las medidas que se estar\u00e1n implementando destacan 10 puntos principales:<\/p>\n<p>1.Se aplicar\u00e1 una reducci\u00f3n al sueldo del gobernador, as\u00ed como de los secretarios y subsecretarios en un 10 por ciento; esto es adicional al decremento del 5 por ciento llevado a cabo en 2013.<\/p>\n<ol start=\"2\">\n<li>Se cancelan las partidas de congresos, convenciones, gastos de representaci\u00f3n, vi\u00e1ticos y viajes.<\/li>\n<\/ol>\n<p>3.Se reitera la restricci\u00f3n para la contrataci\u00f3n del servicio de telefon\u00eda celular, as\u00ed como la cancelaci\u00f3n de la renovaci\u00f3n del servicio de radiocomunicaci\u00f3n. \u00danicamente las funciones de seguridad p\u00fablica, las de protecci\u00f3n civil\u00a0y los veh\u00edculos de funcionarios que requieren hacer traslados, como auditores y efectuar actividades relacionadas con la obra p\u00fablica continuar\u00e1n con estos servicios.<\/p>\n<ol start=\"4\">\n<li>Se cancela tambi\u00e9n la asignaci\u00f3n de combustible para los veh\u00edculos de asignaci\u00f3n directa que no cumplan con las funciones descritas en el punto anterior.<\/li>\n<li>Igualmente, se cancelan todas las partidas para adquisici\u00f3n y arrendamiento de veh\u00edculos que no cumplan con las caracter\u00edsticas de uso anteriormente se\u00f1aladas.<\/li>\n<li>En el rubro de comunicaci\u00f3n social se har\u00e1 una reducci\u00f3n del 10 por ciento, lo cual considera todas aquellas erogaciones destinadas a la publicidad y propaganda de acciones gubernamentales.<\/li>\n<li>Se reduce al 90 por ciento la reparaci\u00f3n y mantenimiento de inmuebles, autoriz\u00e1ndose s\u00f3lo aquellas que de acuerdo con el dictamen de la Coordinaci\u00f3n General de Protecci\u00f3n Civil del Estado y la Direcci\u00f3n General de Innovaci\u00f3n sean necesarios realizar por riesgo a los servidores p\u00fablicos y a la poblaci\u00f3n en general.<\/li>\n<li>Se establecer\u00e1n lineamientos para reducir al m\u00e1ximo los gastos de oficina.<\/li>\n<li>Se reducen al 50 por ciento los gastos de servicios menores y se revisar\u00e1n todos los inmuebles arrendados por el gobierno estatal para optimizar espacios y reducir costos en este rubro.<\/li>\n<li>Las oficinas administrativas de las dependencias y entidades p\u00fablicas deber\u00e1n implementar las medidas necesarias para que puedan generar un ahorro a la partida de energ\u00eda el\u00e9ctrica en un 20 por ciento.<\/li>\n<\/ol>\n<p>Erasto Mart\u00ednez inform\u00f3 que en el gobierno del Estado de M\u00e9xico prevalecer\u00e1 un manejo de los recursos p\u00fablicos responsable, transparente y eficiente, con una marcada orientaci\u00f3n social, para mantener finanzas sanas como hasta ahora y, al mismo tiempo, cumplir cabalmente con los compromisos fijados por esta administraci\u00f3n, en beneficio de todos los mexiquenses.<\/p>\n","protected":false},"excerpt":{"rendered":"<p>En concordancia con las Medidas de Responsabilidad Fiscal emprendidas por el gobierno federal, el gobierno del Estado de M\u00e9xico proyecta reducir 2 mil 320 millones de pesos al gasto programable del Poder Ejecutivo, a trav\u00e9s del Plan de Ajuste al Gasto P\u00fablico, con la implementaci\u00f3n de medidas de racionalizaci\u00f3n, austeridad y disciplina presupuestaria.<\/p>\n","protected":false},"author":3,"featured_media":205706,"comment_status":"open","ping_status":"open","sticky":false,"template":"","format":"standard","meta":{"_monsterinsights_skip_tracking":false,"_monsterinsights_sitenote_active":false,"_monsterinsights_sitenote_note":"","_monsterinsights_sitenote_category":0,"footnotes":""},"categories":[5],"tags":[5828,43675,452],"class_list":["post-205631","post","type-post","status-publish","format-standard","has-post-thumbnail","hentry","category-estado-de-mexico","tag-eruviel-avila-villegas","tag-estado-de-mexico","tag-toluca"],"_links":{"self":[{"href":"https:\/\/www.diarioimagen.net\/index.php?rest_route=\/wp\/v2\/posts\/205631","targetHints":{"allow":["GET"]}}],"collection":[{"href":"https:\/\/www.diarioimagen.net\/index.php?rest_route=\/wp\/v2\/posts"}],"about":[{"href":"https:\/\/www.diarioimagen.net\/index.php?rest_route=\/wp\/v2\/types\/post"}],"author":[{"embeddable":true,"href":"https:\/\/www.diarioimagen.net\/index.php?rest_route=\/wp\/v2\/users\/3"}],"replies":[{"embeddable":true,"href":"https:\/\/www.diarioimagen.net\/index.php?rest_route=%2Fwp%2Fv2%2Fcomments&post=205631"}],"version-history":[{"count":0,"href":"https:\/\/www.diarioimagen.net\/index.php?rest_route=\/wp\/v2\/posts\/205631\/revisions"}],"wp:featuredmedia":[{"embeddable":true,"href":"https:\/\/www.diarioimagen.net\/index.php?rest_route=\/wp\/v2\/media\/205706"}],"wp:attachment":[{"href":"https:\/\/www.diarioimagen.net\/index.php?rest_route=%2Fwp%2Fv2%2Fmedia&parent=205631"}],"wp:term":[{"taxonomy":"category","embeddable":true,"href":"https:\/\/www.diarioimagen.net\/index.php?rest_route=%2Fwp%2Fv2%2Fcategories&post=205631"},{"taxonomy":"post_tag","embeddable":true,"href":"https:\/\/www.diarioimagen.net\/index.php?rest_route=%2Fwp%2Fv2%2Ftags&post=205631"}],"curies":[{"name":"wp","href":"https:\/\/api.w.org\/{rel}","templated":true}]}}