{"id":205633,"date":"2015-02-06T00:13:18","date_gmt":"2015-02-06T06:13:18","guid":{"rendered":"http:\/\/www.diarioimagen.net\/?p=205633"},"modified":"2015-02-06T04:24:30","modified_gmt":"2015-02-06T10:24:30","slug":"en-marcha-programa-de-ajuste","status":"publish","type":"post","link":"https:\/\/www.diarioimagen.net\/?p=205633","title":{"rendered":"En marcha, programa de ajuste"},"content":{"rendered":"<h2>Arco Norte<\/h2>\n<h5>Jos\u00e9 Luis Monta\u00f1ez Aguilar<\/h5>\n<p>&nbsp;<\/p>\n<div id=\"attachment_205708\" style=\"width: 250px\" class=\"wp-caption alignleft\"><a href=\"http:\/\/www.diarioimagen.net\/?attachment_id=205708\" rel=\"attachment wp-att-205708\"><img loading=\"lazy\" decoding=\"async\" aria-describedby=\"caption-attachment-205708\" class=\"size-medium wp-image-205708\" src=\"http:\/\/www.diarioimagen.net\/wp-content\/uploads\/2015\/02\/arco-2544-240x135.jpg\" alt=\"El gobernador del Estado de M\u00e9xico, Eruviel \u00c1vila Villegas, durante la inauguraci\u00f3n el Centro de Distribuci\u00f3n de Partes Mopar, en Toluca.\" width=\"240\" height=\"135\" srcset=\"https:\/\/www.diarioimagen.net\/wp-content\/uploads\/2015\/02\/arco-2544-240x135.jpg 240w, https:\/\/www.diarioimagen.net\/wp-content\/uploads\/2015\/02\/arco-2544-420x236.jpg 420w, https:\/\/www.diarioimagen.net\/wp-content\/uploads\/2015\/02\/arco-2544.jpg 480w, https:\/\/www.diarioimagen.net\/wp-content\/uploads\/2015\/02\/arco-2544-235x132.jpg 235w, https:\/\/www.diarioimagen.net\/wp-content\/uploads\/2015\/02\/arco-2544-202x114.jpg 202w, https:\/\/www.diarioimagen.net\/wp-content\/uploads\/2015\/02\/arco-2544-350x196.jpg 350w, https:\/\/www.diarioimagen.net\/wp-content\/uploads\/2015\/02\/arco-2544-220x123.jpg 220w, https:\/\/www.diarioimagen.net\/wp-content\/uploads\/2015\/02\/arco-2544-237x132.jpg 237w\" sizes=\"auto, (max-width: 240px) 100vw, 240px\" \/><\/a><p id=\"caption-attachment-205708\" class=\"wp-caption-text\">El gobernador del Estado de M\u00e9xico, Eruviel \u00c1vila Villegas, durante la inauguraci\u00f3n el Centro de Distribuci\u00f3n de Partes Mopar, en Toluca.<\/p><\/div>\n<p>El gobernador Eruviel \u00c1vila Villegas anunci\u00f3 que como parte de las medidas del Plan de Ajuste al Gasto P\u00fablico que, en concordancia con el ajuste presupuestal dado a conocer por el gobierno federal, se llevar\u00e1n a cabo en la entidad, se reducir\u00e1 un 10 por ciento su salario, as\u00ed como el de secretarios y subsecretarios, adem\u00e1s de eliminar los gastos de representaci\u00f3n, como viajes, vi\u00e1ticos y el pago de telefon\u00eda celular para quienes no tengan actividades operativas. As\u00ed lo inform\u00f3: \u201cEstoy firmando el decreto este mismo d\u00eda para que los funcionarios del gobierno del Estado de M\u00e9xico, empezando por el gobernador, secretarios, subsecretarios, entre otros, nos disminuyamos 10 por ciento nuestro sueldo para poder aportar a estas medidas de austeridad, que se suma al 5 por ciento que nos rebajamos en 2013. Todo lo que es seguridad, procuraci\u00f3n de justicia, salud, protecci\u00f3n civil, desde luego que van a mantener todos los mecanismos que sean necesarios para prestar y dar todav\u00eda un mejor servicio\u201d. Eruviel \u00c1vila detall\u00f3 que la eliminaci\u00f3n de los gastos en telefon\u00eda celular no aplicar\u00e1 a las actividades de seguridad, procuraci\u00f3n de justicia, salud y protecci\u00f3n civil, entre otros. Indic\u00f3 que estas acciones son preventivas, sobre todo ante el panorama que se vive en la econom\u00eda mundial, en especial por la disminuci\u00f3n en el precio del petr\u00f3leo. \u201cHoy d\u00eda, las finanzas del Estado de M\u00e9xico, las finanzas federales, son sanas, pero es importante que se tome esta medida por parte del gobierno federal y estatal\u201d, mencion\u00f3. El gobernador mexiquense hizo el anuncio sobre austeridad durante la inauguraci\u00f3n del Centro de Distribuci\u00f3n de Partes Mopar en Toluca, la cual permitir\u00e1 almacenar y distribuir m\u00e1s de 65 mil partes de servicio en m\u00e1s de 290 distribuidores del pa\u00eds.<\/p>\n<p><em><a href=\"mailto:montanezaguilar@gmail.com\" target=\"_blank\">montanezaguilar@gmail.com<\/a><\/em><\/p>\n","protected":false},"excerpt":{"rendered":"<p><span style=\"color: #005497;\"><strong>Jos\u00e9 Luis Monta\u00f1ez Aguilar<\/strong><\/span><br \/>\n<br \/>\nEl gobernador Eruviel \u00c1vila Villegas anunci\u00f3 que como parte de las medidas del Plan de Ajuste al Gasto P\u00fablico que, en concordancia con el ajuste presupuestal dado a conocer por el gobierno federal, se llevar\u00e1n a cabo en la entidad, se reducir\u00e1 un 10 por ciento su salario, as\u00ed como el de secretarios y subsecretarios, adem\u00e1s de eliminar los gastos de representaci\u00f3n, como viajes, vi\u00e1ticos y el pago de telefon\u00eda celular para quienes no tengan actividades operativas.<\/p>\n","protected":false},"author":3,"featured_media":205708,"comment_status":"open","ping_status":"open","sticky":false,"template":"","format":"standard","meta":{"_monsterinsights_skip_tracking":false,"_monsterinsights_sitenote_active":false,"_monsterinsights_sitenote_note":"","_monsterinsights_sitenote_category":0,"footnotes":""},"categories":[5],"tags":[13284,43704,43674],"class_list":["post-205633","post","type-post","status-publish","format-standard","has-post-thumbnail","hentry","category-estado-de-mexico","tag-arco-norte","tag-jose-luis-montanez-aguilar","tag-opinion"],"_links":{"self":[{"href":"https:\/\/www.diarioimagen.net\/index.php?rest_route=\/wp\/v2\/posts\/205633","targetHints":{"allow":["GET"]}}],"collection":[{"href":"https:\/\/www.diarioimagen.net\/index.php?rest_route=\/wp\/v2\/posts"}],"about":[{"href":"https:\/\/www.diarioimagen.net\/index.php?rest_route=\/wp\/v2\/types\/post"}],"author":[{"embeddable":true,"href":"https:\/\/www.diarioimagen.net\/index.php?rest_route=\/wp\/v2\/users\/3"}],"replies":[{"embeddable":true,"href":"https:\/\/www.diarioimagen.net\/index.php?rest_route=%2Fwp%2Fv2%2Fcomments&post=205633"}],"version-history":[{"count":0,"href":"https:\/\/www.diarioimagen.net\/index.php?rest_route=\/wp\/v2\/posts\/205633\/revisions"}],"wp:featuredmedia":[{"embeddable":true,"href":"https:\/\/www.diarioimagen.net\/index.php?rest_route=\/wp\/v2\/media\/205708"}],"wp:attachment":[{"href":"https:\/\/www.diarioimagen.net\/index.php?rest_route=%2Fwp%2Fv2%2Fmedia&parent=205633"}],"wp:term":[{"taxonomy":"category","embeddable":true,"href":"https:\/\/www.diarioimagen.net\/index.php?rest_route=%2Fwp%2Fv2%2Fcategories&post=205633"},{"taxonomy":"post_tag","embeddable":true,"href":"https:\/\/www.diarioimagen.net\/index.php?rest_route=%2Fwp%2Fv2%2Ftags&post=205633"}],"curies":[{"name":"wp","href":"https:\/\/api.w.org\/{rel}","templated":true}]}}