{"id":205762,"date":"2015-02-06T14:00:51","date_gmt":"2015-02-06T20:00:51","guid":{"rendered":"http:\/\/www.diarioimagen.net\/?p=205762"},"modified":"2015-02-09T03:11:56","modified_gmt":"2015-02-09T09:11:56","slug":"entregan-eruviel-avila-y-gabriel-oshea-10-mil-vales-para-cirugias-de-cataratas-a-favor-de-pacientes-de-bajos-recursos","status":"publish","type":"post","link":"https:\/\/www.diarioimagen.net\/?p=205762","title":{"rendered":"Entregan Eruviel \u00c1vila y Gabriel O\u00b4Shea 10 mil vales para cirug\u00edas de cataratas a favor de pacientes de bajos recursos"},"content":{"rendered":"<ul>\n<li><strong><em>El gobernador inform\u00f3 que para brindar este servicio su administraci\u00f3n destin\u00f3 70 millones de pesos<\/em><\/strong><\/li>\n<\/ul>\n<div id=\"attachment_205763\" style=\"width: 250px\" class=\"wp-caption alignleft\"><a href=\"http:\/\/www.diarioimagen.net\/?attachment_id=205763\" rel=\"attachment wp-att-205763\"><img loading=\"lazy\" decoding=\"async\" aria-describedby=\"caption-attachment-205763\" class=\"size-medium wp-image-205763\" src=\"http:\/\/www.diarioimagen.net\/wp-content\/uploads\/2015\/02\/eruviel-cataratas-240x135.jpg\" alt=\"De forma simb\u00f3lica, el gobernador, el comisionado Nacional de Protecci\u00f3n Social en Salud y el secretario estatal de Salud, entregaron 3 p\u00f3lizas de afiliaci\u00f3n al Seguro Popular, dos juegos de llaves de M\u00f3dulos de Afiliaci\u00f3n al Seguro Popular y 5 vales de cirug\u00eda de catarata.\" width=\"240\" height=\"135\" srcset=\"https:\/\/www.diarioimagen.net\/wp-content\/uploads\/2015\/02\/eruviel-cataratas-240x135.jpg 240w, https:\/\/www.diarioimagen.net\/wp-content\/uploads\/2015\/02\/eruviel-cataratas-420x236.jpg 420w, https:\/\/www.diarioimagen.net\/wp-content\/uploads\/2015\/02\/eruviel-cataratas.jpg 480w, https:\/\/www.diarioimagen.net\/wp-content\/uploads\/2015\/02\/eruviel-cataratas-235x132.jpg 235w, https:\/\/www.diarioimagen.net\/wp-content\/uploads\/2015\/02\/eruviel-cataratas-202x114.jpg 202w, https:\/\/www.diarioimagen.net\/wp-content\/uploads\/2015\/02\/eruviel-cataratas-350x196.jpg 350w, https:\/\/www.diarioimagen.net\/wp-content\/uploads\/2015\/02\/eruviel-cataratas-220x123.jpg 220w, https:\/\/www.diarioimagen.net\/wp-content\/uploads\/2015\/02\/eruviel-cataratas-237x132.jpg 237w\" sizes=\"auto, (max-width: 240px) 100vw, 240px\" \/><\/a><p id=\"caption-attachment-205763\" class=\"wp-caption-text\">De forma simb\u00f3lica, el gobernador, el comisionado Nacional de Protecci\u00f3n Social en Salud y el secretario estatal de Salud, entregaron 3 p\u00f3lizas de afiliaci\u00f3n al Seguro Popular, dos juegos de llaves de M\u00f3dulos de Afiliaci\u00f3n al Seguro Popular y 5 vales de cirug\u00eda de catarata.<\/p><\/div>\n<p><strong>Atizap\u00e1n de Zaragoza, Estado de M\u00e9xico.-<\/strong> Para contar con mexiquenses m\u00e1s sanos, el gobernador Eruviel \u00c1vila Villegas y el comisionado Nacional de Protecci\u00f3n Social en Salud, Gabriel O\u2019Shea Cuevas, entregaron 10 mil vales de cirug\u00edas de catarata, en beneficio de personas de escasos recursos que sufren este padecimiento, quienes podr\u00e1n someterse a esta operaci\u00f3n en cl\u00ednicas p\u00fablicas o privadas, seg\u00fan las necesidades de cada paciente, y tambi\u00e9n pusieron en marcha una campa\u00f1a de reafiliaci\u00f3n al Seguro Popular, que este a\u00f1o tiene como meta acercar este servicio a 1.5 millones de mexiquenses.<\/p>\n<p>\u201cHoy me da mucho gusto anunciar formalmente la entrega de 10 mil vales para operaciones de cataratas, para mujeres y hombres del Estado de M\u00e9xico. Estas 10 mil operaciones que se van a realizar van a apoyar la salud de nuestros adultos mayores, principalmente, y de j\u00f3venes y de todas las edades, que requieran esta operaci\u00f3n. Es una acci\u00f3n que realiza el gobierno federal, el Gobierno del Estado de M\u00e9xico para bien de todas y de todos ustedes\u201d, expres\u00f3.<\/p>\n<p>En la Unidad Deportiva de este municipio, Eruviel \u00c1vila inform\u00f3 que para brindar esta alternativa a quienes sufren este problema, el gobierno estatal destin\u00f3 una inversi\u00f3n de 70 millones de pesos y refiri\u00f3 que en el Estado de M\u00e9xico se tiene un registro de m\u00e1s de 91 mil adultos mayores con cataratas, de los cuales el 45 por ciento llega a perder la vista por falta de atenci\u00f3n, lo que convierte a esta situaci\u00f3n en la primera causa de ceguera en la entidad y en el pa\u00eds.<\/p>\n<p>Por ello, recomend\u00f3 a las personas mayores de 50 a\u00f1os, realizarse estudios oftalmol\u00f3gicos con la finalidad de prevenir \u00e9ste y otros padecimientos de la vista, ya que actualmente s\u00f3lo la quinta parte de quienes tienen cataratas se atienden debidamente.<\/p>\n<p>Asimismo, destac\u00f3 que de acuerdo con una encuesta a cargo del Instituto Nacional de Estad\u00edstica y Geograf\u00eda (Inegi) y de la empresa Consulta Mitofsky, el Estado de M\u00e9xico cuenta con la mejor red hospitalaria a nivel nacional, y es la entidad que brinda la mayor cantidad de consultas m\u00e9dicas, ex\u00e1menes cl\u00ednicos y medicamentos para la poblaci\u00f3n, por lo que garantiz\u00f3 que en este rubro se seguir\u00e1n destinando recursos para fortalecer a\u00fan m\u00e1s la atenci\u00f3n m\u00e9dica que reciben los mexiquenses.<\/p>\n<p>En apoyo a las personas que enfrentan un problema de la vista, Eruviel \u00c1vila subray\u00f3 que en el Edomex se han entregado m\u00e1s de 155 mil lentes para ni\u00f1os y adultos mayores, adem\u00e1s que este a\u00f1o se va a inaugurar el Hospital de la Luz, en Naucalpan, que con una inversi\u00f3n estatal y federal de 200 millones de pesos, permitir\u00e1 atender a pacientes con cataratas, glaucoma, estrabismo, as\u00ed como realizar trasplantes de c\u00f3rnea.<\/p>\n<p>Por su parte, Gabriel O\u2019Shea reconoci\u00f3 el trabajo del gobernador Eruviel \u00c1vila en materia de Salud, e indic\u00f3 que \u00e9ste es un tema prioritario y columna de la pol\u00edtica social de la actual administraci\u00f3n mexiquense, lo que se ha logrado tambi\u00e9n con el apoyo de la federaci\u00f3n, que ha destinado una inversi\u00f3n superior a los 4 mil millones de pesos para fortalecer la infraestructura m\u00e9dica en el estado, y a la continuidad de programas exitosos.<\/p>\n<p>En tanto, C\u00e9sar G\u00f3mez Monge, secretario de Salud estatal, explic\u00f3 que este a\u00f1o se tiene el objetivo de reafiliar a 1.5 millones de mexiquenses al Seguro Popular, y que la p\u00f3liza tiene una vigencia de tres a\u00f1os. Adem\u00e1s que este tr\u00e1mite se efectuar\u00e1 a trav\u00e9s de unidades m\u00f3viles y carpas que recorrer\u00e1n todas las regiones del estado.<\/p>\n","protected":false},"excerpt":{"rendered":"<p>ara contar con mexiquenses m\u00e1s sanos, el gobernador Eruviel \u00c1vila Villegas y el comisionado Nacional de Protecci\u00f3n Social en Salud, Gabriel O\u2019Shea Cuevas, entregaron 10 mil vales de cirug\u00edas de catarata, en beneficio de personas de escasos recursos que sufren este padecimiento, quienes podr\u00e1n someterse a esta operaci\u00f3n en cl\u00ednicas p\u00fablicas o privadas, seg\u00fan las necesidades de cada paciente, y tambi\u00e9n pusieron en marcha una campa\u00f1a de reafiliaci\u00f3n al Seguro Popular, que este a\u00f1o tiene como meta acercar este servicio a 1.5 millones de mexiquenses.<\/p>\n","protected":false},"author":1,"featured_media":205763,"comment_status":"open","ping_status":"open","sticky":false,"template":"","format":"standard","meta":{"_monsterinsights_skip_tracking":false,"_monsterinsights_sitenote_active":false,"_monsterinsights_sitenote_note":"","_monsterinsights_sitenote_category":0,"footnotes":""},"categories":[5],"tags":[5828,43675,14168,1725],"class_list":["post-205762","post","type-post","status-publish","format-standard","has-post-thumbnail","hentry","category-estado-de-mexico","tag-eruviel-avila-villegas","tag-estado-de-mexico","tag-gabriel-oshea-cuevas","tag-seguro-popular"],"_links":{"self":[{"href":"https:\/\/www.diarioimagen.net\/index.php?rest_route=\/wp\/v2\/posts\/205762","targetHints":{"allow":["GET"]}}],"collection":[{"href":"https:\/\/www.diarioimagen.net\/index.php?rest_route=\/wp\/v2\/posts"}],"about":[{"href":"https:\/\/www.diarioimagen.net\/index.php?rest_route=\/wp\/v2\/types\/post"}],"author":[{"embeddable":true,"href":"https:\/\/www.diarioimagen.net\/index.php?rest_route=\/wp\/v2\/users\/1"}],"replies":[{"embeddable":true,"href":"https:\/\/www.diarioimagen.net\/index.php?rest_route=%2Fwp%2Fv2%2Fcomments&post=205762"}],"version-history":[{"count":0,"href":"https:\/\/www.diarioimagen.net\/index.php?rest_route=\/wp\/v2\/posts\/205762\/revisions"}],"wp:featuredmedia":[{"embeddable":true,"href":"https:\/\/www.diarioimagen.net\/index.php?rest_route=\/wp\/v2\/media\/205763"}],"wp:attachment":[{"href":"https:\/\/www.diarioimagen.net\/index.php?rest_route=%2Fwp%2Fv2%2Fmedia&parent=205762"}],"wp:term":[{"taxonomy":"category","embeddable":true,"href":"https:\/\/www.diarioimagen.net\/index.php?rest_route=%2Fwp%2Fv2%2Fcategories&post=205762"},{"taxonomy":"post_tag","embeddable":true,"href":"https:\/\/www.diarioimagen.net\/index.php?rest_route=%2Fwp%2Fv2%2Ftags&post=205762"}],"curies":[{"name":"wp","href":"https:\/\/api.w.org\/{rel}","templated":true}]}}