{"id":205816,"date":"2015-02-09T00:07:05","date_gmt":"2015-02-09T06:07:05","guid":{"rendered":"http:\/\/www.diarioimagen.net\/?p=205816"},"modified":"2015-02-10T05:56:31","modified_gmt":"2015-02-10T11:56:31","slug":"entrega-eruviel-avila-apoyos-a-deudos-de-enfermera-heroina","status":"publish","type":"post","link":"https:\/\/www.diarioimagen.net\/?p=205816","title":{"rendered":"Entrega Eruviel \u00c1vila apoyos a deudos de enfermera hero\u00edna"},"content":{"rendered":"<ul>\n<li><strong><em>El gobernador destac\u00f3 el valor de M\u00f3nica Orta, quien antepuso el inter\u00e9s colectivo al personal<br \/>\n<\/em><\/strong><\/li>\n<\/ul>\n<h6>Redacci\u00f3n<\/h6>\n<p>&nbsp;<\/p>\n<div id=\"attachment_205896\" style=\"width: 250px\" class=\"wp-caption alignleft\"><a href=\"http:\/\/www.diarioimagen.net\/?attachment_id=205896\" rel=\"attachment wp-att-205896\"><img loading=\"lazy\" decoding=\"async\" aria-describedby=\"caption-attachment-205896\" class=\"size-medium wp-image-205896\" src=\"http:\/\/www.diarioimagen.net\/wp-content\/uploads\/2015\/02\/eruviel-2545-240x173.jpg\" alt=\"El gobernador Eruviel \u00c1vila Villegas destac\u00f3 el valor de la enfermera M\u00f3nica Orta, quien a sus 32 a\u00f1os antepuso el inter\u00e9s colectivo al personal, y consider\u00f3 que este acto de hero\u00edsmo es un ejemplo del amor a la vocaci\u00f3n de servir a sus semejantes.\" width=\"240\" height=\"173\" srcset=\"https:\/\/www.diarioimagen.net\/wp-content\/uploads\/2015\/02\/eruviel-2545-240x173.jpg 240w, https:\/\/www.diarioimagen.net\/wp-content\/uploads\/2015\/02\/eruviel-2545-420x303.jpg 420w, https:\/\/www.diarioimagen.net\/wp-content\/uploads\/2015\/02\/eruviel-2545-90x65.jpg 90w, https:\/\/www.diarioimagen.net\/wp-content\/uploads\/2015\/02\/eruviel-2545.jpg 960w\" sizes=\"auto, (max-width: 240px) 100vw, 240px\" \/><\/a><p id=\"caption-attachment-205896\" class=\"wp-caption-text\">El gobernador Eruviel \u00c1vila Villegas destac\u00f3 el valor de la enfermera M\u00f3nica Orta, quien a sus 32 a\u00f1os antepuso el inter\u00e9s colectivo al personal, y consider\u00f3 que este acto de hero\u00edsmo es un ejemplo del amor a la vocaci\u00f3n de servir a sus semejantes.<\/p><\/div>\n<p>Iker, Alexis y Gael, hijos de M\u00f3nica Orta Ram\u00edrez, enfermera mexiquense que perdi\u00f3 la vida al salvar a menores en el Hospital Materno Infantil de Cuajimalpa cuando se registr\u00f3 una explosi\u00f3n, recibieron de manos del gobernador Eruviel \u00c1vila Villegas, sus becas escolares a las que tendr\u00e1n derecho hasta que obtengan su t\u00edtulo universitario; mientras que a su padre Juan Carlos Mendoza Hern\u00e1ndez, le fue otorgado un cheque por 100 mil pesos para pagar la hipoteca de la casa donde viven, as\u00ed como un empleo formal para asegurar un patrimonio familiar como ella lo hubiera deseado.<\/p>\n<p>\u201cHoy, como lo ofrec\u00ed en su momento, queremos expresarle a la familia de M\u00f3nica Horta, a sus pap\u00e1s, a su mam\u00e1, a su pap\u00e1, a sus suegros, darles el reconocimiento del gobierno del Estado de M\u00e9xico, de los mexiquenses, por ese acto de hero\u00edsmo que tuvo M\u00f3nica de salvar vidas, de salvar a beb\u00e9s exponiendo su propia vida\u201d.<\/p>\n<p>Acompa\u00f1ado por sus hijas Monserrat e Isis \u00c1vila Mu\u00f1oz, con quienes recibi\u00f3 en Casa Estado de M\u00e9xico a los familiares de M\u00f3nica, Eruviel \u00c1vila tambi\u00e9n entreg\u00f3 el decreto al se\u00f1or Juan Carlos Mendoza, mediante el cual se garantizan las becas para Iker, Alexis y Gael, de uno, 7 y 8 a\u00f1os de edad, las cuales consistir\u00e1n en 2 mil pesos mensuales.<\/p>\n<p>Los cheques entregados a los peque\u00f1os fueron por un monto de 24 mil pesos cada uno, correspondiente al primer a\u00f1o.<\/p>\n<p>Asimismo, destac\u00f3 el valor de M\u00f3nica, quien a sus 32 a\u00f1os de edad antepuso el inter\u00e9s colectivo al personal, y consider\u00f3 que hoy su ejemplo ha trascendido en aquellos que conocen su historia, ya que este acto de hero\u00edsmo es ejemplo del amor a la vocaci\u00f3n de servicio, y en retribuci\u00f3n, el gobierno estatal se solidariza con su familia.<\/p>\n<p>En tanto, Juan Carlos Mendoza Hern\u00e1ndez, de 34 a\u00f1os, quien no cuenta con un empleo formal, agradeci\u00f3 los apoyos recibidos y expres\u00f3 que M\u00f3nica es un orgullo para su familia, por lo que honrar\u00e1n su memoria dirigi\u00e9ndose con dedicaci\u00f3n y responsabilidad en todas sus obligaciones.<\/p>\n","protected":false},"excerpt":{"rendered":"<p>Iker, Alexis y Gael, hijos de M\u00f3nica Orta Ram\u00edrez, enfermera mexiquense que perdi\u00f3 la vida al salvar a menores en el Hospital Materno Infantil de Cuajimalpa cuando se registr\u00f3 una explosi\u00f3n, recibieron de manos del gobernador Eruviel \u00c1vila Villegas, sus becas escolares a las que tendr\u00e1n derecho hasta que obtengan su t\u00edtulo universitario; mientras que a su padre Juan Carlos Mendoza Hern\u00e1ndez, le fue otorgado un cheque por 100 mil pesos para pagar la hipoteca de la casa donde viven, as\u00ed como un empleo formal para asegurar un patrimonio familiar como ella lo hubiera deseado.<\/p>\n","protected":false},"author":3,"featured_media":205896,"comment_status":"open","ping_status":"open","sticky":false,"template":"","format":"standard","meta":{"_monsterinsights_skip_tracking":false,"_monsterinsights_sitenote_active":false,"_monsterinsights_sitenote_note":"","_monsterinsights_sitenote_category":0,"footnotes":""},"categories":[5],"tags":[5828,43675,13806],"class_list":["post-205816","post","type-post","status-publish","format-standard","has-post-thumbnail","hentry","category-estado-de-mexico","tag-eruviel-avila-villegas","tag-estado-de-mexico","tag-heroina"],"_links":{"self":[{"href":"https:\/\/www.diarioimagen.net\/index.php?rest_route=\/wp\/v2\/posts\/205816","targetHints":{"allow":["GET"]}}],"collection":[{"href":"https:\/\/www.diarioimagen.net\/index.php?rest_route=\/wp\/v2\/posts"}],"about":[{"href":"https:\/\/www.diarioimagen.net\/index.php?rest_route=\/wp\/v2\/types\/post"}],"author":[{"embeddable":true,"href":"https:\/\/www.diarioimagen.net\/index.php?rest_route=\/wp\/v2\/users\/3"}],"replies":[{"embeddable":true,"href":"https:\/\/www.diarioimagen.net\/index.php?rest_route=%2Fwp%2Fv2%2Fcomments&post=205816"}],"version-history":[{"count":0,"href":"https:\/\/www.diarioimagen.net\/index.php?rest_route=\/wp\/v2\/posts\/205816\/revisions"}],"wp:featuredmedia":[{"embeddable":true,"href":"https:\/\/www.diarioimagen.net\/index.php?rest_route=\/wp\/v2\/media\/205896"}],"wp:attachment":[{"href":"https:\/\/www.diarioimagen.net\/index.php?rest_route=%2Fwp%2Fv2%2Fmedia&parent=205816"}],"wp:term":[{"taxonomy":"category","embeddable":true,"href":"https:\/\/www.diarioimagen.net\/index.php?rest_route=%2Fwp%2Fv2%2Fcategories&post=205816"},{"taxonomy":"post_tag","embeddable":true,"href":"https:\/\/www.diarioimagen.net\/index.php?rest_route=%2Fwp%2Fv2%2Ftags&post=205816"}],"curies":[{"name":"wp","href":"https:\/\/api.w.org\/{rel}","templated":true}]}}