{"id":205985,"date":"2015-02-10T00:09:31","date_gmt":"2015-02-10T06:09:31","guid":{"rendered":"http:\/\/www.diarioimagen.net\/?p=205985"},"modified":"2015-02-10T03:49:58","modified_gmt":"2015-02-10T09:49:58","slug":"cruzada-para-abatir-el-robo-de-celulares","status":"publish","type":"post","link":"https:\/\/www.diarioimagen.net\/?p=205985","title":{"rendered":"Cruzada para abatir el robo de celulares"},"content":{"rendered":"<ul>\n<li><strong><em>Publicar\u00e1 lista de tel\u00e9fonos robados<\/em><\/strong><\/li>\n<\/ul>\n<p>&nbsp;<\/p>\n<p>&nbsp;<\/p>\n<div id=\"attachment_206068\" style=\"width: 250px\" class=\"wp-caption alignleft\"><a href=\"http:\/\/www.diarioimagen.net\/?attachment_id=206068\" rel=\"attachment wp-att-206068\"><img loading=\"lazy\" decoding=\"async\" aria-describedby=\"caption-attachment-206068\" class=\"size-medium wp-image-206068\" src=\"http:\/\/www.diarioimagen.net\/wp-content\/uploads\/2015\/02\/celulares-2546-240x135.jpg\" alt=\"El a\u00f1o pasado se reportaron 442 mil casos de robos de tel\u00e9fonos celulares en el pa\u00eds.\" width=\"240\" height=\"135\" srcset=\"https:\/\/www.diarioimagen.net\/wp-content\/uploads\/2015\/02\/celulares-2546-240x135.jpg 240w, https:\/\/www.diarioimagen.net\/wp-content\/uploads\/2015\/02\/celulares-2546-420x236.jpg 420w, https:\/\/www.diarioimagen.net\/wp-content\/uploads\/2015\/02\/celulares-2546.jpg 480w, https:\/\/www.diarioimagen.net\/wp-content\/uploads\/2015\/02\/celulares-2546-235x132.jpg 235w, https:\/\/www.diarioimagen.net\/wp-content\/uploads\/2015\/02\/celulares-2546-202x114.jpg 202w, https:\/\/www.diarioimagen.net\/wp-content\/uploads\/2015\/02\/celulares-2546-350x196.jpg 350w, https:\/\/www.diarioimagen.net\/wp-content\/uploads\/2015\/02\/celulares-2546-220x123.jpg 220w, https:\/\/www.diarioimagen.net\/wp-content\/uploads\/2015\/02\/celulares-2546-237x132.jpg 237w\" sizes=\"auto, (max-width: 240px) 100vw, 240px\" \/><\/a><p id=\"caption-attachment-206068\" class=\"wp-caption-text\">El a\u00f1o pasado se reportaron 442 mil casos de robos de tel\u00e9fonos celulares en el pa\u00eds.<\/p><\/div>\n<p>Arranc\u00f3 la campa\u00f1a primero para inmovilizar los tel\u00e9fonos celulares robados. Se llama \u00abNos importa\u00bb, e incluye una plataforma para verificar mediante el n\u00famero de identidad del equipo (IMEI), si \u00e9ste tiene alg\u00fan reporte de robo.<\/p>\n<p>Para combatir el robo de tel\u00e9fonos m\u00f3viles, que en 2014 signific\u00f3 442 mil reportes, Iusacell, Nextel, Telcel y Telef\u00f3nica lanzaron esta cruzada. Pero, los operadores solos no pueden trabajar en el tema. Para ello necesitan a los usuarios que denuncien y para ello es necesario empoderarlos\u00bb, coment\u00f3 Sebasti\u00e1n Cabello, director de GSMA Latinoam\u00e9rica en el lanzamiento de la iniciativa.<\/p>\n<p>Se busca proteger al usuario en diferentes \u00e1reas y para ello podr\u00e1 revisar en tiempo real si el equipo que est\u00e1 por adquirir es robado o est\u00e1 libre de reportes.<\/p>\n<p>El directivo coment\u00f3 que el sitio, que contiene el Sistema de Verificaci\u00f3n de Dispositivos (IMEI Device Check) de la GSMA, estar\u00e1 en el sitio web del Instituto Federal de Telecomunicaciones (IFT).<\/p>\n<p>El portal se actualizar\u00e1 diariamente con los reportes de 150 operadores globales, no s\u00f3lo mexicanos, entre ellos 15 de pa\u00edses de Latinoam\u00e9rica.<\/p>\n<p>\u00abEl Instituto Federtal de Telecomunicaciones se sum\u00f3 a esta campa\u00f1a ofreciendo un mecanismo sencillo para que los usuarios puedan verificar de manera gratuita la venta de equipos robados o clonados, lo que no s\u00f3lo inh\u00edbe el robo de celulares, evita la comisi\u00f3n de otros delitos con estos equipos\u00bb, dijo Gabriel Contreras, presidente del Instituto.<\/p>\n<p>\u00abEntre 2012 y 2014, la cifra de reportes de robos pas\u00f3 de 156 mil a 442 mil.<\/p>\n<p>No se tiene preciso si existe un incremento en el delito de robo de celulares pero lo cierto es que m\u00e1s personas se han preocupado para hacer su reporte\u00bb, explic\u00f3 Gabriel Sz\u00e9kely, director de la Asociaci\u00f3n Nacional de Empresas de Telecomunicaciones (Anatel).<\/p>\n<p>La campa\u00f1a \u00abNos Importa\u00bb incluye medidas de protecci\u00f3n a los derechos de los ni\u00f1os, y los operadores se comprometieron a promover a trav\u00e9s de SMS y redes sociales los canales que servir\u00e1n a los usuarios para reportar contenidos ilegales, como pornograf\u00eda infantil en l\u00ednea.<\/p>\n<p>En 2014 se detectaron 12 mil 300 cuentas de internet que, desde M\u00e9xico, distribu\u00edan im\u00e1genes y videos con abusos infantiles.<\/p>\n","protected":false},"excerpt":{"rendered":"<p>Arranc\u00f3 la campa\u00f1a primero para inmovilizar los tel\u00e9fonos celulares robados. Se llama \u00abNos importa\u00bb, e incluye una plataforma para verificar mediante el n\u00famero de identidad del equipo (IMEI), si \u00e9ste tiene alg\u00fan reporte de robo.<\/p>\n","protected":false},"author":3,"featured_media":206068,"comment_status":"open","ping_status":"open","sticky":false,"template":"","format":"standard","meta":{"_monsterinsights_skip_tracking":false,"_monsterinsights_sitenote_active":false,"_monsterinsights_sitenote_note":"","_monsterinsights_sitenote_category":0,"footnotes":""},"categories":[3],"tags":[5333,43673,13955,43677],"class_list":["post-205985","post","type-post","status-publish","format-standard","has-post-thumbnail","hentry","category-nacional","tag-celulares","tag-nacional","tag-robo","tag-seguridad"],"_links":{"self":[{"href":"https:\/\/www.diarioimagen.net\/index.php?rest_route=\/wp\/v2\/posts\/205985","targetHints":{"allow":["GET"]}}],"collection":[{"href":"https:\/\/www.diarioimagen.net\/index.php?rest_route=\/wp\/v2\/posts"}],"about":[{"href":"https:\/\/www.diarioimagen.net\/index.php?rest_route=\/wp\/v2\/types\/post"}],"author":[{"embeddable":true,"href":"https:\/\/www.diarioimagen.net\/index.php?rest_route=\/wp\/v2\/users\/3"}],"replies":[{"embeddable":true,"href":"https:\/\/www.diarioimagen.net\/index.php?rest_route=%2Fwp%2Fv2%2Fcomments&post=205985"}],"version-history":[{"count":0,"href":"https:\/\/www.diarioimagen.net\/index.php?rest_route=\/wp\/v2\/posts\/205985\/revisions"}],"wp:featuredmedia":[{"embeddable":true,"href":"https:\/\/www.diarioimagen.net\/index.php?rest_route=\/wp\/v2\/media\/206068"}],"wp:attachment":[{"href":"https:\/\/www.diarioimagen.net\/index.php?rest_route=%2Fwp%2Fv2%2Fmedia&parent=205985"}],"wp:term":[{"taxonomy":"category","embeddable":true,"href":"https:\/\/www.diarioimagen.net\/index.php?rest_route=%2Fwp%2Fv2%2Fcategories&post=205985"},{"taxonomy":"post_tag","embeddable":true,"href":"https:\/\/www.diarioimagen.net\/index.php?rest_route=%2Fwp%2Fv2%2Ftags&post=205985"}],"curies":[{"name":"wp","href":"https:\/\/api.w.org\/{rel}","templated":true}]}}