{"id":206402,"date":"2015-02-12T00:03:10","date_gmt":"2015-02-12T06:03:10","guid":{"rendered":"http:\/\/www.diarioimagen.net\/?p=206402"},"modified":"2015-02-12T06:10:06","modified_gmt":"2015-02-12T12:10:06","slug":"canelo-alvarez-peleara-contra-kirkland-el-2-de-mayo-en-texas","status":"publish","type":"post","link":"https:\/\/www.diarioimagen.net\/?p=206402","title":{"rendered":"\u201cCanelo\u201d \u00c1lvarez pelear\u00e1 contra Kirkland el 2 de mayo en Texas"},"content":{"rendered":"<ul>\n<li><strong><em>En el Alamodome<\/em><\/strong><\/li>\n<\/ul>\n<div id=\"attachment_206437\" style=\"width: 292px\" class=\"wp-caption alignleft\"><a href=\"http:\/\/www.diarioimagen.net\/?attachment_id=206437\" rel=\"attachment wp-att-206437\"><img loading=\"lazy\" decoding=\"async\" aria-describedby=\"caption-attachment-206437\" class=\" wp-image-206437\" src=\"http:\/\/www.diarioimagen.net\/wp-content\/uploads\/2015\/01\/canelo-2548-371x420.jpg\" alt=\"\u201cCanelo\u201d \u00c1lvarez regresar\u00e1 los cuadril\u00e1teros este 2 de mayo, en Texas.\" width=\"282\" height=\"319\" srcset=\"https:\/\/www.diarioimagen.net\/wp-content\/uploads\/2015\/01\/canelo-2548-371x420.jpg 371w, https:\/\/www.diarioimagen.net\/wp-content\/uploads\/2015\/01\/canelo-2548-212x240.jpg 212w, https:\/\/www.diarioimagen.net\/wp-content\/uploads\/2015\/01\/canelo-2548.jpg 1200w\" sizes=\"auto, (max-width: 282px) 100vw, 282px\" \/><\/a><p id=\"caption-attachment-206437\" class=\"wp-caption-text\">\u201cCanelo\u201d \u00c1lvarez regresar\u00e1 los cuadril\u00e1teros este 2 de mayo, en Texas.<\/p><\/div>\n<p>El boxeador estadunidense James Kirkland pelear\u00e1 contra el mexicano Sa\u00fal \u201cCanelo\u201d \u00c1lvarez, combate que marca el regreso del jalisciense a los cuadril\u00e1teros, y ser\u00e1 el 2 de mayo, confirm\u00f3 \u00d3scar de la Hoya para el portal ESPN.com.mx.<\/p>\n<p>\u201cEl \u2018Canelo\u2019 va a pelear el 2 de mayo por HBO desde Texas en el Alamodome\u201d.<\/p>\n<p>Despu\u00e9s de fracaso en las negociaciones para el combate con Miguel \u00c1ngel Cotto, el equipo del \u201cCanelo\u201d encontr\u00f3 en Kirkland a un rival para el retorno del mexicano; sin embargo, De la Hoya no descart\u00f3 que en el futuro pr\u00f3ximo se contin\u00fae en la b\u00fasqueda del combate contra el puertorrique\u00f1o; \u201cesa pelea ser\u00eda incre\u00edble porque tienes a dos guerreros\u201d<\/p>\n<p>Sa\u00fal \u00c1lvarez (44-1-1, 31 nocauts) no pelea desde el 12 de julio de 2014, cuando venci\u00f3 en Las Vegas al cubano Erislandy Lara.<\/p>\n<p>Por su parte, Kirkland (32-1, 28 nocauts) llegar\u00e1 con una inactividad superior a un a\u00f1o, pues su \u00faltimo combate fue el 7 de diciembre de 2013, cuando venci\u00f3 a Glen Tapia para quitarle lo invicto en Nueva Jersey.<\/p>\n","protected":false},"excerpt":{"rendered":"<p>El boxeador estadunidense James Kirkland pelear\u00e1 contra el mexicano Sa\u00fal \u201cCanelo\u201d \u00c1lvarez, combate que marca el regreso del jalisciense a los cuadril\u00e1teros, y ser\u00e1 el 2 de mayo, confirm\u00f3 \u00d3scar de la Hoya para el portal ESPN.com.mx.<\/p>\n","protected":false},"author":3,"featured_media":206438,"comment_status":"open","ping_status":"open","sticky":false,"template":"","format":"standard","meta":{"_monsterinsights_skip_tracking":false,"_monsterinsights_sitenote_active":false,"_monsterinsights_sitenote_note":"","_monsterinsights_sitenote_category":0,"footnotes":""},"categories":[10],"tags":[43680],"class_list":["post-206402","post","type-post","status-publish","format-standard","has-post-thumbnail","hentry","category-deportes","tag-deportes"],"_links":{"self":[{"href":"https:\/\/www.diarioimagen.net\/index.php?rest_route=\/wp\/v2\/posts\/206402","targetHints":{"allow":["GET"]}}],"collection":[{"href":"https:\/\/www.diarioimagen.net\/index.php?rest_route=\/wp\/v2\/posts"}],"about":[{"href":"https:\/\/www.diarioimagen.net\/index.php?rest_route=\/wp\/v2\/types\/post"}],"author":[{"embeddable":true,"href":"https:\/\/www.diarioimagen.net\/index.php?rest_route=\/wp\/v2\/users\/3"}],"replies":[{"embeddable":true,"href":"https:\/\/www.diarioimagen.net\/index.php?rest_route=%2Fwp%2Fv2%2Fcomments&post=206402"}],"version-history":[{"count":0,"href":"https:\/\/www.diarioimagen.net\/index.php?rest_route=\/wp\/v2\/posts\/206402\/revisions"}],"wp:featuredmedia":[{"embeddable":true,"href":"https:\/\/www.diarioimagen.net\/index.php?rest_route=\/wp\/v2\/media\/206438"}],"wp:attachment":[{"href":"https:\/\/www.diarioimagen.net\/index.php?rest_route=%2Fwp%2Fv2%2Fmedia&parent=206402"}],"wp:term":[{"taxonomy":"category","embeddable":true,"href":"https:\/\/www.diarioimagen.net\/index.php?rest_route=%2Fwp%2Fv2%2Fcategories&post=206402"},{"taxonomy":"post_tag","embeddable":true,"href":"https:\/\/www.diarioimagen.net\/index.php?rest_route=%2Fwp%2Fv2%2Ftags&post=206402"}],"curies":[{"name":"wp","href":"https:\/\/api.w.org\/{rel}","templated":true}]}}