{"id":206543,"date":"2015-02-13T00:02:41","date_gmt":"2015-02-13T06:02:41","guid":{"rendered":"http:\/\/www.diarioimagen.net\/?p=206543"},"modified":"2015-02-13T06:09:31","modified_gmt":"2015-02-13T12:09:31","slug":"se-ha-concretado-en-mexico-una-inversion-inicial-de-200-millones-de-pesos-en-instalaciones-de-los-playa-hotels-resorts-bv","status":"publish","type":"post","link":"https:\/\/www.diarioimagen.net\/?p=206543","title":{"rendered":"Se ha concretado en M\u00e9xico una inversi\u00f3n inicial de 200 millones de pesos en instalaciones de los <em>Playa Hotels &amp; Resorts BV<\/em>"},"content":{"rendered":"<h2>De cinco estrellas<\/h2>\n<h5>Victoria Gonz\u00e1lez Prado<\/h5>\n<p>&nbsp;<\/p>\n<ul>\n<li><em><strong>El Carnaval de Mazatl\u00e1n se distingue de los del resto del mundo, porque conjuga el arte, la tradici\u00f3n, la cultura y la fiesta<\/strong><\/em><\/li>\n<li><em><strong>Tras una inversi\u00f3n de 20 millones de d\u00f3lares, reabre hotel urbano de cadena espa\u00f1ola en Miami Beach<\/strong><\/em><\/li>\n<\/ul>\n<div id=\"attachment_206612\" style=\"width: 250px\" class=\"wp-caption alignleft\"><a href=\"http:\/\/www.diarioimagen.net\/?attachment_id=206612\" rel=\"attachment wp-att-206612\"><img loading=\"lazy\" decoding=\"async\" aria-describedby=\"caption-attachment-206612\" class=\"size-medium wp-image-206612\" src=\"http:\/\/www.diarioimagen.net\/wp-content\/uploads\/2015\/02\/turismo-2549-240x156.jpg\" alt=\"Vicky Iniesta, Pilar Arizmendi-Stewart, Alexander de Brouwer, Pilar Alvarado, Adri\u00e1n Rodr\u00edguez y Wally Dagri.\" width=\"240\" height=\"156\" srcset=\"https:\/\/www.diarioimagen.net\/wp-content\/uploads\/2015\/02\/turismo-2549-240x156.jpg 240w, https:\/\/www.diarioimagen.net\/wp-content\/uploads\/2015\/02\/turismo-2549-420x274.jpg 420w, https:\/\/www.diarioimagen.net\/wp-content\/uploads\/2015\/02\/turismo-2549.jpg 1200w\" sizes=\"auto, (max-width: 240px) 100vw, 240px\" \/><\/a><p id=\"caption-attachment-206612\" class=\"wp-caption-text\">Vicky Iniesta, Pilar Arizmendi-Stewart, Alexander de Brouwer, Pilar Alvarado, Adri\u00e1n Rodr\u00edguez y Wally Dagri.<\/p><\/div>\n<p>Se ha concretado en M\u00e9xico una inversi\u00f3n inicial de 200 millones de pesos en instalaciones de los <em>Playa Hotels &amp; Resorts BV<\/em>, empresa l\u00edder, due\u00f1a, operadora y desarrolladora de hoteles de playa <em>All Inclusive<\/em>, que llega al pa\u00eds con la intenci\u00f3n de evolucionar el servicio Todo incluido.<\/p>\n<p>Del tema inform\u00f3 Pilar Arizmendi-Stewart, directora de Ventas y Marketing para M\u00e9xico y Am\u00e9rica Latina, al hacer la presentaci\u00f3n de esos hoteles. La marca, precis\u00f3, cuenta con 14 complejos premier que suman en total 6 mil 175 habitaciones en M\u00e9xico, Rep\u00fablica Dominicana y Jamaica.<\/p>\n<p>Las propiedades de esta empresa, explic\u00f3, se encuentran en las mejores playas de M\u00e9xico, como son Canc\u00fan, Los Cabos, Puerto Vallarta y Playa del Carmen, y en breve inaugurar\u00e1 tres complejos. Las inversiones m\u00e1s recientes en M\u00e9xico, dijo, son, <em>Hyatt Ziva Puerto Vallarta,<\/em> al que se destinaron 35 millones de d\u00f3lares. Para la pr\u00f3xima reapertura de <em>Hyatt Los Cabos <\/em>se invirtieron 90 millones y 100 millones en el <em>Hotel Ziva Canc\u00fan.<\/em><\/p>\n<p>Con la evoluci\u00f3n del Todo Incluido, <em>Playa Hotels &amp; Resorts<\/em> viene a revolucionar la industria hotelera en M\u00e9xico, y aun con ideas que hacen de un viaje una experiencia extraordinaria. Y en alianza con <em>Hyatt Hotels &amp; Resorts<\/em> lanza al mercado sus marcas: <em>Hyatt Ziva<\/em>, para familias, y <em>Hyatt Zilara<\/em>, s\u00f3lo para adultos, en adici\u00f3n a su marca de hoteles \u2018Grand\u2019, ubicados en Canc\u00fan y Playa del Carmen, asegur\u00f3 Pilar.<\/p>\n<p>Durante una reuni\u00f3n a la que acudieron distinguidos propietarios de casas de incentivos y organizadores de grupos y convenciones, Arizmendi resalt\u00f3 la importancia de invertir en M\u00e9xico y de poner al alcance del consumidor y de las empresas mexicanas un exclusivo portafolio de hoteles: <em>Hyatt Zilara<\/em> Canc\u00fan, <em>Hyatt Ziva Puerto Vallarta<\/em>, <em>Hyatt Ziva<\/em> Los Cabos, <em>Hyatt Ziva<\/em> y <em>Zilara Rose Hall<\/em>, <em>The Royal, Grand Caribe, Grand Porto<\/em> y muy pronto <em>Hyatt Ziva Canc\u00fan. <\/em><\/p>\n<p>Con la evoluci\u00f3n de Todo Incluido y con el Servicio \u2018Desde el Coraz\u00f3n\u2019, <em>Playa hoteles &amp; Resorts<\/em> ofrece hoteles 5 y 4 diamantes, suites de lujo donde los hu\u00e9spedes disfrutar\u00e1n exquisiteces culinarias gracias a la selecci\u00f3n de restaurantes gourmet a la carta y buffet internacionales. Los chefs preparar\u00e1n deliciosos platillos al momento. Habr\u00e1 tambi\u00e9n su incomparable servicio <em>Sommeliers<\/em> de Tequila, adem\u00e1s de los mayordomos en la playa.<\/p>\n<p>Sin duda alguna, los hu\u00e9spedes estar\u00e1n de pl\u00e1cemes, pues tambi\u00e9n se les ofrecen suites diamante, bebidas <em>Premium<\/em> las 24 horas, comida tipo gourmet en la habitaci\u00f3n d\u00eda y noche y atenci\u00f3n inmejorable.<\/p>\n<p>Para reuniones de negocios, grupos e incentivos, conferencias, convenciones y eventos especiales, <em>Playa Hotels &amp; Resorts<\/em> dispone de excelentes instalaciones con capacidad para mil 200 personas, hermosos jardines y \u00e1reas al aire libre que crean el marco perfecto para este tipo de actividades. Tambi\u00e9n ofrece el m\u00e1s moderno equipo audiovisual con asistencia de t\u00e9cnicos y coordinadores en cada uno de sus resorts.<\/p>\n<p>\u201cBajo el lema <em>The Evolution of All Inclusive<\/em> (La evoluci\u00f3n del servicio Todo incluido) en M\u00e9xico, el equipo de Playa trabajamos arduamente para mantenernos como l\u00edderes en hoteles de playa todo incluido\u201d subray\u00f3 la ejecutiva.<\/p>\n<p>\u201cVoy por todo el turismo nacional y el de Am\u00e9rica Latina\u201d, aunque no deja de reconocer que la corriente de turismo internacional es la principal que llega a los destinos se\u00f1alados.<\/p>\n<p>Pilar Arizmendi, quien cuenta con m\u00e1s de 20 a\u00f1os de experiencia en el ramo y tiene algo m\u00e1s de tres meses representando a la marca <em>Playa Hotels &amp; Resorts BV<\/em>, hizo hincapi\u00e9 en que la cadena hotelera tiene como objetivo adquirir y desarrollar nuevas oportunidades de complejos bajo dos nuevas marcas <em>Hyatt<\/em> de servicio Todo Incluido: <em>Hyatt Ziva<\/em> y <em>Hyatt Zilara. <\/em><\/p>\n<p>La ejecutiva, que durante m\u00e1s de 25 a\u00f1os ocup\u00f3 el mismo cargo en Las Brisas, de Acapulco, Guerrero, estar\u00e1 tambi\u00e9n al frente, en ventas y mercadeo, en otros complejos independientes que son parte del grupo, agreg\u00f3: \u201ccontamos con un portal propio mediante el cual se espera incrementar la venta al consumidor directo\u201d.<\/p>\n<p>Por \u00faltimo, indic\u00f3 que <em>Playa Hotels &amp; Resorts<\/em> tiene derechos para operar complejos con servicio Todo Incluido con la marca <em>Hyatt <\/em>en cinco pa\u00edses del Caribe y Latinoam\u00e9rica, y planes de crecimiento en los pr\u00f3ximos tres a\u00f1os.<\/p>\n<p>\u2730\u2730\u2730\u2730\u2730\u00a0Durante cinco d\u00edas el Paseo Claussen y Olas Altas, se transformar\u00e1n en una enorme pista de baile donde turistas nacionales, extranjeros y locales celebrar\u00e1n la alegr\u00eda y la unidad de la m\u00e1xima fiesta de Mazatl\u00e1n.<\/p>\n<p>Bajo la direcci\u00f3n de <strong>Ra\u00fal Rico<\/strong>, el Instituto Municipal de Cultura, Turismo y Arte de Mazatl\u00e1n, organizador del Carnaval Internacional, ofrecer\u00e1 durante cinco d\u00edas espect\u00e1culos a la altura de los grandes escenarios del entretenimiento internacional.<\/p>\n<p>El Ave F\u00e9nix, s\u00edmbolo de inmortalidad y resurrecci\u00f3n, arder\u00e1 y renacer\u00e1 entre sus propias cenizas para dar la bienvenida a los asistentes y dar apertura a la fiesta en Olas Altas. La enorme escultura de acero y luces <em>led <\/em>adornar\u00e1 las noches de Carnaval en el paseo costero, convirti\u00e9ndose en uno de los atractivos visuales de la gran fiesta.<\/p>\n<p>Los organizadores confirmaron la asistencia de <strong>Vanessa Huppenkothen<\/strong>, ex reina de belleza,\u00a0periodista, conductora y modelo, quien con su belleza y alegr\u00eda participar\u00e1 en los tradicionales desfiles de carros aleg\u00f3ricos, as\u00ed como la del mazatleco <strong>Pedro Guevara<\/strong>, campe\u00f3n minimosca del Consejo Mundial de Boxeo.<\/p>\n<p>Entre los eventos principales del carnaval se encuentran los desfiles con sorprendentes carros aleg\u00f3ricos con cientos de participantes a bordo y a pie, los cuales recorren los 7 kil\u00f3metros de malec\u00f3n; el combate naval, un espect\u00e1culo de pirotecnia y m\u00fasica sobre las aguas de la bah\u00eda mazatleca que recrea la heroica defensa del puerto durante la intervenci\u00f3n francesa.<\/p>\n<p>Las coronaciones de la Reina del Carnaval, Juegos Florales, Infantil y el Rey de la Alegr\u00eda, la Velada de las Artes, donde se le hace la entrega del Premio <strong>Clemencia Isaura <\/strong>de Poes\u00eda al poeta ganador; la Quema del Mar Humor, acto precedido por una procesi\u00f3n que culmina frente al mar con la incineraci\u00f3n de un monigote de alg\u00fan personaje u objeto que simboliza la destrucci\u00f3n de las penas y males que agobian a la sociedad.<\/p>\n<p>Una novedad ser\u00e1 la aparici\u00f3n de colosales lenguas de fuego dibujadas a 25 metros sobre el nivel del mar. Para lograr estos efectos se utilizar\u00e1 tres brazos mec\u00e1nicos que exhalar\u00e1n espectaculares llamas sobre la bah\u00eda.<\/p>\n<p>En la edici\u00f3n 117 de este Carnaval se contar\u00e1 con la participaci\u00f3n de <strong>Germ\u00e1n Montero<\/strong> el jueves 12 de febrero en Olas Altas para coronar al Rey de la Alegr\u00eda; el viernes 13 de febrero el estadio Teodoro Mariscal recibir\u00e1 al cantante <strong>Ricardo Montaner,<\/strong> que ofrecer\u00e1 un concierto junto con la Orquesta Sinf\u00f3nica Sinaloa de las Artes, para coronar a la Reina de los Juegos Florales; para los enamorados, <strong>Marco Antonio Sol\u00eds,<\/strong> los deleitar\u00e1 con sus canciones el s\u00e1bado 14 de febrero durante la coronaci\u00f3n de la Reina del Carnaval y el lunes 16 de febrero ser\u00e1 el turno del grupo R\u00edo Roma para coronar a la Reina Infantil en el estadio Teodoro Mariscal, mientras que el cantautor <strong>Espinoza Paz <\/strong>engalanar\u00e1 Olas Altas.<\/p>\n<p>Es importante destacar que el Carnaval Internacional Mazatl\u00e1n 2015 es la fiesta m\u00e1s familiar y con mayor tradici\u00f3n en M\u00e9xico; es un evento para compartir la memoria hist\u00f3rica de Mazatl\u00e1n desde un enfoque art\u00edstico y cultural.<\/p>\n<p>\u2730\u2730\u2730\u2730\u2730\u00a0La cadena hotelera Riu, acaba de estrenar su primer hotel de la marca urbana Riu Plaza Miami Beach\u00a0en\u00a0Estados Unidos. Tras varios meses de reformas y una inversi\u00f3n de\u00a020 millones de d\u00f3lares, el inmueble reabri\u00f3 convertido en un hotel con un concepto completamente nuevo, manteniendo su caracter\u00edstica fachada, el hotel ha cambiado su estructura y dise\u00f1o interior para adecuar sus instalaciones al est\u00e1ndar de servicio. Sus 284 habitaciones tienen un nuevo dise\u00f1o y ba\u00f1os completamente renovados, de estilo moderno con dominio del cristal y el acero en sus acabados. Adem\u00e1s, ofrece una nueva zona\u00a0<em>Chill Out<\/em>, un <em>Capital Take Away<\/em>\u00a0en el lobby, con bocados y bebidas para llevar, as\u00ed como un nuevo <em>snackbar <\/em>en la piscina.<\/p>\n<p>Tiene una ubicaci\u00f3n excepcional en una de las arterias m\u00e1s importantes de Miami: <em>Collins Avenue,<\/em> y disfruta de acceso directo al famoso paseo y playa de Miami Beach. Se encuentra a escasos minutos de la famosa zona de restaurantes y copas de <em>Ocean Drive <\/em>y a escasos 25 minutos del Aeropuerto Internacional de Miami. El hotel es tambi\u00e9n perfecto para los amantes de las compras, ya que est\u00e1 cerca de la famosa <em>Lincoln Road<\/em> y ofrece transporte directo a los\u00a0<em>malls<\/em>\u00a0m\u00e1s importantes de Miami.<\/p>\n<p><i><a href=\"mailto:victoriagprado@gmail.com\" target=\"_blank\">victoriagprado@gmail.com<\/a><\/i><\/p>\n","protected":false},"excerpt":{"rendered":"<p>Se ha concretado en M\u00e9xico una inversi\u00f3n inicial de 200 millones de pesos en instalaciones de los Playa Hotels &#038; Resorts BV, empresa l\u00edder, due\u00f1a, operadora y desarrolladora de hoteles de playa All Inclusive, que llega al pa\u00eds con la intenci\u00f3n de evolucionar el servicio Todo incluido.<\/p>\n","protected":false},"author":3,"featured_media":206612,"comment_status":"open","ping_status":"open","sticky":false,"template":"","format":"standard","meta":{"_monsterinsights_skip_tracking":false,"_monsterinsights_sitenote_active":false,"_monsterinsights_sitenote_note":"","_monsterinsights_sitenote_category":0,"footnotes":""},"categories":[11],"tags":[107,43681,106],"class_list":["post-206543","post","type-post","status-publish","format-standard","has-post-thumbnail","hentry","category-turismo","tag-de-cinco-estrellas","tag-turismo","tag-victoria-gonzalez-prado"],"_links":{"self":[{"href":"https:\/\/www.diarioimagen.net\/index.php?rest_route=\/wp\/v2\/posts\/206543","targetHints":{"allow":["GET"]}}],"collection":[{"href":"https:\/\/www.diarioimagen.net\/index.php?rest_route=\/wp\/v2\/posts"}],"about":[{"href":"https:\/\/www.diarioimagen.net\/index.php?rest_route=\/wp\/v2\/types\/post"}],"author":[{"embeddable":true,"href":"https:\/\/www.diarioimagen.net\/index.php?rest_route=\/wp\/v2\/users\/3"}],"replies":[{"embeddable":true,"href":"https:\/\/www.diarioimagen.net\/index.php?rest_route=%2Fwp%2Fv2%2Fcomments&post=206543"}],"version-history":[{"count":0,"href":"https:\/\/www.diarioimagen.net\/index.php?rest_route=\/wp\/v2\/posts\/206543\/revisions"}],"wp:featuredmedia":[{"embeddable":true,"href":"https:\/\/www.diarioimagen.net\/index.php?rest_route=\/wp\/v2\/media\/206612"}],"wp:attachment":[{"href":"https:\/\/www.diarioimagen.net\/index.php?rest_route=%2Fwp%2Fv2%2Fmedia&parent=206543"}],"wp:term":[{"taxonomy":"category","embeddable":true,"href":"https:\/\/www.diarioimagen.net\/index.php?rest_route=%2Fwp%2Fv2%2Fcategories&post=206543"},{"taxonomy":"post_tag","embeddable":true,"href":"https:\/\/www.diarioimagen.net\/index.php?rest_route=%2Fwp%2Fv2%2Ftags&post=206543"}],"curies":[{"name":"wp","href":"https:\/\/api.w.org\/{rel}","templated":true}]}}