{"id":206840,"date":"2015-02-16T19:11:04","date_gmt":"2015-02-17T01:11:04","guid":{"rendered":"http:\/\/www.diarioimagen.net\/?p=206840"},"modified":"2015-02-17T04:29:48","modified_gmt":"2015-02-17T10:29:48","slug":"david-bisbal-sera-honrado-con-el-premio-voice-of-music","status":"publish","type":"post","link":"https:\/\/www.diarioimagen.net\/?p=206840","title":{"rendered":"David Bisbal ser\u00e1 honrado con el  Premio \u201cVoice of Music\u201d"},"content":{"rendered":"<ul>\n<li><strong><em>La Sociedad Americana de Compositores, Autores y Editores <\/em><em>anunci\u00f3 la edici\u00f3n 23 anual del Premio ASCAP a la M\u00fasica Latina<\/em><\/strong><\/li>\n<\/ul>\n<div id=\"attachment_206841\" style=\"width: 250px\" class=\"wp-caption alignleft\"><img loading=\"lazy\" decoding=\"async\" aria-describedby=\"caption-attachment-206841\" class=\"size-medium wp-image-206841\" src=\"http:\/\/www.diarioimagen.net\/wp-content\/uploads\/2015\/02\/david-bisbal-portal-240x135.jpg\" alt=\"La ceremonia de gala de ASCAP, donde Bisbal ser\u00e1 reconocido, se realizar\u00e1 el pr\u00f3ximo el mi\u00e9rcoles 11 de marzo en el Hotel Beverly Hilton de Los \u00c1ngeles., California\" width=\"240\" height=\"135\" srcset=\"https:\/\/www.diarioimagen.net\/wp-content\/uploads\/2015\/02\/david-bisbal-portal-240x135.jpg 240w, https:\/\/www.diarioimagen.net\/wp-content\/uploads\/2015\/02\/david-bisbal-portal-420x236.jpg 420w, https:\/\/www.diarioimagen.net\/wp-content\/uploads\/2015\/02\/david-bisbal-portal.jpg 480w, https:\/\/www.diarioimagen.net\/wp-content\/uploads\/2015\/02\/david-bisbal-portal-235x132.jpg 235w, https:\/\/www.diarioimagen.net\/wp-content\/uploads\/2015\/02\/david-bisbal-portal-202x114.jpg 202w, https:\/\/www.diarioimagen.net\/wp-content\/uploads\/2015\/02\/david-bisbal-portal-350x196.jpg 350w, https:\/\/www.diarioimagen.net\/wp-content\/uploads\/2015\/02\/david-bisbal-portal-220x123.jpg 220w, https:\/\/www.diarioimagen.net\/wp-content\/uploads\/2015\/02\/david-bisbal-portal-237x132.jpg 237w\" sizes=\"auto, (max-width: 240px) 100vw, 240px\" \/><p id=\"caption-attachment-206841\" class=\"wp-caption-text\">La ceremonia de gala de ASCAP, donde Bisbal ser\u00e1 reconocido, se realizar\u00e1 el pr\u00f3ximo el mi\u00e9rcoles 11 de marzo en el Hotel Beverly Hilton de Los \u00c1ngeles., California<\/p><\/div>\n<p>En la ceremonia y cena de gala, ASCAP honrar\u00e1 tres grandes luminarias de nuestra m\u00fasica: La Original Banda El Lim\u00f3n de Salvador Liz\u00e1rraga recibir\u00e1 el Premio ASCAP a la Herencia Latina, el cual se presenta a los creadores de m\u00fasica en reconocimiento de sus contribuciones \u00fanicas y perdurables a la m\u00fasica latina.<\/p>\n<p>Artistas honrados en el pasado con este premio incluyen: Ricardo Arjona, Celia Cruz, Franco De Vita, Gilberto Santa Rosa, Alejandro Sanz, Olga Ta\u00f1\u00f3n y La Fania All Stars.<\/p>\n<p>David Bisbal ser\u00e1 honrado con el\u00a0 Premio \u201cVoice of Music\u201d presentado a compositores y artistas cuya m\u00fasica le dan voz al esp\u00edritu de una nueva generaci\u00f3n. Homenajeados anteriores incluyen: Mary J Blige, Garth Brooks, Kenny Chesney, Luis Fonsi, Amy Grant, Diane Warren y Daddy Yankee.<\/p>\n<p>Adem\u00e1s, Mario Domm ser\u00e1 galardonado con el \u201cGolden Note Award\u201d, premio que se presenta a los cantautores, compositores y artistas que han logrado una extraordinaria carrera. Los artistas que anteriormente recibieron el Golden Note incluyen: Jos\u00e9 Feliciano, V\u00edctor Manuelle, Omar Alfanno, Pharrell Williams, Lionel Richie y Ne-Yo.<\/p>\n","protected":false},"excerpt":{"rendered":"<p>En la ceremonia y cena de gala, ASCAP honrar\u00e1 tres grandes luminarias de nuestra m\u00fasica: La Original Banda El Lim\u00f3n de Salvador Liz\u00e1rraga recibir\u00e1 el Premio ASCAP a la Herencia Latina, el cual se presenta a los creadores de m\u00fasica en reconocimiento de sus contribuciones \u00fanicas y perdurables a la m\u00fasica latina.<\/p>\n","protected":false},"author":5,"featured_media":206841,"comment_status":"open","ping_status":"open","sticky":false,"template":"","format":"standard","meta":{"_monsterinsights_skip_tracking":false,"_monsterinsights_sitenote_active":false,"_monsterinsights_sitenote_note":"","_monsterinsights_sitenote_category":0,"footnotes":""},"categories":[17,12],"tags":[9743],"class_list":["post-206840","post","type-post","status-publish","format-standard","has-post-thumbnail","hentry","category-especiales","category-espectaculos","tag-david-bisbal"],"_links":{"self":[{"href":"https:\/\/www.diarioimagen.net\/index.php?rest_route=\/wp\/v2\/posts\/206840","targetHints":{"allow":["GET"]}}],"collection":[{"href":"https:\/\/www.diarioimagen.net\/index.php?rest_route=\/wp\/v2\/posts"}],"about":[{"href":"https:\/\/www.diarioimagen.net\/index.php?rest_route=\/wp\/v2\/types\/post"}],"author":[{"embeddable":true,"href":"https:\/\/www.diarioimagen.net\/index.php?rest_route=\/wp\/v2\/users\/5"}],"replies":[{"embeddable":true,"href":"https:\/\/www.diarioimagen.net\/index.php?rest_route=%2Fwp%2Fv2%2Fcomments&post=206840"}],"version-history":[{"count":0,"href":"https:\/\/www.diarioimagen.net\/index.php?rest_route=\/wp\/v2\/posts\/206840\/revisions"}],"wp:featuredmedia":[{"embeddable":true,"href":"https:\/\/www.diarioimagen.net\/index.php?rest_route=\/wp\/v2\/media\/206841"}],"wp:attachment":[{"href":"https:\/\/www.diarioimagen.net\/index.php?rest_route=%2Fwp%2Fv2%2Fmedia&parent=206840"}],"wp:term":[{"taxonomy":"category","embeddable":true,"href":"https:\/\/www.diarioimagen.net\/index.php?rest_route=%2Fwp%2Fv2%2Fcategories&post=206840"},{"taxonomy":"post_tag","embeddable":true,"href":"https:\/\/www.diarioimagen.net\/index.php?rest_route=%2Fwp%2Fv2%2Ftags&post=206840"}],"curies":[{"name":"wp","href":"https:\/\/api.w.org\/{rel}","templated":true}]}}