{"id":207034,"date":"2015-02-18T00:06:53","date_gmt":"2015-02-18T06:06:53","guid":{"rendered":"http:\/\/www.diarioimagen.net\/?p=207034"},"modified":"2015-02-19T06:05:41","modified_gmt":"2015-02-19T12:05:41","slug":"lamenta-eruviel-avila-suspension-de-medidas-migratorias-en-eu","status":"publish","type":"post","link":"https:\/\/www.diarioimagen.net\/?p=207034","title":{"rendered":"Lamenta Eruviel \u00c1vila suspensi\u00f3n de medidas migratorias en EU"},"content":{"rendered":"<ul>\n<li><strong><em>La Conago impulsar\u00e1 que las entidades brinden orientaci\u00f3n para que connacionales se informen sobre el desarrollo de esta acci\u00f3n judicial<br \/>\n<\/em><\/strong><\/li>\n<\/ul>\n<h6>Redacci\u00f3n<\/h6>\n<p>&nbsp;<\/p>\n<div id=\"attachment_207111\" style=\"width: 250px\" class=\"wp-caption alignleft\"><a href=\"http:\/\/www.diarioimagen.net\/wp-content\/uploads\/2015\/02\/eruviel-2552.jpg\"><img loading=\"lazy\" decoding=\"async\" aria-describedby=\"caption-attachment-207111\" class=\"size-medium wp-image-207111\" src=\"http:\/\/www.diarioimagen.net\/wp-content\/uploads\/2015\/02\/eruviel-2552-240x135.jpg\" alt=\"El gobernador Eruviel \u00c1vila entreg\u00f3 tarjetas La Efectiva y otros apoyos para escolares de los municipios de la regi\u00f3n de las Pir\u00e1mides.\" width=\"240\" height=\"135\" srcset=\"https:\/\/www.diarioimagen.net\/wp-content\/uploads\/2015\/02\/eruviel-2552-240x135.jpg 240w, https:\/\/www.diarioimagen.net\/wp-content\/uploads\/2015\/02\/eruviel-2552-420x236.jpg 420w, https:\/\/www.diarioimagen.net\/wp-content\/uploads\/2015\/02\/eruviel-2552.jpg 480w, https:\/\/www.diarioimagen.net\/wp-content\/uploads\/2015\/02\/eruviel-2552-235x132.jpg 235w, https:\/\/www.diarioimagen.net\/wp-content\/uploads\/2015\/02\/eruviel-2552-202x114.jpg 202w, https:\/\/www.diarioimagen.net\/wp-content\/uploads\/2015\/02\/eruviel-2552-350x196.jpg 350w, https:\/\/www.diarioimagen.net\/wp-content\/uploads\/2015\/02\/eruviel-2552-220x123.jpg 220w, https:\/\/www.diarioimagen.net\/wp-content\/uploads\/2015\/02\/eruviel-2552-237x132.jpg 237w\" sizes=\"auto, (max-width: 240px) 100vw, 240px\" \/><\/a><p id=\"caption-attachment-207111\" class=\"wp-caption-text\">El gobernador Eruviel \u00c1vila entreg\u00f3 tarjetas La Efectiva y otros apoyos para escolares de los municipios de la regi\u00f3n de las Pir\u00e1mides.<\/p><\/div>\n<p>En su calidad de coordinador de la Comisi\u00f3n de Asuntos Internacionales de la Conferencia Nacional de Gobernadores (Conago), el mandatario Eruviel \u00c1vila Villegas, lament\u00f3 el fallo que emiti\u00f3 un juez federal del estado de Texas, Estados Unidos, con el cual se suspenden temporalmente las medidas ejecutivas migratorias que el presidente estadunidense Barack Obama propuso en noviembre de 2014, las cuales tienen la finalidad de apoyar a millones de personas indocumentadas.<\/p>\n<p>Por ello, asegur\u00f3 que respeta la sentencia emitida, pero no la comparte, ya que afecta los intereses de 5 millones de migrantes, quienes con su trabajo contribuyen a fortalecer la econom\u00eda del pa\u00eds vecino.<\/p>\n<p>\u201cEstas medidas migratorias pretenden apoyar a j\u00f3venes, a mujeres, a hombres migrantes de diferentes pa\u00edses y especialmente de M\u00e9xico que residen en Estados Unidos.<\/p>\n<p>Lamentablemente, este fallo suspende temporalmente las medidas, por eso hoy la Conferencia Nacional de Gobernadores, a trav\u00e9s de la Comisi\u00f3n de Asuntos Internacionales, que me honro en coordinar, expresa su preocupaci\u00f3n por esta decisi\u00f3n, que si bien respetamos, no compartimos\u201d, puntualiz\u00f3.<\/p>\n<p>Al encabezar en Otumba la entrega de apoyos de las Acciones por la Educaci\u00f3n, en beneficio de cerca de 5 mil alumnos de los municipios de la Regi\u00f3n de las Pir\u00e1mides, el gobernador afirm\u00f3 que estar\u00e1 pendiente de la apelaci\u00f3n que haga el presidente Barack Obama, en espera de que estas medidas ejecutivas sean aprobadas y cumplan su prop\u00f3sito, que es mejorar la calidad de vida de m\u00e1s de 5 millones de indocumentados.<\/p>\n<p>Se\u00f1al\u00f3 que los mexicanos que residen en la Uni\u00f3n Americana trabajan d\u00eda con d\u00eda para sacar adelante a sus familias, por lo que, a trav\u00e9s de la Coordinaci\u00f3n de Asuntos Internacionales de la Conago, impulsar\u00e1 que las entidades que tengan casas de representaci\u00f3n en aquella naci\u00f3n, brinden orientaci\u00f3n para que los paisanos est\u00e9n informados sobre el desarrollo de esta medida judicial.<\/p>\n<p>Eruviel \u00c1vila expres\u00f3 su solidaridad con los mexiquenses que viven en Estados Unidos y reconoci\u00f3 el trabajo de la canciller\u00eda mexicana, ya que a trav\u00e9s de la Red Consular de la Secretar\u00eda de Relaciones Exteriores,\u00a0 tambi\u00e9n se ofrecer\u00e1 asesor\u00eda a los migrantes.<\/p>\n","protected":false},"excerpt":{"rendered":"<p>En su calidad de coordinador de la Comisi\u00f3n de Asuntos Internacionales de la Conferencia Nacional de Gobernadores (Conago), el mandatario Eruviel \u00c1vila Villegas, lament\u00f3 el fallo que emiti\u00f3 un juez federal del estado de Texas, Estados Unidos, con el cual se suspenden temporalmente las medidas ejecutivas migratorias que el presidente estadunidense Barack Obama propuso en noviembre de 2014, las cuales tienen la finalidad de apoyar a millones de personas indocumentadas.<\/p>\n","protected":false},"author":3,"featured_media":207111,"comment_status":"open","ping_status":"open","sticky":false,"template":"","format":"standard","meta":{"_monsterinsights_skip_tracking":false,"_monsterinsights_sitenote_active":false,"_monsterinsights_sitenote_note":"","_monsterinsights_sitenote_category":0,"footnotes":""},"categories":[5],"tags":[5828,2786],"class_list":["post-207034","post","type-post","status-publish","format-standard","has-post-thumbnail","hentry","category-estado-de-mexico","tag-eruviel-avila-villegas","tag-eu"],"_links":{"self":[{"href":"https:\/\/www.diarioimagen.net\/index.php?rest_route=\/wp\/v2\/posts\/207034","targetHints":{"allow":["GET"]}}],"collection":[{"href":"https:\/\/www.diarioimagen.net\/index.php?rest_route=\/wp\/v2\/posts"}],"about":[{"href":"https:\/\/www.diarioimagen.net\/index.php?rest_route=\/wp\/v2\/types\/post"}],"author":[{"embeddable":true,"href":"https:\/\/www.diarioimagen.net\/index.php?rest_route=\/wp\/v2\/users\/3"}],"replies":[{"embeddable":true,"href":"https:\/\/www.diarioimagen.net\/index.php?rest_route=%2Fwp%2Fv2%2Fcomments&post=207034"}],"version-history":[{"count":0,"href":"https:\/\/www.diarioimagen.net\/index.php?rest_route=\/wp\/v2\/posts\/207034\/revisions"}],"wp:featuredmedia":[{"embeddable":true,"href":"https:\/\/www.diarioimagen.net\/index.php?rest_route=\/wp\/v2\/media\/207111"}],"wp:attachment":[{"href":"https:\/\/www.diarioimagen.net\/index.php?rest_route=%2Fwp%2Fv2%2Fmedia&parent=207034"}],"wp:term":[{"taxonomy":"category","embeddable":true,"href":"https:\/\/www.diarioimagen.net\/index.php?rest_route=%2Fwp%2Fv2%2Fcategories&post=207034"},{"taxonomy":"post_tag","embeddable":true,"href":"https:\/\/www.diarioimagen.net\/index.php?rest_route=%2Fwp%2Fv2%2Ftags&post=207034"}],"curies":[{"name":"wp","href":"https:\/\/api.w.org\/{rel}","templated":true}]}}