{"id":207093,"date":"2015-02-18T00:01:22","date_gmt":"2015-02-18T06:01:22","guid":{"rendered":"http:\/\/www.diarioimagen.net\/?p=207093"},"modified":"2015-02-18T04:51:10","modified_gmt":"2015-02-18T10:51:10","slug":"en-el-paseo-de-la-reforma-united-airlines-inaugura-nuevas-oficinas-que-ofrecen-comodidad-a-los-usuarios","status":"publish","type":"post","link":"https:\/\/www.diarioimagen.net\/?p=207093","title":{"rendered":"En el Paseo de la Reforma, United Airlines inaugura nuevas oficinas que ofrecen comodidad a los usuarios"},"content":{"rendered":"<h2>De cinco estrellas<\/h2>\n<h5>Victoria Gonz\u00e1lez Prado<\/h5>\n<p>&nbsp;<\/p>\n<ul>\n<li><em><strong>Ayer concluyeron las actividades del XIII Foro Nacional de Turismo Mundo Maya Forum 2015<\/strong><\/em><\/li>\n<li><em><strong>Enrique Calder\u00f3n Fern\u00e1ndez, nuevo director general de Hotelera Posadas<\/strong><\/em><\/li>\n<li><em><strong>El Aeropuerto Internacional de Tijuana ser\u00e1 la primera terminal a\u00e9rea binacional de Las Am\u00e9ricas<\/strong><\/em><\/li>\n<li><em><strong>LAN y TAM ser\u00e1n las l\u00edneas a\u00e9reas oficiales de la Copa Am\u00e9rica 2015, que se realizar\u00e1 en Chile<\/strong><\/em><\/li>\n<\/ul>\n<div id=\"attachment_207149\" style=\"width: 250px\" class=\"wp-caption alignleft\"><a href=\"http:\/\/www.diarioimagen.net\/wp-content\/uploads\/2015\/02\/turismo-2552.jpg\"><img loading=\"lazy\" decoding=\"async\" aria-describedby=\"caption-attachment-207149\" class=\"size-medium wp-image-207149\" src=\"http:\/\/www.diarioimagen.net\/wp-content\/uploads\/2015\/02\/turismo-2552-240x135.jpg\" alt=\"En la inauguraci\u00f3n de las oficinas de United.\" width=\"240\" height=\"135\" srcset=\"https:\/\/www.diarioimagen.net\/wp-content\/uploads\/2015\/02\/turismo-2552-240x135.jpg 240w, https:\/\/www.diarioimagen.net\/wp-content\/uploads\/2015\/02\/turismo-2552-420x236.jpg 420w, https:\/\/www.diarioimagen.net\/wp-content\/uploads\/2015\/02\/turismo-2552.jpg 480w, https:\/\/www.diarioimagen.net\/wp-content\/uploads\/2015\/02\/turismo-2552-235x132.jpg 235w, https:\/\/www.diarioimagen.net\/wp-content\/uploads\/2015\/02\/turismo-2552-202x114.jpg 202w, https:\/\/www.diarioimagen.net\/wp-content\/uploads\/2015\/02\/turismo-2552-350x196.jpg 350w, https:\/\/www.diarioimagen.net\/wp-content\/uploads\/2015\/02\/turismo-2552-220x123.jpg 220w, https:\/\/www.diarioimagen.net\/wp-content\/uploads\/2015\/02\/turismo-2552-237x132.jpg 237w\" sizes=\"auto, (max-width: 240px) 100vw, 240px\" \/><\/a><p id=\"caption-attachment-207149\" class=\"wp-caption-text\">En la inauguraci\u00f3n de las oficinas de United.<\/p><\/div>\n<p><strong>Rolf Meyer<\/strong><strong>, director ejecutivo para M\u00e9xico y<\/strong><strong> Alex Savic<\/strong><strong>, <\/strong><strong><em>Managing, Director Latin American Sales<\/em><\/strong><strong>, ambos de <\/strong><strong><em>United Airlines<\/em><\/strong><strong> y acompa\u00f1ados por algunos miembros de <\/strong><strong><em>Star Alliance<\/em><\/strong><strong> inauguraron las nuevas oficinas ubicadas en el piso 18 de un nuevo un edificio en el Paseo de la Reforma lugar, que albergar\u00e1 la administraci\u00f3n, reservaciones, boletos y ventas.\u00a0\u00a0 <\/strong><\/p>\n<p><strong>Las nuevas oficinas continuar\u00e1n brindando servicio de reserva de vuelos y emisi\u00f3n de boletos, que tambi\u00e9n est\u00e1n disponibles en: 5283 5500, en la p\u00e1gina de internet<\/strong><strong>\u00a0<\/strong><strong><a href=\"http:\/\/www.united.com\/\" target=\"_blank\">www.united.com<\/a><\/strong><strong>\u00a0<\/strong><strong>y, en las sucursales de Plaza Inn y Centro Comercial Santa Fe.<\/strong><\/p>\n<p><strong>Es importante destacar que la aerol\u00ednea tiene m\u00e1s de 550 vuelos directos a la semana a 26 destinos de la Rep\u00fablica Mexicana desde sus siete <\/strong><strong><em>hubs <\/em><\/strong><strong>en la Uni\u00f3n Americana en aviones <\/strong><strong><em>Boeing 737,<\/em><\/strong> <strong><em>Airbus A320<\/em><\/strong><strong> y <\/strong><strong><em>A319<\/em><\/strong><strong>, lo mismo que jets regionales <\/strong><strong><em>Embraer<\/em><\/strong><strong> y<\/strong><strong><em> Canadair<\/em><\/strong><strong> en ciertas rutas.<\/strong><\/p>\n<p><strong>En su oportunidad, Rolf Meyer<\/strong><strong> asegur\u00f3, \u201cen <\/strong><strong><em>United <\/em><\/strong><strong>estamos muy orgullosos de la apertura de nuestras nuevas oficinas, que ofrecen una mayor visibilidad y acceso para la comodidad de nuestros clientes\u201d. <\/strong><\/p>\n<p><strong>Por su parte, Alex Savic<\/strong><strong>, subray\u00f3 que el a\u00f1o 2014 hab\u00eda sido uno de los mejores para la compa\u00f1\u00eda al obtener ganancias de alrededor de los 20 mil millones de d\u00f3lares.<\/strong><\/p>\n<p>\u2730\u2730\u2730\u2730\u2730\u00a0Ayer concluyeron las actividades del XIII Foro Nacional de Turismo Mundo Maya Forum 2015, celebrado en la ciudad de Villahermosa, Tabasco. Por segundo a\u00f1o consecutivo este encuentro se realiza en uno de los estados del Sureste de M\u00e9xico y que forma parte del proyecto Mundo Maya, siendo \u00e9ste el tema central del foro.<\/p>\n<p>Durante el foro se llevaron a cabo diversos paneles en los que participaron autoridades y expertos del sector, quienes ante prensa especializada dialogaron sobre los principales retos que enfrenta la regi\u00f3n del Mundo Maya y algunos segmentos del turismo, como el de reuniones y el de aventura.<\/p>\n<p>Al mismo tiempo hicieron propuestas para superar dichos retos y peticiones concretas a las autoridades.<\/p>\n<p>Al hablar del presente y futuro del Mundo Maya, se resalt\u00f3 la importancia del trabajo en equipo y de la sinergia que debe haber no s\u00f3lo entre los estados que forman parte de este proyecto, sino de dichos estados con los pa\u00edses que tambi\u00e9n son integrantes.<\/p>\n<p>Uno de los principales problemas en la regi\u00f3n del Mundo Maya es la conectividad, por lo que tambi\u00e9n se dialog\u00f3 al respecto.<\/p>\n<p>De acuerdo con estimaciones de la Secretar\u00eda de Turismo, M\u00e9xico podr\u00eda rebasar los 30 mil turistas este a\u00f1o. Si bien el Aeropuerto Internacional de Canc\u00fan permite conectar con 23 destinos nacionales, el resto de los estados del Sureste tiene muy poca conectividad a\u00e9rea.<\/p>\n<p>Por otra parte, en el foro tambi\u00e9n se habl\u00f3 de los problemas que enfrentan segmentos como el de reuniones y el de aventura, de los m\u00e1s rentables pero desafortunadamente de los menos apoyados, por desconocer lo que aportan, tanto en divisas como en conocimiento, por falta de coordinaci\u00f3n y por desinter\u00e9s por parte de los gobiernos, como revelaron los ponentes.<\/p>\n<p>El tema de las inversiones tambi\u00e9n se puso sobre la mesa. Al respecto, los ponentes coincidieron en que hay que ser competitivos, ofreciendo servicios de calidad, teniendo infraestructura y conectividad a\u00e9rea y terrestre, adem\u00e1s de contar con una oferta tur\u00edstica diversificada.<\/p>\n<p>Durante el Foro Nacional de Turismo tambi\u00e9n se anunci\u00f3 la celebraci\u00f3n de KULTUR 2015. <strong>Fernando Olivera Rocha<\/strong>, secretario de Turismo de Guanajuato, realiz\u00f3 la presentaci\u00f3n del \u201cForo de turismo y cultura m\u00e1s importante del pa\u00eds\u201d, en donde se presentar\u00e1n atractivos y nuevas tendencias en el sector. Se llevar\u00e1 a cabo del 15 al 17 de abril en San Miguel de Allende.<\/p>\n<p>\u2730\u2730\u2730\u2730\u2730\u00a0<strong>Enrique Calder\u00f3n Fern\u00e1ndez<\/strong> es el nuevo director general de Hotelera Posadas en sustituci\u00f3n de <strong>Rafael de la Mora Ceja<\/strong>.<\/p>\n<p><strong>Calder\u00f3n<\/strong> ven\u00eda desempe\u00f1ando el cargo de director Corporativo Comercial de la empresa. Cuenta con m\u00e1s de 20 a\u00f1os en el \u00e1rea de comercializaci\u00f3n de hoteles y servicios tur\u00edsticos tanto en el Grupo como en otras empresas del sector, creando estrategias de mercadotecnia, promoci\u00f3n y ventas.<\/p>\n<p>Al respecto \u00a0<strong>Jos\u00e9 Carlos Azc\u00e1rraga<\/strong>, director general de la compa\u00f1\u00eda, destac\u00f3 en una informaci\u00f3n enviada a la Bolsa Mexicana de Valores que \u201cla experiencia y capacidad de <strong>Enrique<\/strong> garantizan continuidad en el buen nivel de satisfacci\u00f3n y rentabilidad en la operaci\u00f3n de los hoteles de nuestras marcas\u201d.<\/p>\n<p>A su vez, tambi\u00e9n reconoci\u00f3 el trabajo de <strong>De la Mora<\/strong> y agradeci\u00f3 su compromiso y liderazgo por m\u00e1s de 20 a\u00f1os en beneficio de la Hotelera, adem\u00e1s de destacar su contribuci\u00f3n al \u00e9xito y buen desempe\u00f1o de los hoteles.<\/p>\n<p>\u2730\u2730\u2730\u2730\u2730\u00a0El Aeropuerto Internacional de Tijuana se convertir\u00e1 en la primer terminal a\u00e9rea binacional de las Am\u00e9ricas, y la segunda a nivel mundial, que en octubre pr\u00f3ximo contar\u00e1 con un puente peatonal de 180 metros que unir\u00e1 a M\u00e9xico con San Diego.<\/p>\n<p><strong>Horacio Macalpin<\/strong>, director de <em>California Alliance<\/em> destac\u00f3 que con el puente se ahorrar\u00e1 tiempo de traslado, que hoy es de dos horas y se llegar\u00e1 a reducir 20 minutos.<\/p>\n<p>\u201cSe est\u00e1 trabajando con las diferentes l\u00edneas a\u00e9reas entre ellas Volaris y otras del Sur y Centroam\u00e9rica, para aumentar las frecuencias a Tijuana\u201d,\u00a0\u00a0 coment\u00f3 el directivo durante la presentaci\u00f3n de la octava reuni\u00f3n anual del \u00e1rea de ventas y mercadotecnia de <em>California Alliance<\/em>.<\/p>\n<p>La operaci\u00f3n del cruce por el puente peatonal inicia en la zona de migraci\u00f3n y aduana para salir\u00a0 a una moderna terminal con todos los servicios, cuyo costo de peaje oscilar\u00e1 entre 13 y 17 d\u00f3lares por pasajero. \u201cLos ingresos servir\u00e1n para amortizar el costo de construcci\u00f3n -78 millones de d\u00f3lares-, y el de operaci\u00f3n de ambos lados de la frontera\u201d, dijo el directivo.<\/p>\n<p>\u201cLa idea es evolucionar el viaje a California, ofreciendo facilidades en el traslado a San Diego, atractivos servicios para hacer m\u00e1s placentero el arribo, como centros comerciales, comida y transportaci\u00f3n\u201d.<\/p>\n<p>El primer Aeropuerto binacional es el que une a Suiza y Francia, donde ambos pa\u00edses se unen por medio de un puente. M\u00e9xico ser\u00e1 el segundo pa\u00eds en contar con una terminal a\u00e9rea binacional con Estados Unidos.<\/p>\n<p>De las estimaciones que se han hecho se asegura que el puente ser\u00e1 utilizado por m\u00e1s de un mill\u00f3n de pasajeros al a\u00f1o, aunque no podr\u00e1 utilizarse para cruce local. Ser\u00e1 solo para aquellos que tengan un boleto de avi\u00f3n.<\/p>\n<p>\u2730\u2730\u2730\u2730\u2730\u00a0A poco m\u00e1s de 136 d\u00edas del inicio de la Copa Am\u00e9rica, fue firmado el acuerdo que convierte a las aerol\u00edneas miembros del Grupo <em>LATAM Airlines<\/em>,\u00a0en las compa\u00f1\u00edas oficiales del principal torneo de futbol de selecciones de Am\u00e9rica Latina, organizado por la Conmebol, que se realizar\u00e1\u00a0en Chile entre el 11 de junio y el 4 de julio de este a\u00f1o.<\/p>\n<p>Durante esta\u00a044\u00aa edici\u00f3n del torneo, las aerol\u00edneas miembros del Grupo LATAM transportar\u00e1n a miles de pasajeros desde diversos rincones del mundo para disfrutar del torneo continental m\u00e1s antiguo del mundo.<\/p>\n<p>\u201cComo grupo de aerol\u00edneas l\u00edderes en la regi\u00f3n estamos muy contentos de convertirnos en las l\u00edneas a\u00e9reas y operadores de turismo oficiales de la Copa Am\u00e9rica y apoyar al deporte mediante el evento m\u00e1s importante del continente. Ofreceremos\u00a0la mejor conectividad desde y hacia Sudam\u00e9rica, as\u00ed como LAN ofrecer\u00e1 la mejor conectividad dentro de Chile\u201d, afirma <strong>Jerome Cadier<\/strong>,\u00a0VP de Marketing <em>LATAM Airlines Group.<\/em><\/p>\n<p>Esta semana inicia\u00a0 la venta de los paquetes tur\u00edsticos para quienes quieran estar presentes en esta nueva edici\u00f3n de la Copa Am\u00e9rica. Los paquetes de <em>LANTOURS<\/em> y <em>TAM Viagens<\/em> ser\u00e1n comercializados en las agencias m\u00e1s importantes del pa\u00eds.<\/p>\n<p>Grupo LATAM Airlines es hoy l\u00edder en cobertura en la regi\u00f3n llegando a m\u00e1s de 115 destinos en Sudam\u00e9rica, lo que le permitir\u00e1 ser el medio de transporte m\u00e1s utilizado para todas las personas que van a viajar a Chile a presenciar este torneo.<\/p>\n<p>El ejecutivo se refiere adem\u00e1s a la oportunidad que significa el evento, mostrar al mundo lo que es Chile y Sudam\u00e9rica.<\/p>\n<p>\u201cLa Copa Am\u00e9rica es una vitrina para potenciar el turismo en la regi\u00f3n, por lo que trabajaremos para que nuestros pasajeros tengan una excelente experiencia de viaje y el evento sea una instancia para que viajeros de todo el mundo conozcan\u00a0varios de los\u00a0 destinos que ofrecemos\u201d, agrega <strong>Cadier<\/strong>.<\/p>\n<p><strong>Ivan Martinho<\/strong>, diretor comercial de <em>Traffic Sports<\/em> (empresa encargada de negociar el patrocinio), dijo \u201cnos sentimos honrados y orgullosos de tener a los miembros del Grupo en la lista de patrocinadores de la Copa Am\u00e9rica. Vamos a trabajar duro para asegurar que todos sus objetivos se cumplan\u201d, dice Martinho.<\/p>\n<p><i><a href=\"mailto:victoriagprado@gmail.com\" target=\"_blank\">victoriagprado@gmail.com<\/a><\/i><\/p>\n","protected":false},"excerpt":{"rendered":"<p>Rolf Meyer, director ejecutivo para M\u00e9xico y Alex Savic, <em>Managing, Director Latin American Sales<\/em>, ambos de <em>United Airlines<\/em> y acompa\u00f1ados por algunos miembros de <em>Star Alliance<\/em> inauguraron las nuevas oficinas ubicadas en el piso 18 de un nuevo un edificio en el Paseo de la Reforma lugar, que albergar\u00e1 la administraci\u00f3n, reservaciones, boletos y ventas.<\/p>\n","protected":false},"author":3,"featured_media":207149,"comment_status":"open","ping_status":"open","sticky":false,"template":"","format":"standard","meta":{"_monsterinsights_skip_tracking":false,"_monsterinsights_sitenote_active":false,"_monsterinsights_sitenote_note":"","_monsterinsights_sitenote_category":0,"footnotes":""},"categories":[11],"tags":[107,43674,43681,106],"class_list":["post-207093","post","type-post","status-publish","format-standard","has-post-thumbnail","hentry","category-turismo","tag-de-cinco-estrellas","tag-opinion","tag-turismo","tag-victoria-gonzalez-prado"],"_links":{"self":[{"href":"https:\/\/www.diarioimagen.net\/index.php?rest_route=\/wp\/v2\/posts\/207093","targetHints":{"allow":["GET"]}}],"collection":[{"href":"https:\/\/www.diarioimagen.net\/index.php?rest_route=\/wp\/v2\/posts"}],"about":[{"href":"https:\/\/www.diarioimagen.net\/index.php?rest_route=\/wp\/v2\/types\/post"}],"author":[{"embeddable":true,"href":"https:\/\/www.diarioimagen.net\/index.php?rest_route=\/wp\/v2\/users\/3"}],"replies":[{"embeddable":true,"href":"https:\/\/www.diarioimagen.net\/index.php?rest_route=%2Fwp%2Fv2%2Fcomments&post=207093"}],"version-history":[{"count":0,"href":"https:\/\/www.diarioimagen.net\/index.php?rest_route=\/wp\/v2\/posts\/207093\/revisions"}],"wp:featuredmedia":[{"embeddable":true,"href":"https:\/\/www.diarioimagen.net\/index.php?rest_route=\/wp\/v2\/media\/207149"}],"wp:attachment":[{"href":"https:\/\/www.diarioimagen.net\/index.php?rest_route=%2Fwp%2Fv2%2Fmedia&parent=207093"}],"wp:term":[{"taxonomy":"category","embeddable":true,"href":"https:\/\/www.diarioimagen.net\/index.php?rest_route=%2Fwp%2Fv2%2Fcategories&post=207093"},{"taxonomy":"post_tag","embeddable":true,"href":"https:\/\/www.diarioimagen.net\/index.php?rest_route=%2Fwp%2Fv2%2Ftags&post=207093"}],"curies":[{"name":"wp","href":"https:\/\/api.w.org\/{rel}","templated":true}]}}