{"id":207201,"date":"2015-02-19T00:06:31","date_gmt":"2015-02-19T06:06:31","guid":{"rendered":"http:\/\/www.diarioimagen.net\/?p=207201"},"modified":"2015-02-20T06:49:24","modified_gmt":"2015-02-20T12:49:24","slug":"entrega-eav-apoyos-a-supervisores-escolares","status":"publish","type":"post","link":"https:\/\/www.diarioimagen.net\/?p=207201","title":{"rendered":"Entrega EAV apoyos a supervisores escolares"},"content":{"rendered":"<ul>\n<li><strong><em>El gobernador reiter\u00f3 su compromiso de apoyar a la ense\u00f1anza, llave para tener una sociedad m\u00e1s igualitaria y pr\u00f3spera<\/em><\/strong><\/li>\n<\/ul>\n<h6>Redacci\u00f3n<\/h6>\n<p>&nbsp;<\/p>\n<div id=\"attachment_207283\" style=\"width: 250px\" class=\"wp-caption alignleft\"><a href=\"http:\/\/www.diarioimagen.net\/?attachment_id=207283\" rel=\"attachment wp-att-207283\"><img loading=\"lazy\" decoding=\"async\" aria-describedby=\"caption-attachment-207283\" class=\"size-medium wp-image-207283\" src=\"http:\/\/www.diarioimagen.net\/wp-content\/uploads\/2015\/02\/eruviel-2553-240x135.jpg\" alt=\"Eruviel \u00c1vila Villegas entreg\u00f3 apoyos econ\u00f3micos y equipamiento del programa de Fortalecimiento a la Supervisi\u00f3n Escolar,\u00a0 como parte de las acciones puestas en marcha para que la reforma educativa transforme al sistema escolar.\" width=\"240\" height=\"135\" srcset=\"https:\/\/www.diarioimagen.net\/wp-content\/uploads\/2015\/02\/eruviel-2553-240x135.jpg 240w, https:\/\/www.diarioimagen.net\/wp-content\/uploads\/2015\/02\/eruviel-2553-420x236.jpg 420w, https:\/\/www.diarioimagen.net\/wp-content\/uploads\/2015\/02\/eruviel-2553.jpg 480w, https:\/\/www.diarioimagen.net\/wp-content\/uploads\/2015\/02\/eruviel-2553-235x132.jpg 235w, https:\/\/www.diarioimagen.net\/wp-content\/uploads\/2015\/02\/eruviel-2553-202x114.jpg 202w, https:\/\/www.diarioimagen.net\/wp-content\/uploads\/2015\/02\/eruviel-2553-350x196.jpg 350w, https:\/\/www.diarioimagen.net\/wp-content\/uploads\/2015\/02\/eruviel-2553-220x123.jpg 220w, https:\/\/www.diarioimagen.net\/wp-content\/uploads\/2015\/02\/eruviel-2553-237x132.jpg 237w\" sizes=\"auto, (max-width: 240px) 100vw, 240px\" \/><\/a><p id=\"caption-attachment-207283\" class=\"wp-caption-text\">Eruviel \u00c1vila Villegas entreg\u00f3 apoyos econ\u00f3micos y equipamiento del programa de Fortalecimiento a la Supervisi\u00f3n Escolar,\u00a0 como parte de las acciones puestas en marcha para que la reforma educativa transforme al sistema escolar.<\/p><\/div>\n<p>El gobernador Eruviel \u00c1vila Villegas entreg\u00f3 apoyos econ\u00f3micos y equipamiento del programa de Fortalecimiento a la Supervisi\u00f3n Escolar,\u00a0como parte de las acciones puestas en marcha para que la reforma educativa transforme al sistema escolar y contar con mexiquenses mejor preparados, donde reiter\u00f3 que su administraci\u00f3n seguir\u00e1 impulsando a la educaci\u00f3n, porque es la llave para que la sociedad sea m\u00e1s igualitaria y pr\u00f3spera, adem\u00e1s de ser la herramienta para lograr un c\u00edrculo\u00a0 virtuoso para el desarrollo pleno de la poblaci\u00f3n.<\/p>\n<p>En este acto, el gobernador mexiquense reconoci\u00f3 la labor de los maestros mexiquenses y dijo que gracias al trabajo coordinado, en la entidad se ha consolidado un sistema educativo robusto y de calidad, siendo el m\u00e1s grande del pa\u00eds.<\/p>\n<p>\u201cHoy le reitero a mis amigas y amigos maestros, a mis dirigentes, muy respetables, de las diferentes organizaciones magisteriales, todo el respeto, todo el respaldo, todo el apoyo a nuestros maestros en el Estado de M\u00e9xico, ustedes le han dado mucho al estado, ustedes le han dado mucho al pa\u00eds y es justo que el pa\u00eds\u00a0 y que el estado les retribuya toda su aportaci\u00f3n a favor de la educaci\u00f3n\u201d, manifest\u00f3.<\/p>\n<p>Eruviel \u00c1vila detall\u00f3 que los\u00a0 apoyos\u00a0 ser\u00e1n entregados a los mil 972 supervisores pertenecientes al subsistema educativo estatal como federal, quienes recibir\u00e1n una computadora de escritorio, una laptop, sillas, escritorios, proyector de pantalla y un apoyo econ\u00f3mico para este ciclo escolar de 12 mil pesos para respaldar actividades propias de su desempe\u00f1o en los espacios educativos.<\/p>\n<p>El titular del\u00a0 Ejecutivo estatal se\u00f1al\u00f3 que el estudio \u201cPrioridades y Estrategias de la Educaci\u00f3n del Banco Mundial\u201d, manifiesta que a trav\u00e9s de la educaci\u00f3n se logra el c\u00edrculo virtuoso para el desarrollo pleno de la sociedad, ya que reduce la pobreza y la desigualdad; brinda mayores oportunidades de empleo; sienta las bases para un crecimiento econ\u00f3mico sostenido; incide en la disminuci\u00f3n de la violencia y delincuencia, adem\u00e1s de reforzar valores y lograr mayores grados de cohesi\u00f3n social, mejorando la calidad de vida de las naciones.<\/p>\n<p>Por tal motivo, dijo, su administraci\u00f3n le apuesta al sector educativo, invirtiendo 4 de cada diez pesos del presupuesto estatal, y ofrece a los alumnos mexiquenses una educaci\u00f3n de calidad, lo cual ha permitido disminuir el rezago educativo.<\/p>\n<p>Al respecto, inform\u00f3 que de acuerdo a datos del Consejo Nacional de Evaluaci\u00f3n de la Pol\u00edtica de Desarrollo Social (Coneval), la entidad abati\u00f3 el rezago educativo del 18. 5 al 15.4 por ciento en esta materia.<\/p>\n<p>Indic\u00f3 que el grado promedio de escolaridad de los mexiquenses es de 9.4 a\u00f1os, por arriba de la media nacional que es de 9; adem\u00e1s la eficiencia terminal en educaci\u00f3n primaria en el per\u00edodo 2011-2012 al 2012-2013 se increment\u00f3 en 2.7 puntos al pasar de 96.5 al 99.2 por ciento, mientras que en el ciclo escolar anterior\u00a0 ingresaron a secundaria el 96.3 por ciento de los alumnos que concluyeron la primaria, adem\u00e1s de aumentar la cobertura en este nivel educativo en 5.6 por ciento.<\/p>\n<p>Sostuvo que estos logros son resultado de la labor de maestros, alumnos padres de familia, as\u00ed como de la participaci\u00f3n de los gobiernos federal, estatal y municipal.<\/p>\n<p>Acompa\u00f1ado de los secretarios generales de la Secci\u00f3n 17 Valle de Toluca y 36 Valle de M\u00e9xico del Sindicato Nacional de Trabajadores de la Educaci\u00f3n (SNTE), Gustavo Michua y Michua y H\u00e9ctor \u00c1nimas Vargas, respectivamente, as\u00ed como del secretario general del Sindicato de Maestros al Servicio del Estado de M\u00e9xico (SMSEM), H\u00e9ctor Ulises Castro Gonzaga, el gobernador mexiquense destac\u00f3 tambi\u00e9n que\u00a0 se han invertido 5 mil 600 millones de pesos en los diferentes programas de las Acciones por la Educaci\u00f3n, programa que dijo, tiene vigencia y vida gracias a la colaboraci\u00f3n de los docentes mexiquenses, y que ha beneficiado a m\u00e1s de 540 mil alumnos.<\/p>\n","protected":false},"excerpt":{"rendered":"<p>El gobernador Eruviel \u00c1vila Villegas entreg\u00f3 apoyos econ\u00f3micos y equipamiento del programa de Fortalecimiento a la Supervisi\u00f3n Escolar, como parte de las acciones puestas en marcha para que la reforma educativa transforme al sistema escolar y contar con mexiquenses mejor preparados, donde reiter\u00f3 que su administraci\u00f3n seguir\u00e1 impulsando a la educaci\u00f3n, porque es la llave para que la sociedad sea m\u00e1s igualitaria y pr\u00f3spera, adem\u00e1s de ser la herramienta para lograr un c\u00edrculo  virtuoso para el desarrollo pleno de la poblaci\u00f3n.<\/p>\n","protected":false},"author":3,"featured_media":207283,"comment_status":"open","ping_status":"open","sticky":false,"template":"","format":"standard","meta":{"_monsterinsights_skip_tracking":false,"_monsterinsights_sitenote_active":false,"_monsterinsights_sitenote_note":"","_monsterinsights_sitenote_category":0,"footnotes":""},"categories":[5],"tags":[5828,43673],"class_list":["post-207201","post","type-post","status-publish","format-standard","has-post-thumbnail","hentry","category-estado-de-mexico","tag-eruviel-avila-villegas","tag-nacional"],"_links":{"self":[{"href":"https:\/\/www.diarioimagen.net\/index.php?rest_route=\/wp\/v2\/posts\/207201","targetHints":{"allow":["GET"]}}],"collection":[{"href":"https:\/\/www.diarioimagen.net\/index.php?rest_route=\/wp\/v2\/posts"}],"about":[{"href":"https:\/\/www.diarioimagen.net\/index.php?rest_route=\/wp\/v2\/types\/post"}],"author":[{"embeddable":true,"href":"https:\/\/www.diarioimagen.net\/index.php?rest_route=\/wp\/v2\/users\/3"}],"replies":[{"embeddable":true,"href":"https:\/\/www.diarioimagen.net\/index.php?rest_route=%2Fwp%2Fv2%2Fcomments&post=207201"}],"version-history":[{"count":0,"href":"https:\/\/www.diarioimagen.net\/index.php?rest_route=\/wp\/v2\/posts\/207201\/revisions"}],"wp:featuredmedia":[{"embeddable":true,"href":"https:\/\/www.diarioimagen.net\/index.php?rest_route=\/wp\/v2\/media\/207283"}],"wp:attachment":[{"href":"https:\/\/www.diarioimagen.net\/index.php?rest_route=%2Fwp%2Fv2%2Fmedia&parent=207201"}],"wp:term":[{"taxonomy":"category","embeddable":true,"href":"https:\/\/www.diarioimagen.net\/index.php?rest_route=%2Fwp%2Fv2%2Fcategories&post=207201"},{"taxonomy":"post_tag","embeddable":true,"href":"https:\/\/www.diarioimagen.net\/index.php?rest_route=%2Fwp%2Fv2%2Ftags&post=207201"}],"curies":[{"name":"wp","href":"https:\/\/api.w.org\/{rel}","templated":true}]}}