{"id":207547,"date":"2015-02-23T00:08:25","date_gmt":"2015-02-23T06:08:25","guid":{"rendered":"http:\/\/www.diarioimagen.net\/?p=207547"},"modified":"2015-02-23T05:05:54","modified_gmt":"2015-02-23T11:05:54","slug":"estudiante-de-uaem-a-olimpiada-de-biologia","status":"publish","type":"post","link":"https:\/\/www.diarioimagen.net\/?p=207547","title":{"rendered":"Estudiante de UAEM, a Olimpiada de Biolog\u00eda"},"content":{"rendered":"<ul>\n<li><strong><em>Obtuvo medalla de oro en la XXIV edici\u00f3n de la Olimpiada Nacional<\/em><\/strong><\/li>\n<\/ul>\n<div id=\"attachment_207586\" style=\"width: 250px\" class=\"wp-caption alignleft\"><a href=\"http:\/\/www.diarioimagen.net\/wp-content\/uploads\/2015\/02\/UAEM-2555.jpg\"><img loading=\"lazy\" decoding=\"async\" aria-describedby=\"caption-attachment-207586\" class=\"size-medium wp-image-207586\" src=\"http:\/\/www.diarioimagen.net\/wp-content\/uploads\/2015\/02\/UAEM-2555-240x135.jpg\" alt=\"Gustavo Antonio Casas, estudiante de preparatoria se agenci\u00f3 un lugar para concurrir a la Olimpiada de Biolog\u00eda, que organiza la Academia Mexicana de Ciencias.\" width=\"240\" height=\"135\" srcset=\"https:\/\/www.diarioimagen.net\/wp-content\/uploads\/2015\/02\/UAEM-2555-240x135.jpg 240w, https:\/\/www.diarioimagen.net\/wp-content\/uploads\/2015\/02\/UAEM-2555-420x236.jpg 420w, https:\/\/www.diarioimagen.net\/wp-content\/uploads\/2015\/02\/UAEM-2555.jpg 480w, https:\/\/www.diarioimagen.net\/wp-content\/uploads\/2015\/02\/UAEM-2555-235x132.jpg 235w, https:\/\/www.diarioimagen.net\/wp-content\/uploads\/2015\/02\/UAEM-2555-202x114.jpg 202w, https:\/\/www.diarioimagen.net\/wp-content\/uploads\/2015\/02\/UAEM-2555-350x196.jpg 350w, https:\/\/www.diarioimagen.net\/wp-content\/uploads\/2015\/02\/UAEM-2555-220x123.jpg 220w, https:\/\/www.diarioimagen.net\/wp-content\/uploads\/2015\/02\/UAEM-2555-237x132.jpg 237w\" sizes=\"auto, (max-width: 240px) 100vw, 240px\" \/><\/a><p id=\"caption-attachment-207586\" class=\"wp-caption-text\">Gustavo Antonio Casas, estudiante de preparatoria se agenci\u00f3 un lugar para concurrir a la Olimpiada de Biolog\u00eda, que organiza la Academia Mexicana de Ciencias.<\/p><\/div>\n<p>Al obtener medalla de oro en la XXIV edici\u00f3n de la Olimpiada Nacional de Biolog\u00eda, convocada por la Academia Mexicana de Ciencias (AMC), Gustavo Antonio Casas Aguilar, estudiante del Plantel \u201cCuauht\u00e9moc\u201d de la Escuela Preparatoria de la Universidad Aut\u00f3noma del Estado de M\u00e9xico, se hizo acreedor a un lugar en el equipo que representar\u00e1 a nuestro pa\u00eds en los cert\u00e1menes iberoamericano e internacional, que est\u00e1n por definir su sede.<\/p>\n<p>Al respecto, la directora de la mejor conocida como Prepa 3, Mar\u00eda de los \u00c1ngeles Manzur Quiroga, indic\u00f3 que Gustavo Antonio Casas Aguilar y Omar Garc\u00eda Dotor tuvieron una exitosa participaci\u00f3n en la Olimpiada Nacional de Biolog\u00eda; inform\u00f3 tambi\u00e9n que el estudiante Eduardo Montealegre L\u00f3pez es seleccionado estatal para participar en la Olimpiada Nacional de Qu\u00edmica.<\/p>\n<p>Detall\u00f3 que la Olimpiada Nacional de Biolog\u00eda reuni\u00f3 a los mejores estudiantes de nivel medio superior de todo el pa\u00eds en esta disciplina, de instituciones p\u00fablicas y privadas, y Gustavo Antonio Casas Aguilar y Omar Garc\u00eda Dotor obtuvieron preseas de oro y plata, respectivamente.<\/p>\n<p>Por este motivo, inform\u00f3, a partir de ahora y por cuatro semanas m\u00e1s, Casas Aguilar lleva una intensa preparaci\u00f3n en la Universidad Nacional Aut\u00f3noma de M\u00e9xico; adem\u00e1s, por instrucciones del rector Jorge Olvera Garc\u00eda, la Facultad de Ciencias proporciona asesor\u00edas al estudiante, con el prop\u00f3sito que consiga excelentes resultados en la olimpiada\u00a0 internacional o iberoamericana.<\/p>\n<p>La meta, dijo Manzur Quiroga, es que ponga en alto el nombre de nuestro pa\u00eds, el Estado de M\u00e9xico y por supuesto, su Alma Mater. Explic\u00f3 que la competencia internacional tiene una din\u00e1mica similar a la nacional, es decir, los alumnos participantes presentar\u00e1n un examen te\u00f3rico y varias evaluaciones pr\u00e1cticas, que ser\u00e1n revisadas por expertos.<\/p>\n","protected":false},"excerpt":{"rendered":"<p>Al obtener medalla de oro en la XXIV edici\u00f3n de la Olimpiada Nacional de Biolog\u00eda, convocada por la Academia Mexicana de Ciencias (AMC), Gustavo Antonio Casas Aguilar, estudiante del Plantel \u201cCuauht\u00e9moc\u201d de la Escuela Preparatoria de la Universidad Aut\u00f3noma del Estado de M\u00e9xico, se hizo acreedor a un lugar en el equipo que representar\u00e1 a nuestro pa\u00eds en los cert\u00e1menes iberoamericano e internacional, que est\u00e1n por definir su sede.<\/p>\n","protected":false},"author":3,"featured_media":207586,"comment_status":"open","ping_status":"open","sticky":false,"template":"","format":"standard","meta":{"_monsterinsights_skip_tracking":false,"_monsterinsights_sitenote_active":false,"_monsterinsights_sitenote_note":"","_monsterinsights_sitenote_category":0,"footnotes":""},"categories":[5],"tags":[43675,1491],"class_list":["post-207547","post","type-post","status-publish","format-standard","has-post-thumbnail","hentry","category-estado-de-mexico","tag-estado-de-mexico","tag-uaem"],"_links":{"self":[{"href":"https:\/\/www.diarioimagen.net\/index.php?rest_route=\/wp\/v2\/posts\/207547","targetHints":{"allow":["GET"]}}],"collection":[{"href":"https:\/\/www.diarioimagen.net\/index.php?rest_route=\/wp\/v2\/posts"}],"about":[{"href":"https:\/\/www.diarioimagen.net\/index.php?rest_route=\/wp\/v2\/types\/post"}],"author":[{"embeddable":true,"href":"https:\/\/www.diarioimagen.net\/index.php?rest_route=\/wp\/v2\/users\/3"}],"replies":[{"embeddable":true,"href":"https:\/\/www.diarioimagen.net\/index.php?rest_route=%2Fwp%2Fv2%2Fcomments&post=207547"}],"version-history":[{"count":0,"href":"https:\/\/www.diarioimagen.net\/index.php?rest_route=\/wp\/v2\/posts\/207547\/revisions"}],"wp:featuredmedia":[{"embeddable":true,"href":"https:\/\/www.diarioimagen.net\/index.php?rest_route=\/wp\/v2\/media\/207586"}],"wp:attachment":[{"href":"https:\/\/www.diarioimagen.net\/index.php?rest_route=%2Fwp%2Fv2%2Fmedia&parent=207547"}],"wp:term":[{"taxonomy":"category","embeddable":true,"href":"https:\/\/www.diarioimagen.net\/index.php?rest_route=%2Fwp%2Fv2%2Fcategories&post=207547"},{"taxonomy":"post_tag","embeddable":true,"href":"https:\/\/www.diarioimagen.net\/index.php?rest_route=%2Fwp%2Fv2%2Ftags&post=207547"}],"curies":[{"name":"wp","href":"https:\/\/api.w.org\/{rel}","templated":true}]}}