{"id":207599,"date":"2015-02-23T00:08:43","date_gmt":"2015-02-23T06:08:43","guid":{"rendered":"http:\/\/www.diarioimagen.net\/?p=207599"},"modified":"2015-02-24T02:53:04","modified_gmt":"2015-02-24T08:53:04","slug":"pena-nieto-y-su-agenda","status":"publish","type":"post","link":"https:\/\/www.diarioimagen.net\/?p=207599","title":{"rendered":"Pe\u00f1a Nieto y su agenda"},"content":{"rendered":"<h2>Tras la puerta del poder<\/h2>\n<h5>Roberto Vizca\u00edno<\/h5>\n<p>&nbsp;<\/p>\n<ul>\n<li><strong><i>Los acomodos que vendr\u00e1n ser\u00e1n aprovechados por EPN para reorganizar a su equipo<\/i><\/strong><\/li>\n<li><strong><i>En el reacomodo unos son los casos del que se van castigados y otros los de los promovidos<\/i><\/strong><\/li>\n<li><strong><i>Manlio Fabio Beltrones pidi\u00f3 a dirigentes y partidos no satanizar ni desacreditar a las instituciones<\/i><\/strong><\/li>\n<\/ul>\n<div id=\"attachment_207600\" style=\"width: 250px\" class=\"wp-caption alignleft\"><a href=\"http:\/\/www.diarioimagen.net\/wp-content\/uploads\/2015\/02\/gasolinazo-Ramon-2555.jpg\"><img loading=\"lazy\" decoding=\"async\" aria-describedby=\"caption-attachment-207600\" class=\"size-medium wp-image-207600\" src=\"http:\/\/www.diarioimagen.net\/wp-content\/uploads\/2015\/02\/gasolinazo-Ramon-2555-240x147.jpg\" alt=\"Gasolinazo... | Ram\u00f3n\" width=\"240\" height=\"147\" srcset=\"https:\/\/www.diarioimagen.net\/wp-content\/uploads\/2015\/02\/gasolinazo-Ramon-2555-240x147.jpg 240w, https:\/\/www.diarioimagen.net\/wp-content\/uploads\/2015\/02\/gasolinazo-Ramon-2555-420x257.jpg 420w, https:\/\/www.diarioimagen.net\/wp-content\/uploads\/2015\/02\/gasolinazo-Ramon-2555.jpg 1200w\" sizes=\"auto, (max-width: 240px) 100vw, 240px\" \/><\/a><p id=\"caption-attachment-207600\" class=\"wp-caption-text\">Gasolinazo&#8230; | Ram\u00f3n<\/p><\/div>\n<p>El gabinete presidencial entr\u00f3 en estos d\u00edas en per\u00edodo de espera. Todos tienen sus cosas y papeles listos. La instrucci\u00f3n fue que todos deber\u00edan poner en orden sus despachos y mantenerse tranquilos, pero alertas.<\/p>\n<p>Y que el presidente\u00a0Enrique Pe\u00f1a Nieto har\u00e1 en los siguientes d\u00edas varios movimientos importantes. Es parte de su agenda. Algo previsto desde hace ya meses.<\/p>\n<p>Lo que vendr\u00e1 no es circunstancial. Es de estructura. De fondo.<\/p>\n<p>Quienes han seguido de cerca a Pe\u00f1a, saben que el mexiquense no se mueve ni por presiones ni por amagos.<\/p>\n<p>Cierto, hay circunstancias que obligan. Una fue lo de <i>Lady Profeco<\/i>, que por una imprudencia de Andrea Ben\u00edtez motiv\u00f3 que el Presidente cesara fulminantemente a su padre, Humberto Ben\u00edtez. Dentro de la circunstancia Pe\u00f1a aprovech\u00f3 el caso para enviar un mensaje a todo su equipo: nadie est\u00e1 a salvo de prepotencias e imprudencias.<\/p>\n<p>Pero tampoco hay espacio para tonteras. Nada de que Osorio, Videgaray o Murillo le renunciaron. Al Presidente de la Rep\u00fablica no se le renuncia. Eso lo saben hasta quienes est\u00e1n en el k\u00ednder de la pol\u00edtica.<\/p>\n<p>Pe\u00f1a Nieto dejar\u00e1 en estos d\u00edas en claro que fuera de algunas cuestiones circunstanciales lo que prevalece es \u201csu agenda\u201d.<\/p>\n<p>As\u00ed que los cambios se iniciar\u00e1n con el acomodo que requiere la promoci\u00f3n del embajador de M\u00e9xico, Eduardo Medina Mora, a una magistratura en la Suprema Corte de Justicia, asunto que ya est\u00e1 en manos de Emilio Gamboa en el Senado de la Rep\u00fablica.<\/p>\n<p>Enviar a un sustituto del m\u00e1s alto nivel de Medina Mora a Washington en estos momentos es esencial para Pe\u00f1a Nieto. Y eso quiz\u00e1 requiera \u2014dicen- proponer a uno de sus cercanos en el gabinete para ese cargo y ah\u00ed habr\u00e1 que llenar otro espacio.<\/p>\n<p>Hay sin duda que pensar tambi\u00e9n en que algunos plurinominales del PRI y del Verde requerir\u00e1n de enviar a otros de los colaboradores presidenciales a esas tareas en San L\u00e1zaro.<\/p>\n<p>En ese paquete podr\u00eda entrar el joven director del Infonavit, Alejandro Ismael Murat, quien manej\u00f3 p\u00e9simo el asunto de sus muy espectaculares y costosos inmuebles en Nueva York y otras ciudades de Estados Unidos. Este caso al parecer ya elimin\u00f3 a Alejandro de la contienda por la gubernatura de Oaxaca.<\/p>\n<p>Y encima dej\u00f3 la percepci\u00f3n de que el ex gobernador Jos\u00e9 Murat utiliz\u00f3 a sus propios hijos como prestanombres de sus inversiones inmobiliarias en Estados Unidos.<\/p>\n<p>Por el momento, no hay una l\u00ednea que diga ni de qui\u00e9nes son realmente los inmuebles expuestos por \u201cThe New York Times\u201d ni de d\u00f3nde salieron los recursos para adquirirlos. Y Alejandro Murat se la comi\u00f3 toda al se\u00f1alar que \u00e9l no estaba obligado a presentar declaraci\u00f3n de bienes cuando s\u00ed lo est\u00e1 \u00b4porque a \u00e9l lo nombr\u00f3 Enrique Pe\u00f1a Nieto.<\/p>\n<p>En fin, apenas un caso de los movimientos que se supone habr\u00e1 en estos d\u00edas.<\/p>\n<p>Un caso diametralmente opuesto es el de Juli\u00e1n Olivas Ugalde, quien durante los dos primeros a\u00f1os de este sexenio estuvo al frente de la Secretar\u00eda de la Funci\u00f3n P\u00fablica y quien, pese la indefinici\u00f3n jur\u00eddica en que se encuentra todav\u00eda esa dependencia, sac\u00f3 adelante asuntos por dem\u00e1s importantes para el propio presidente Pe\u00f1a Nieto.<\/p>\n<p>Entre otros, avanz\u00f3 sustancialmente en la instauraci\u00f3n en M\u00e9xico del sistema de gobierno abierto en el que est\u00e1n suscritos unos 65 pa\u00edses, esencialmente los del llamado mundo desarrollado, y que obliga a transparentar procesos y acciones.<\/p>\n<p>De igual forma, destaca la forma en que mantuvo a raya a los funcionarios desde el m\u00e1s alto nivel hasta las conserjer\u00edas, dentro de los par\u00e1metros de congruencia con el buen gobierno. Nada de piller\u00edas ni ma\u00adlos manejos.<\/p>\n<p>Olivas Ugalde, quien por cierto acaba de regresar de un encargo de usted ya sabe quien, de Dubai y otras naciones \u00e1rabes, llega para reintegrarse a sus funciones de subsecretario de la Funci\u00f3n P\u00fablica donde el titular es ya Virgilio Andrade.<\/p>\n<p>Podr\u00eda ser que en los reacomodos que habr\u00e1, \u00e9l salga de ah\u00ed para ocupar o la direcci\u00f3n de una importante paraestatal o por qu\u00e9 no, ir a una pluri a San L\u00e1zaro para luego darle una revisada a su natal Hidalgo, que tiene cambio de gobernador en 2016.<\/p>\n<p>Murat y Olivas Ugalde, contrapunto de posiciones en un momento en que se apresta una serie de movimientos marcados dentro de la agenda del presidente Pe\u00f1a Nieto.<\/p>\n<p>Ya veremos en los siguientes d\u00edas que m\u00e1s nos depara esta agenda.<\/p>\n<p style=\"text-align: center;\"><b>\u201cNO DESACREDITAR\u00a0<\/b><b>AL \u00c1RBITRO\u201d<\/b><\/p>\n<p>Sin referirse al evento en que los representantes del PRD, PAN, PT, MC, Morena y otros abandonaron a fines de la semana pasada la sesi\u00f3n del Consejo del INE, el coordinador de los diputados federales del PRI y presidente de la Junta de Coordinaci\u00f3n Pol\u00edtica de la C\u00e1mara de Diputados, el sonorense Manlio Fabio Beltrones convoc\u00f3 a todas las fuerzas pol\u00edticas a no desacreditar a las instituciones electorales surgidas de la reciente reforma pol\u00edtica. \u00a0Todo lo dem\u00e1s son infundios, indicaron<\/p>\n<p><em><a href=\"mailto:rvizcainoa@gmail.com\" target=\"_blank\">rvizcainoa@gmail.com<\/a><\/em><\/p>\n","protected":false},"excerpt":{"rendered":"<p><span style=\"color: #005497;\"><strong>Roberto Vizca\u00edno<\/strong><\/span><br \/>\n<br \/>\nEl gabinete presidencial entr\u00f3 en estos d\u00edas en per\u00edodo de espera. Todos tienen sus cosas y papeles listos. La instrucci\u00f3n fue que todos deber\u00edan poner en orden sus despachos y mantenerse tranquilos, pero alertas.<\/p>\n","protected":false},"author":1,"featured_media":207600,"comment_status":"open","ping_status":"open","sticky":false,"template":"","format":"standard","meta":{"_monsterinsights_skip_tracking":false,"_monsterinsights_sitenote_active":false,"_monsterinsights_sitenote_note":"","_monsterinsights_sitenote_category":0,"footnotes":""},"categories":[136],"tags":[43674,93,94],"class_list":["post-207599","post","type-post","status-publish","format-standard","has-post-thumbnail","hentry","category-roberto-vizcaino-opinion","tag-opinion","tag-roberto-vizcaino","tag-tras-la-puerta-del-poder"],"_links":{"self":[{"href":"https:\/\/www.diarioimagen.net\/index.php?rest_route=\/wp\/v2\/posts\/207599","targetHints":{"allow":["GET"]}}],"collection":[{"href":"https:\/\/www.diarioimagen.net\/index.php?rest_route=\/wp\/v2\/posts"}],"about":[{"href":"https:\/\/www.diarioimagen.net\/index.php?rest_route=\/wp\/v2\/types\/post"}],"author":[{"embeddable":true,"href":"https:\/\/www.diarioimagen.net\/index.php?rest_route=\/wp\/v2\/users\/1"}],"replies":[{"embeddable":true,"href":"https:\/\/www.diarioimagen.net\/index.php?rest_route=%2Fwp%2Fv2%2Fcomments&post=207599"}],"version-history":[{"count":0,"href":"https:\/\/www.diarioimagen.net\/index.php?rest_route=\/wp\/v2\/posts\/207599\/revisions"}],"wp:featuredmedia":[{"embeddable":true,"href":"https:\/\/www.diarioimagen.net\/index.php?rest_route=\/wp\/v2\/media\/207600"}],"wp:attachment":[{"href":"https:\/\/www.diarioimagen.net\/index.php?rest_route=%2Fwp%2Fv2%2Fmedia&parent=207599"}],"wp:term":[{"taxonomy":"category","embeddable":true,"href":"https:\/\/www.diarioimagen.net\/index.php?rest_route=%2Fwp%2Fv2%2Fcategories&post=207599"},{"taxonomy":"post_tag","embeddable":true,"href":"https:\/\/www.diarioimagen.net\/index.php?rest_route=%2Fwp%2Fv2%2Ftags&post=207599"}],"curies":[{"name":"wp","href":"https:\/\/api.w.org\/{rel}","templated":true}]}}