{"id":207675,"date":"2015-02-24T00:13:39","date_gmt":"2015-02-24T06:13:39","guid":{"rendered":"http:\/\/www.diarioimagen.net\/?p=207675"},"modified":"2015-02-24T04:13:48","modified_gmt":"2015-02-24T10:13:48","slug":"uso-mas-eficiente-y-sostenible-del-agua","status":"publish","type":"post","link":"https:\/\/www.diarioimagen.net\/?p=207675","title":{"rendered":"Uso m\u00e1s eficiente y sostenible del agua"},"content":{"rendered":"<h2>Arco Norte<\/h2>\n<h5>Jos\u00e9 Luis Monta\u00f1ez Aguilar<\/h5>\n<p>&nbsp;<\/p>\n<div id=\"attachment_207745\" style=\"width: 250px\" class=\"wp-caption alignleft\"><a href=\"http:\/\/www.diarioimagen.net\/?attachment_id=207745\" rel=\"attachment wp-att-207745\"><img loading=\"lazy\" decoding=\"async\" aria-describedby=\"caption-attachment-207745\" class=\"size-medium wp-image-207745\" src=\"http:\/\/www.diarioimagen.net\/wp-content\/uploads\/2015\/02\/arco-2556-240x160.jpg\" alt=\"El gobernador Eruviel \u00c1vila Villegas inaugurando la Planta de Tratamiento de Aguas Residuales.\" width=\"240\" height=\"160\" srcset=\"https:\/\/www.diarioimagen.net\/wp-content\/uploads\/2015\/02\/arco-2556-240x160.jpg 240w, https:\/\/www.diarioimagen.net\/wp-content\/uploads\/2015\/02\/arco-2556-420x279.jpg 420w, https:\/\/www.diarioimagen.net\/wp-content\/uploads\/2015\/02\/arco-2556.jpg 960w\" sizes=\"auto, (max-width: 240px) 100vw, 240px\" \/><\/a><p id=\"caption-attachment-207745\" class=\"wp-caption-text\">El gobernador Eruviel \u00c1vila Villegas inaugurando la Planta de Tratamiento de Aguas Residuales.<\/p><\/div>\n<p>El gobernador Eruviel \u00c1vila Villegas asegur\u00f3 que gracias a las obras de infraestructura h\u00eddrica realizadas en la pasada administraci\u00f3n y al seguimiento que la actual le ha dado a las mismas, el Estado de M\u00e9xico se encuentra listo para afrontar inundaciones u otros problemas que llegan a presentarse durante la temporada de lluvias. Tras inaugurar la Planta de Tratamiento de Aguas Residuales para el Saneamiento del R\u00edo Amecameca, la cual forma parte de una red de 8 plantas de este tipo, distribuidas a lo largo de los 37 kil\u00f3metros de la cuenca del r\u00edo Amecameca. Eruviel \u00c1vila afirm\u00f3 que uno de los objetivos del gobierno estatal es devolver agua limpia a la naturaleza, por lo que en tres a\u00f1os se han invertido m\u00e1s de 860 millones de pesos para la construcci\u00f3n de 38 plantas de tratamiento y la rehabilitaci\u00f3n de 16 m\u00e1s en toda la entidad, lo cual tiene como prop\u00f3sito pasar del 25.6 al 62.54 por ciento de aguas residuales tratadas, en beneficio de 1.5 millones de habitantes de 28 municipios. Destac\u00f3 que en las agendas de los gobiernos del estado y de la Rep\u00fablica, uno de los temas prioritarios es fomentar un uso m\u00e1s eficiente y sostenible del agua, ya que de esta forma se pueden mejorar las condiciones econ\u00f3micas y sociales de los mexicanos, por lo que reconoci\u00f3 el trabajo del titular de la Conagua, ya que mediante el Programa Nacional H\u00eddrico, que plantea la construcci\u00f3n de importantes obras de infraestructura en el pa\u00eds, la federaci\u00f3n ha hecho frente a los retos ambientales relacionados con el crecimiento demogr\u00e1fico, la expansi\u00f3n de la actividad industrial y agr\u00edcola, as\u00ed como la amenaza del cambio clim\u00e1tico; factores que han alterado el ciclo del agua y restado calidad a este vital elemento.<\/p>\n<p><em><a href=\"mailto:montanezaguilar@gmail.com\" target=\"_blank\">montanezaguilar@gmail.com<\/a><\/em><\/p>\n","protected":false},"excerpt":{"rendered":"<p><span style=\"color: #005497;\"><strong>Jos\u00e9 Luis Monta\u00f1ez Aguilar<\/strong><\/span><br \/>\n<br \/>\nEl gobernador Eruviel \u00c1vila Villegas asegur\u00f3 que gracias a las obras de infraestructura h\u00eddrica realizadas en la pasada administraci\u00f3n y al seguimiento que la actual le ha dado a las mismas, el Estado de M\u00e9xico se encuentra listo para afrontar inundaciones u otros problemas que llegan a presentarse durante la temporada de lluvias. <\/p>\n","protected":false},"author":3,"featured_media":207745,"comment_status":"open","ping_status":"open","sticky":false,"template":"","format":"standard","meta":{"_monsterinsights_skip_tracking":false,"_monsterinsights_sitenote_active":false,"_monsterinsights_sitenote_note":"","_monsterinsights_sitenote_category":0,"footnotes":""},"categories":[5],"tags":[13284,43704,43674],"class_list":["post-207675","post","type-post","status-publish","format-standard","has-post-thumbnail","hentry","category-estado-de-mexico","tag-arco-norte","tag-jose-luis-montanez-aguilar","tag-opinion"],"_links":{"self":[{"href":"https:\/\/www.diarioimagen.net\/index.php?rest_route=\/wp\/v2\/posts\/207675","targetHints":{"allow":["GET"]}}],"collection":[{"href":"https:\/\/www.diarioimagen.net\/index.php?rest_route=\/wp\/v2\/posts"}],"about":[{"href":"https:\/\/www.diarioimagen.net\/index.php?rest_route=\/wp\/v2\/types\/post"}],"author":[{"embeddable":true,"href":"https:\/\/www.diarioimagen.net\/index.php?rest_route=\/wp\/v2\/users\/3"}],"replies":[{"embeddable":true,"href":"https:\/\/www.diarioimagen.net\/index.php?rest_route=%2Fwp%2Fv2%2Fcomments&post=207675"}],"version-history":[{"count":0,"href":"https:\/\/www.diarioimagen.net\/index.php?rest_route=\/wp\/v2\/posts\/207675\/revisions"}],"wp:featuredmedia":[{"embeddable":true,"href":"https:\/\/www.diarioimagen.net\/index.php?rest_route=\/wp\/v2\/media\/207745"}],"wp:attachment":[{"href":"https:\/\/www.diarioimagen.net\/index.php?rest_route=%2Fwp%2Fv2%2Fmedia&parent=207675"}],"wp:term":[{"taxonomy":"category","embeddable":true,"href":"https:\/\/www.diarioimagen.net\/index.php?rest_route=%2Fwp%2Fv2%2Fcategories&post=207675"},{"taxonomy":"post_tag","embeddable":true,"href":"https:\/\/www.diarioimagen.net\/index.php?rest_route=%2Fwp%2Fv2%2Ftags&post=207675"}],"curies":[{"name":"wp","href":"https:\/\/api.w.org\/{rel}","templated":true}]}}