{"id":207682,"date":"2015-02-24T00:01:21","date_gmt":"2015-02-24T06:01:21","guid":{"rendered":"http:\/\/www.diarioimagen.net\/?p=207682"},"modified":"2015-02-24T05:06:54","modified_gmt":"2015-02-24T11:06:54","slug":"inauguran-las-nuevas-oficinas-de-assist-card-en-la-terminal-a-del-aeropuerto-de-monterrey-nuevo-leon","status":"publish","type":"post","link":"https:\/\/www.diarioimagen.net\/?p=207682","title":{"rendered":"Inauguran las nuevas oficinas de Assist Card, en la Terminal \u201cA\u201d del Aeropuerto de Monterrey, Nuevo Le\u00f3n"},"content":{"rendered":"<h2>De cinco estrellas<\/h2>\n<h5>Victoria Gonz\u00e1lez Prado<\/h5>\n<p>&nbsp;<\/p>\n<ul>\n<li><strong><em>Ingresa al mercado de Rep\u00fablica Dominicana Radisson, con un nuevo hotel en Santo Domingo<\/em><\/strong><\/li>\n<li><em><strong>Para celebrar los 100 a\u00f1os de la Fuerza A\u00e9rea Mexicana, se realizar\u00e1 el primer Festival Aeroespacial, del 22 al 24 de abril<\/strong><\/em><\/li>\n<li><strong><em>Wyndham Worldwide Corporation<\/em> anunci\u00f3 los resultados de sus operaciones en Am\u00e9rica Latina y el Caribe durante el 2014<\/strong><\/li>\n<li><strong><em>La Organizaci\u00f3n Mundial del Turismo pronostic\u00f3 que el crecimiento del turismo internacional, para este a\u00f1o, oscilar\u00e1 entre tres y cuatro por ciento<\/em><\/strong><\/li>\n<\/ul>\n<p>&nbsp;<\/p>\n<div id=\"attachment_207793\" style=\"width: 250px\" class=\"wp-caption alignleft\"><a href=\"http:\/\/www.diarioimagen.net\/?attachment_id=207793\" rel=\"attachment wp-att-207793\"><img loading=\"lazy\" decoding=\"async\" aria-describedby=\"caption-attachment-207793\" class=\"size-medium wp-image-207793\" src=\"http:\/\/www.diarioimagen.net\/wp-content\/uploads\/2015\/02\/turismo-2556-240x154.jpg\" alt=\"En el corte de list\u00f3n de las nuevas oficinas en Monterrey\" width=\"240\" height=\"154\" srcset=\"https:\/\/www.diarioimagen.net\/wp-content\/uploads\/2015\/02\/turismo-2556-240x154.jpg 240w, https:\/\/www.diarioimagen.net\/wp-content\/uploads\/2015\/02\/turismo-2556-420x269.jpg 420w, https:\/\/www.diarioimagen.net\/wp-content\/uploads\/2015\/02\/turismo-2556.jpg 700w\" sizes=\"auto, (max-width: 240px) 100vw, 240px\" \/><\/a><p id=\"caption-attachment-207793\" class=\"wp-caption-text\">En el corte de list\u00f3n de las nuevas oficinas en Monterrey<\/p><\/div>\n<p>Con m\u00e1s de 32 m\u00b2 distribuidos en dos plantas, <em>Assist Card<\/em> abri\u00f3 su nueva oficina en el Aeropuerto de Monterrey, Nuevo Le\u00f3n. El nuevo espacio est\u00e1 ubicado en la Terminal \u201cA\u201d, frente a salidas internacionales y migraci\u00f3n.<\/p>\n<p>Esta nueva oficina ofrece tanto a las agencias de viajes que venden los productos y servicios de <em>Assist Card,<\/em> como a sus clientes, soluci\u00f3n inmediata a cualquier inconveniente que se pudiera presentar durante su viaje.<\/p>\n<p>Adem\u00e1s, muy pronto contar\u00e1 con un espacio exclusivo para que los viajeros tambi\u00e9n puedan descansar y relajarse. La oficina es atendida por personal altamente capacitado para ofrecer asesoramiento y ayuda ante las necesidades o inquietudes de los clientes que cuenten con su tarjeta de asistencia.<\/p>\n<p>En la inauguraci\u00f3n se cont\u00f3 con la presencia de <strong>Lilia \u00c1lvaro<\/strong>, <em>Country <\/em>M\u00e1nager la empresa en M\u00e9xico; <strong>Mart\u00edn Cucchi<\/strong>, gerente Regional de Aeropuertos de la marca Internacional, y <strong>Karlos Kaldman<\/strong>, gerente\u00a0regional de Ventas M\u00e9xico junto con funcionarios del Aeropuerto Internacional de Monterrey.<\/p>\n<p>\u201cLas nuevas instalaciones tienen como fin continuar brindando asistencia a los viajeros y ampliar la red en los aeropuertos. Con este local, ascienden a 14 los puntos distribuidos alrededor del mundo en 10 pa\u00edses, resultado de un trabajo que pretende estar cada vez m\u00e1s cerca de nuestros clientes, en cualquier momento, en cualquier lugar\u201d, expres\u00f3 <strong>Mart\u00edn Cucchi<\/strong>.<\/p>\n<p>El Aeropuerto Internacional de Monterrey es operado por Grupo OMA, y considerado uno de las m\u00e1s modernos de Am\u00e9rica. Atiende a m\u00e1s de 6 millones de pasajeros al a\u00f1o que realizan vuelos locales e internacionales, sumando as\u00ed 300 vuelos por d\u00eda a m\u00e1s de 43 destinos en M\u00e9xico y Estados Unidos.<\/p>\n<p>\u201cEs un gran paso, ofrecer nuestros servicios de forma inmediata y personal tanto al viajero que llega, como al que sale de este importante y concurrido aeropuerto.<\/p>\n<p>Nuestro compromiso es y sigue siendo estar cada vez m\u00e1s cerca de nuestros clientes con el servicio, atenci\u00f3n y respuestas a sus necesidades, aun excediendo sus expectativas; buena prueba de ello es la inauguraci\u00f3n de nuestra primera oficina en un aeropuerto del pa\u00eds\u201d, concluy\u00f3 <strong>Lilia \u00c1lvaro<\/strong>.<\/p>\n<p>\u2730\u2730\u2730\u2730\u2730\u00a0Una de las cadenas hoteleras globales, <em>Radisson,<\/em> anunci\u00f3 la firma para la apertura de un nuevo hotel en Santo Domingo, Rep\u00fablica Dominicana. Esta propiedad, de 190 <strong>habitaciones<\/strong>, se sit\u00faa en el coraz\u00f3n financiero y comercial de\u00a0<strong>Santo Domingo,<\/strong> a s\u00f3lo minutos del estadio de beisbol, el Palacio de los Deportes, el Teatro Nacional y la Plaza de la Cultura.<\/p>\n<p>\u201cEstamos contentos de anunciar la firma de este\u00a0<strong>moderno y recientemente renovado hotel<\/strong><strong>,<\/strong> marcando nuestra entrada en Rep\u00fablica Dominicana\u201d, dijo <strong>Javier <\/strong><strong>Rosemberg<\/strong>, director de Operaciones de <em>Carlson Rezidor Hotel Group<\/em> para las Am\u00e9ricas.\u00a0\u201cContinuamos viendo un fuerte impulso para nuestro crecimiento como una poderosa marca global de primera clase, complementada por nuestro reconocido esp\u00edritu de servicio <strong>`<\/strong>Yes I Can!\u201d.<\/p>\n<p>El hotel ofrecer\u00e1 a los hu\u00e9spedes los extraordinarios niveles de servicio y confort que son sin\u00f3nimo de la marca. Ofrece servicio completo de <strong>restaurante y bar<\/strong><strong>,<\/strong> <em>Business Center<\/em>, gimnasio y\u00a0<strong>conexi\u00f3n a internet de alta velocidad gratuita. Se estima que la propiedad abrir\u00e1 sus puertas en marzo pr\u00f3ximo<\/strong>.<\/p>\n<p>\u2730\u2730\u2730\u2730\u2730\u00a0Con la intenci\u00f3n de celebrar los 100 a\u00f1os de la Fuerza A\u00e9rea Mexicana, se realiza el primer Festival Aeroespacial del 22 al 24 de abril en la base a\u00e9rea de la Fuerza A\u00e9rea Mexicana en Santa Luc\u00eda.<\/p>\n<p>Por supuesto, se contar\u00e1 con la presencia de los secretarios de la Defensa Nacional, Hacienda, Econom\u00eda y de la Funci\u00f3n P\u00fablica, as\u00ed como empresas nacionales e internacionales de la aeron\u00e1utica espacial. El objetivo es mostrar al mundo el potencial que tiene nuestro pa\u00eds en el desarrollo de esta industria.<\/p>\n<p>\u2730\u2730\u2730\u2730\u2730\u00a0La empresa hotelera con aproximadamente 7 mil 650 hoteles,<em> Wyndham Hotel Group<\/em>, que forma parte de <em>Wyndham Worldwide Corporation<\/em> anunci\u00f3 los resultados de sus operaciones en Am\u00e9rica Latina y el Caribe durante el 2014, per\u00edodo en el cual abri\u00f3 24 propiedades, que reflejan un incremento de +20% de su portafolio en la regi\u00f3n versus el a\u00f1o anterior.<\/p>\n<p>La apertura de los nuevos hoteles tuvo lugar en 11 pa\u00edses y territorios, con las marcas\u00a0 <em>Wyndham Hotels and Resorts,<\/em> Ramada, <em>Days Inn, Super 8, TRYP by Wyndham <\/em>y<em> Howard Johnson, <\/em>incluido el primer Ramada en Belice, Guatemala, Rep\u00fablica Dominicana, Paran\u00e1 y Suriname, as\u00ed como el primer <em>Days Inn<\/em> en Colombia.<\/p>\n<p>\u201cEstamos muy orgullosos de seguir creciendo en la regi\u00f3n de la mano de nuestros socios locales quienes reconocen el valor del grupo y los beneficios que ello trae aparejado, como nuestro programa de lealtad de hu\u00e9spedes de alcance global as\u00ed como nuestra capacidad para ofrecer uno de los portafolios m\u00e1s amplios y diversos de la industria hospitalaria\u201d, dijo <strong>Paulo Pena<\/strong>, presidente y director general de la hotelera.<\/p>\n<p>Durante el 2014, la compa\u00f1\u00eda incorpor\u00f3 2 mil 685 habitaciones en la regi\u00f3n, correspondientes tanto a nuevos hoteles como a\u00a0 expansiones de propiedades existentes, que representan el tercer a\u00f1o consecutivo de crecimiento con un incremento de 20%\u00a0 versus el a\u00f1o anterior.<\/p>\n<p>Entre los acuerdos de proyectos m\u00e1s destacados figuran el recientemente anunciado contrato con Costa del Sol para la apertura de siete propiedades de la marca en Per\u00fa durante el 2015, que incluye la conversi\u00f3n de seis hoteles localizados en destinos claves y la construcci\u00f3n de una nueva propiedad de 144 habitaciones en la ciudad de Lima, as\u00ed como el acuerdo firmado con Pronobis en Ecuador para la apertura en Quito, tambi\u00e9n para finales de este a\u00f1o.<\/p>\n<p><em>Wyndham Hotel Group<\/em> cuenta con 7 mil 650 hoteles y 661 mil habitaciones en 70 pa\u00edses alrededor del mundo, a lo largo de un portafolio de 13 marcas de diversos segmentos econ\u00f3micos. En Latinoam\u00e9rica y el Caribe, la compa\u00f1\u00eda\u00a0 cuenta con 136 propiedades presentes en 17 pa\u00edses y territorios, a lo largo de las marcas Wyndham Hotels and Resorts\u00ae, Ramada\u00ae, Days Inn.<\/p>\n<p>\u2730\u2730\u2730\u2730\u2730\u00a0La Organizaci\u00f3n Mundial del Turismo (OMT) pronostic\u00f3 que el crecimiento del turismo internacional, para este a\u00f1o, oscilar\u00e1 entre tres y cuatro por ciento, lo que garantizar\u00e1 que el sector siga contribuyendo a la recuperaci\u00f3n econ\u00f3mica de muchas naciones.<\/p>\n<p>El\u00a0organismo de las Naciones Unidas\u00a0proyect\u00f3 tambi\u00e9n que para 2015, este segmento continuar\u00e1 repuntando en las regiones de Asia, Pac\u00edfico y\u00a0las Am\u00e9ricas.<\/p>\n<p>De acuerdo con el \u00faltimo n\u00famero del Bar\u00f3metro del Turismo Mundial, la demanda seguir\u00e1 creciendo este a\u00f1o a medida que la situaci\u00f3n econ\u00f3mica mundial mejore, aunque admiti\u00f3 que todav\u00eda existen muchas dificultades en el camino.<\/p>\n<p>Como aspecto positivo, se refiri\u00f3 que el descenso en los precios del petr\u00f3leo reducir\u00e1 los costos de transporte e impulsar\u00e1 el crecimiento en las econom\u00edas importadoras de crudo. Estas perspectivas positivas\u00a0se vieron confirmadas por el \u00cdndice de Confianza de la Organizaci\u00f3n Mundial del Turismo.<\/p>\n<p>Asimismo, los 300 expertos en turismo de todo el mundo consultados para elaborar el \u00cdndice, esperan que el comportamiento de la actividad tur\u00edstica mejore, aunque las expectativas son menos optimistas que hace un a\u00f1o.<\/p>\n<p>El documento destac\u00f3 que en 2014 la llegada de turistas internacionales sumaron mil 138 millones, 51 millones m\u00e1s que en 2013. Un incremento de 4.7 por ciento que, por quinto a\u00f1o consecutivo, supera la media desde la crisis econ\u00f3mica de 2009, revel\u00f3 el \u00faltimo n\u00famero del Bar\u00f3metro.<\/p>\n<p>De acuerdo con la publicaci\u00f3n, que monitorea la evoluci\u00f3n de la actividad tur\u00edstica a nivel global, en 2014 en las Am\u00e9ricas se registr\u00f3 un aumento del 7 por ciento en el ingreso de turistas internacionales; las subregiones Am\u00e9rica del Norte (8 por ciento), Am\u00e9rica Central y del Sur (6\u00a0por ciento en ambos casos), se duplicaron con respecto a 2013 para situarse muy por encima de la media mundial.<\/p>\n<p>En los \u00faltimos a\u00f1os el turismo ha demostrado ser una actividad econ\u00f3mica fuerte y resistente, con una gran capacidad para contribuir a la recuperaci\u00f3n econ\u00f3mica, ya que genera miles de millones de d\u00f3lares en exportaciones y crea millones de puestos de trabajo, subray\u00f3 el informe de la OMT.<\/p>\n<p>La regi\u00f3n de Europa se consolid\u00f3 como la m\u00e1s visitada del mundo, con un incremento de 4 por ciento, lo que signific\u00f3 un aumento de 22 millones de visitantes en 2014, registrando un total de 588 millones.<\/p>\n<p>Se espera que, como en a\u00f1os anteriores, el incremento de los ingresos por turismo internacional en 2014 est\u00e9 muy de cerca al de las llegadas de visitantes.<\/p>\n<p>Los resultados sobre los ingresos por turismo internacional en 2014 se publicar\u00e1n en abril de 2015.<\/p>\n<p><em><i><a href=\"mailto:victoriagprado@gmail.com\" target=\"_blank\">victoriagprado@gmail.com<\/a><\/i><\/em><\/p>\n","protected":false},"excerpt":{"rendered":"<p>Con m\u00e1s de 32 m\u00b2 distribuidos en dos plantas, Assist Card abri\u00f3 su nueva oficina en el Aeropuerto de Monterrey, Nuevo Le\u00f3n. El nuevo espacio est\u00e1 ubicado en la Terminal \u201cA\u201d, frente a salidas internacionales y migraci\u00f3n.<\/p>\n","protected":false},"author":3,"featured_media":207793,"comment_status":"open","ping_status":"open","sticky":false,"template":"","format":"standard","meta":{"_monsterinsights_skip_tracking":false,"_monsterinsights_sitenote_active":false,"_monsterinsights_sitenote_note":"","_monsterinsights_sitenote_category":0,"footnotes":""},"categories":[11],"tags":[107,43681,106],"class_list":["post-207682","post","type-post","status-publish","format-standard","has-post-thumbnail","hentry","category-turismo","tag-de-cinco-estrellas","tag-turismo","tag-victoria-gonzalez-prado"],"_links":{"self":[{"href":"https:\/\/www.diarioimagen.net\/index.php?rest_route=\/wp\/v2\/posts\/207682","targetHints":{"allow":["GET"]}}],"collection":[{"href":"https:\/\/www.diarioimagen.net\/index.php?rest_route=\/wp\/v2\/posts"}],"about":[{"href":"https:\/\/www.diarioimagen.net\/index.php?rest_route=\/wp\/v2\/types\/post"}],"author":[{"embeddable":true,"href":"https:\/\/www.diarioimagen.net\/index.php?rest_route=\/wp\/v2\/users\/3"}],"replies":[{"embeddable":true,"href":"https:\/\/www.diarioimagen.net\/index.php?rest_route=%2Fwp%2Fv2%2Fcomments&post=207682"}],"version-history":[{"count":0,"href":"https:\/\/www.diarioimagen.net\/index.php?rest_route=\/wp\/v2\/posts\/207682\/revisions"}],"wp:featuredmedia":[{"embeddable":true,"href":"https:\/\/www.diarioimagen.net\/index.php?rest_route=\/wp\/v2\/media\/207793"}],"wp:attachment":[{"href":"https:\/\/www.diarioimagen.net\/index.php?rest_route=%2Fwp%2Fv2%2Fmedia&parent=207682"}],"wp:term":[{"taxonomy":"category","embeddable":true,"href":"https:\/\/www.diarioimagen.net\/index.php?rest_route=%2Fwp%2Fv2%2Fcategories&post=207682"},{"taxonomy":"post_tag","embeddable":true,"href":"https:\/\/www.diarioimagen.net\/index.php?rest_route=%2Fwp%2Fv2%2Ftags&post=207682"}],"curies":[{"name":"wp","href":"https:\/\/api.w.org\/{rel}","templated":true}]}}