{"id":207711,"date":"2015-02-24T00:04:49","date_gmt":"2015-02-24T06:04:49","guid":{"rendered":"http:\/\/www.diarioimagen.net\/?p=207711"},"modified":"2015-02-24T04:26:49","modified_gmt":"2015-02-24T10:26:49","slug":"bejarano-el-insaciable","status":"publish","type":"post","link":"https:\/\/www.diarioimagen.net\/?p=207711","title":{"rendered":"Bejarano, el insaciable"},"content":{"rendered":"<h2>Detr\u00e1s del Poder<\/h2>\n<h5>Jos\u00e9 Antonio L\u00f3pez Sosa<\/h5>\n<p>&nbsp;<\/p>\n<p>Tiene tan corta memoria una gran ala del Partido de la Revoluci\u00f3n Democr\u00e1tica (PRD), que olvid\u00f3 ya el video donde el entonces presidente de la Asamblea Legislativa del Distrito Federal, Ren\u00e9 Bejarano, aparec\u00eda tomando billetes de la mano de Carlos Ahumada.<\/p>\n<p>\u201cYa lo juzgaron\u201d -gritan sus fan\u00e1ticos-, \u201cya pis\u00f3 la c\u00e1rcel y qued\u00f3 libre\u201d &#8211;aseguran quienes le ven como mentor&#8211;, la realidad es que en cualquier pa\u00eds medianamente civilizado, un hecho de esta naturaleza habr\u00eda terminado por completo con la carrera pol\u00edtica de un personaje, no as\u00ed en nuestro M\u00e9xico donde tanto el se\u00f1or Bejarano y su esposa, Dolores Padierna, concentran un poder pol\u00edtico impresionante dentro del PRD.<\/p>\n<p>Decenas de delegados pertenecen a su corriente y no s\u00f3lo eso, toman decisiones de acuerdo a sus intereses. Lo mismo tiene diputados locales que federales a su servicio. Ren\u00e9 Bejarano se ha consolidado como un enorme poder f\u00e1ctico de la pol\u00edtica mexicana, sobre todo en el Distrito Federal.<\/p>\n<p>En estos d\u00edas, Bejarano se ha quejado de la forma en que sus adversarios en el PRD buscan repartir candidaturas, es decir, se queja de lo mismo que \u00e9l y su grupo han hecho en la \u00faltima d\u00e9cada. Incluso, tiene intenci\u00f3n de contender por un puesto de elecci\u00f3n popular.<\/p>\n<p>Que en el PRD le permitan seguir creciendo o bien, que Ren\u00e9 Bejarano llegase a ser diputado -local o federal- marcar\u00eda una falsedad en la democracia que pregona el PRD, a\u00fan cuando sus fan\u00e1ticos le llamen \u201cprofesor\u201d y le defiendan a capa y espada en redes sociales.<\/p>\n<p>Ahora bien, corre el rumor de su migraci\u00f3n a MORENA, ese ser\u00eda otro clavo al ata\u00fad pol\u00edtico de Andr\u00e9s Manuel L\u00f3pez Obrador.<\/p>\n<p>Ren\u00e9 Bejarano, si fu\u00e9semos un pa\u00eds con memoria, una sociedad consciente, deber\u00eda estar en el retiro desde hace a\u00f1os. Lamentablemente Bejarano no sabe hacer otra cosa en la vida que vivir de la pol\u00edtica y, vaya que vivir bien.<\/p>\n<p style=\"text-align: center;\"><strong>ANUNCIO EN PANAM\u00c1<\/strong><\/p>\n<p>Se espera entre hoy y ma\u00f1ana un importante anuncio de Copa Airlines en la Ciudad de Panam\u00e1. Informaci\u00f3n que adelantamos hace unos d\u00edas en esta columna. Dos destinos m\u00e1s en M\u00e9xico se suman a su cobertura aeron\u00e1utica.<\/p>\n<p><em><a href=\"mailto:lopez.sosa@mexico.com\" target=\"_blank\">lopez.sosa@mexico.com<\/a><\/em><br \/>\n<em><a href=\"http:\/\/twitter.com\/#%21\/joseantonio1977\" target=\"_blank\">@joseantonio1977<br \/>\n<\/a><a href=\"http:\/\/www.formulaconfidencial.com.mx\/\" target=\"_blank\">www.formulaconfidencial.com.mx<\/a><\/em><\/p>\n","protected":false},"excerpt":{"rendered":"<p><span style=\"color: #005497;\"><strong>Jos\u00e9 Antonio L\u00f3pez Sosa<\/strong><\/span><\/p>\n","protected":false},"author":3,"featured_media":0,"comment_status":"open","ping_status":"open","sticky":false,"template":"","format":"standard","meta":{"_monsterinsights_skip_tracking":false,"_monsterinsights_sitenote_active":false,"_monsterinsights_sitenote_note":"","_monsterinsights_sitenote_category":0,"footnotes":""},"categories":[637],"tags":[638,43690,43674],"class_list":["post-207711","post","type-post","status-publish","format-standard","hentry","category-jose-antonio-lopez-sosa","tag-detras-del-poder","tag-jose-antonio-lopez-sosa","tag-opinion"],"_links":{"self":[{"href":"https:\/\/www.diarioimagen.net\/index.php?rest_route=\/wp\/v2\/posts\/207711","targetHints":{"allow":["GET"]}}],"collection":[{"href":"https:\/\/www.diarioimagen.net\/index.php?rest_route=\/wp\/v2\/posts"}],"about":[{"href":"https:\/\/www.diarioimagen.net\/index.php?rest_route=\/wp\/v2\/types\/post"}],"author":[{"embeddable":true,"href":"https:\/\/www.diarioimagen.net\/index.php?rest_route=\/wp\/v2\/users\/3"}],"replies":[{"embeddable":true,"href":"https:\/\/www.diarioimagen.net\/index.php?rest_route=%2Fwp%2Fv2%2Fcomments&post=207711"}],"version-history":[{"count":0,"href":"https:\/\/www.diarioimagen.net\/index.php?rest_route=\/wp\/v2\/posts\/207711\/revisions"}],"wp:attachment":[{"href":"https:\/\/www.diarioimagen.net\/index.php?rest_route=%2Fwp%2Fv2%2Fmedia&parent=207711"}],"wp:term":[{"taxonomy":"category","embeddable":true,"href":"https:\/\/www.diarioimagen.net\/index.php?rest_route=%2Fwp%2Fv2%2Fcategories&post=207711"},{"taxonomy":"post_tag","embeddable":true,"href":"https:\/\/www.diarioimagen.net\/index.php?rest_route=%2Fwp%2Fv2%2Ftags&post=207711"}],"curies":[{"name":"wp","href":"https:\/\/api.w.org\/{rel}","templated":true}]}}