{"id":207717,"date":"2015-02-24T00:05:08","date_gmt":"2015-02-24T06:05:08","guid":{"rendered":"http:\/\/www.diarioimagen.net\/?p=207717"},"modified":"2015-02-25T08:16:02","modified_gmt":"2015-02-25T14:16:02","slug":"podemos-tener-exito-dentro-y-fuera-del-pais-pena-nieto","status":"publish","type":"post","link":"https:\/\/www.diarioimagen.net\/?p=207717","title":{"rendered":"Podemos tener \u00e9xito dentro y fuera del pa\u00eds: Pe\u00f1a Nieto"},"content":{"rendered":"<ul>\n<li><strong><em>Entrega el Premio Internacional Carlos Fuentes a la Creaci\u00f3n Literaria<\/em><\/strong><\/li>\n<\/ul>\n<div id=\"attachment_207751\" style=\"width: 250px\" class=\"wp-caption alignleft\"><a href=\"http:\/\/www.diarioimagen.net\/?attachment_id=207751\" rel=\"attachment wp-att-207751\"><img loading=\"lazy\" decoding=\"async\" aria-describedby=\"caption-attachment-207751\" class=\"size-medium wp-image-207751\" src=\"http:\/\/www.diarioimagen.net\/wp-content\/uploads\/2015\/02\/epn-256-240x135.jpg\" alt=\"El presidente Enrique Pe\u00f1a Nieto distingui\u00f3 la trayectoria del escritor nicarag\u00fcense Sergio Ram\u00edrez Mercado, al entregar los premios Carlos Fuentes a la Creaci\u00f3n Literaria.\" width=\"240\" height=\"135\" srcset=\"https:\/\/www.diarioimagen.net\/wp-content\/uploads\/2015\/02\/epn-256-240x135.jpg 240w, https:\/\/www.diarioimagen.net\/wp-content\/uploads\/2015\/02\/epn-256-420x236.jpg 420w, https:\/\/www.diarioimagen.net\/wp-content\/uploads\/2015\/02\/epn-256.jpg 480w, https:\/\/www.diarioimagen.net\/wp-content\/uploads\/2015\/02\/epn-256-235x132.jpg 235w, https:\/\/www.diarioimagen.net\/wp-content\/uploads\/2015\/02\/epn-256-202x114.jpg 202w, https:\/\/www.diarioimagen.net\/wp-content\/uploads\/2015\/02\/epn-256-350x196.jpg 350w, https:\/\/www.diarioimagen.net\/wp-content\/uploads\/2015\/02\/epn-256-220x123.jpg 220w, https:\/\/www.diarioimagen.net\/wp-content\/uploads\/2015\/02\/epn-256-237x132.jpg 237w\" sizes=\"auto, (max-width: 240px) 100vw, 240px\" \/><\/a><p id=\"caption-attachment-207751\" class=\"wp-caption-text\">El presidente Enrique Pe\u00f1a Nieto distingui\u00f3 la trayectoria del escritor nicarag\u00fcense Sergio Ram\u00edrez Mercado, al entregar los premios Carlos Fuentes a la Creaci\u00f3n Literaria.<\/p><\/div>\n<p>Luego de ratificar su felicitaci\u00f3n a los mexicanos Alejandro Gonz\u00e1lez I\u00f1\u00e1rritu y Emmanuel Lubezki por su triunfo en los premios Oscar, el presidente Enrique Pe\u00f1a Nieto asegur\u00f3 que eso nos demuestra como mexicanos que podemos tener \u00e9xito dentro y fuera del pa\u00eds.<\/p>\n<p>Durante la entrega del Premio Internacional Carlos Fuentes a la Creaci\u00f3n Literaria en idioma espa\u00f1ol, al escritor nicarag\u00fcense Sergio Ram\u00edrez Mercado, el primer mandatario asegur\u00f3 que su gobierno est\u00e1 ocupado en garantizar las mejores condiciones para que cada individuo pueda escribir sus historias personales de \u00e9xito.<\/p>\n<p>En la ceremonia efectuada en el Museo Nacional de Antropolog\u00eda y donde se distingui\u00f3 la trayectoria del escritor nicarag\u00fcense Sergio Ram\u00edrez Mercado, el Ejecutivo federal sostuvo que para M\u00e9xico es un orgullo el \u00e9xito de dos compatriotas en el m\u00e1ximo circuito de la cinematograf\u00eda mundial.<\/p>\n<p>Al hablar de la trayectoria del autor literario que recibi\u00f3 hoy la distinci\u00f3n, explic\u00f3 que su lucha incluye no s\u00f3lo la palabra, sino tambi\u00e9n la acci\u00f3n, porque tom\u00f3 parte activa en la revoluci\u00f3n sandinista en su natal Nicaragua.<\/p>\n<p>Citando al propio autor record\u00f3 que tal vez esa revoluci\u00f3n no trajo la justicia anhelada para los oprimidos ni pudo generar riqueza ni desarrollo, pero dej\u00f3 como mejor futuro la democracia.<\/p>\n<p>Ese es en s\u00ed mismo un resultado importante como se demuestra en M\u00e9xico, donde la democracia ya forma parte del patrimonio de todos y permite no s\u00f3lo tener elecciones libres sino disfrutar de otros derechos y garant\u00edas, como el de la libre expresi\u00f3n y la libertad de prensa.<\/p>\n<p>En M\u00e9xico se escuchan todas las voces, todas las ideas y todos los puntos de vista, se\u00f1al\u00f3. \u201cM\u00e9xico se est\u00e1 transformando en democracia para avanzar efectivamente hacia lo que tanto anhelamos: justicia social. Para crear las oportunidades que demandan a los que menos tienen, la democracia fortalece la transparencia y rendici\u00f3n de cuentas, y obliga a las autoridades a responder a las necesidades de las grandes mayor\u00edas, no a los intereses de unos cuantos\u201d.<\/p>\n<p>Por eso, subray\u00f3, es importante respaldar a la democracia y sus instituciones, pues el camino hacia un mejor pa\u00eds es el de la democracia.<\/p>\n<p>\u201cComo lo ha afirmado nuestro galardonado, Sergio Ram\u00edrez, el hombre de la palabra y de la acci\u00f3n, la democracia es una obra en marcha; jam\u00e1s lo olvidemos, la democracia y su pleno ejercicio es el camino de los derechos, de la libertad, la igualdad y el desarrollo\u201d, finaliz\u00f3.<\/p>\n","protected":false},"excerpt":{"rendered":"<p>Luego de ratificar su felicitaci\u00f3n a los mexicanos Alejandro Gonz\u00e1lez I\u00f1\u00e1rritu y Emmanuel Lubezki por su triunfo en los premios Oscar, el presidente Enrique Pe\u00f1a Nieto asegur\u00f3 que eso nos demuestra como mexicanos que podemos tener \u00e9xito dentro y fuera del pa\u00eds.<\/p>\n","protected":false},"author":3,"featured_media":207751,"comment_status":"open","ping_status":"open","sticky":false,"template":"","format":"standard","meta":{"_monsterinsights_skip_tracking":false,"_monsterinsights_sitenote_active":false,"_monsterinsights_sitenote_note":"","_monsterinsights_sitenote_category":0,"footnotes":""},"categories":[3],"tags":[18,1638,43673],"class_list":["post-207717","post","type-post","status-publish","format-standard","has-post-thumbnail","hentry","category-nacional","tag-enrique-pena-nieto","tag-exito","tag-nacional"],"_links":{"self":[{"href":"https:\/\/www.diarioimagen.net\/index.php?rest_route=\/wp\/v2\/posts\/207717","targetHints":{"allow":["GET"]}}],"collection":[{"href":"https:\/\/www.diarioimagen.net\/index.php?rest_route=\/wp\/v2\/posts"}],"about":[{"href":"https:\/\/www.diarioimagen.net\/index.php?rest_route=\/wp\/v2\/types\/post"}],"author":[{"embeddable":true,"href":"https:\/\/www.diarioimagen.net\/index.php?rest_route=\/wp\/v2\/users\/3"}],"replies":[{"embeddable":true,"href":"https:\/\/www.diarioimagen.net\/index.php?rest_route=%2Fwp%2Fv2%2Fcomments&post=207717"}],"version-history":[{"count":0,"href":"https:\/\/www.diarioimagen.net\/index.php?rest_route=\/wp\/v2\/posts\/207717\/revisions"}],"wp:featuredmedia":[{"embeddable":true,"href":"https:\/\/www.diarioimagen.net\/index.php?rest_route=\/wp\/v2\/media\/207751"}],"wp:attachment":[{"href":"https:\/\/www.diarioimagen.net\/index.php?rest_route=%2Fwp%2Fv2%2Fmedia&parent=207717"}],"wp:term":[{"taxonomy":"category","embeddable":true,"href":"https:\/\/www.diarioimagen.net\/index.php?rest_route=%2Fwp%2Fv2%2Fcategories&post=207717"},{"taxonomy":"post_tag","embeddable":true,"href":"https:\/\/www.diarioimagen.net\/index.php?rest_route=%2Fwp%2Fv2%2Ftags&post=207717"}],"curies":[{"name":"wp","href":"https:\/\/api.w.org\/{rel}","templated":true}]}}