{"id":207848,"date":"2015-02-25T00:13:54","date_gmt":"2015-02-25T06:13:54","guid":{"rendered":"http:\/\/www.diarioimagen.net\/?p=207848"},"modified":"2015-02-25T06:39:29","modified_gmt":"2015-02-25T12:39:29","slug":"record-en-creacion-de-plazas","status":"publish","type":"post","link":"https:\/\/www.diarioimagen.net\/?p=207848","title":{"rendered":"R\u00e9cord en creaci\u00f3n de plazas"},"content":{"rendered":"<h2>Arco Norte<\/h2>\n<h5>Jos\u00e9 Luis Monta\u00f1ez Aguilar<\/h5>\n<p>&nbsp;<\/p>\n<div id=\"attachment_207891\" style=\"width: 250px\" class=\"wp-caption alignleft\"><a href=\"http:\/\/www.diarioimagen.net\/?attachment_id=207891\" rel=\"attachment wp-att-207891\"><img loading=\"lazy\" decoding=\"async\" aria-describedby=\"caption-attachment-207891\" class=\"size-medium wp-image-207891\" src=\"http:\/\/www.diarioimagen.net\/wp-content\/uploads\/2015\/02\/arco-2557-240x159.jpg\" alt=\"El gobernador mexiquense, Eruviel \u00c1vila Villegas, entregando Acciones Por la Educaci\u00f3n.\" width=\"240\" height=\"159\" srcset=\"https:\/\/www.diarioimagen.net\/wp-content\/uploads\/2015\/02\/arco-2557-240x159.jpg 240w, https:\/\/www.diarioimagen.net\/wp-content\/uploads\/2015\/02\/arco-2557-420x279.jpg 420w, https:\/\/www.diarioimagen.net\/wp-content\/uploads\/2015\/02\/arco-2557.jpg 960w\" sizes=\"auto, (max-width: 240px) 100vw, 240px\" \/><\/a><p id=\"caption-attachment-207891\" class=\"wp-caption-text\">El gobernador mexiquense, Eruviel \u00c1vila Villegas, entregando Acciones Por la Educaci\u00f3n.<\/p><\/div>\n<p>El gobernador Eruviel \u00c1vila Villegas dio a conocer que con la creaci\u00f3n de m\u00e1s de 6 mil 500 empleos formales en enero de este a\u00f1o, registrados en el Instituto Mexicano del Seguro Social (IMSS), el Estado de M\u00e9xico se posicion\u00f3 en cuarto lugar a nivel nacional en esta materia, lo cual es resultado de la implementaci\u00f3n de las reformas estructurales impulsadas por el presidente Enrique Pe\u00f1a Nieto, por lo que asegur\u00f3 que seguir\u00e1 trabajando para atraer una mayor cantidad de inversiones que propicien mejores condiciones de vida a los mexiquenses, con empleos bien remunerados. Al entregar tambi\u00e9n apoyos de las Acciones por la Educaci\u00f3n, Eruviel \u00c1vila se\u00f1al\u00f3 que durante su administraci\u00f3n se han generado m\u00e1s de 112 mil plazas laborales ante el IMSS, que ubica a la entidad en el quinto sitio nacional considerando ese periodo. Con esto, agreg\u00f3, se ha contribuido a que a nivel pa\u00eds, durante 2014 se superaran, por primera vez en la historia, los 17 millones de trabajadores afiliados al IMSS, lo cual es resultado de la reforma laboral que permiti\u00f3 en ese mismo a\u00f1o, el segundo mayor crecimiento del empleo formal en los \u00faltimos 17 a\u00f1os, con m\u00e1s de 714 mil 500 plazas; adem\u00e1s de que se lleg\u00f3 a 16 meses sin una sola huelga de jurisdicci\u00f3n federal. Asimismo, el gobernador mexiquense destac\u00f3 el anuncio del gobierno federal de que para este a\u00f1o habr\u00e1 una inversi\u00f3n de 11 mil 170 millones de d\u00f3lares, que permitir\u00e1n crear cerca de 56 mil empleos formales&#8230;El gobernador mexiquense encabez\u00f3 la ceremonia de incineraci\u00f3n de bandera, la cual con sus colores opacos muestra el paso del tiempo, su gastada figura refleja un largo recorrido que este d\u00eda lleg\u00f3 a su fin, por ello, como un homenaje, la bandera de la telesecundaria \u201cGregorio Torres Quintero\u201d fue incinerada y depositada con todos los honores a cargo de elementos del Ej\u00e9rcito Mexicano.<\/p>\n<p><em><a href=\"mailto:montanezaguilar@gmail.com\" target=\"_blank\">montanezaguilar@gmail.com<\/a><\/em><\/p>\n","protected":false},"excerpt":{"rendered":"<p><span style=\"color: #005497;\"><strong>Jos\u00e9 Luis Monta\u00f1ez Aguilar<\/strong><\/span><br \/>\n<br \/>\nEl gobernador Eruviel \u00c1vila Villegas dio a conocer que con la creaci\u00f3n de m\u00e1s de 6 mil 500 empleos formales en enero de este a\u00f1o, registrados en el Instituto Mexicano del Seguro Social (IMSS), el Estado de M\u00e9xico se posicion\u00f3 en cuarto lugar a nivel nacional en esta materia, lo cual es resultado de la implementaci\u00f3n de las reformas estructurales impulsadas por el presidente Enrique Pe\u00f1a Nieto, por lo que asegur\u00f3 que seguir\u00e1 trabajando para atraer una mayor cantidad de inversiones que propicien mejores condiciones de vida a los mexiquenses, con empleos bien remunerados.<\/p>\n","protected":false},"author":3,"featured_media":207891,"comment_status":"open","ping_status":"open","sticky":false,"template":"","format":"standard","meta":{"_monsterinsights_skip_tracking":false,"_monsterinsights_sitenote_active":false,"_monsterinsights_sitenote_note":"","_monsterinsights_sitenote_category":0,"footnotes":""},"categories":[5],"tags":[13284,5828,43675,257,8148,43704,43674],"class_list":["post-207848","post","type-post","status-publish","format-standard","has-post-thumbnail","hentry","category-estado-de-mexico","tag-arco-norte","tag-eruviel-avila-villegas","tag-estado-de-mexico","tag-imss","tag-instituto-mexicano-del-seguro-social","tag-jose-luis-montanez-aguilar","tag-opinion"],"_links":{"self":[{"href":"https:\/\/www.diarioimagen.net\/index.php?rest_route=\/wp\/v2\/posts\/207848","targetHints":{"allow":["GET"]}}],"collection":[{"href":"https:\/\/www.diarioimagen.net\/index.php?rest_route=\/wp\/v2\/posts"}],"about":[{"href":"https:\/\/www.diarioimagen.net\/index.php?rest_route=\/wp\/v2\/types\/post"}],"author":[{"embeddable":true,"href":"https:\/\/www.diarioimagen.net\/index.php?rest_route=\/wp\/v2\/users\/3"}],"replies":[{"embeddable":true,"href":"https:\/\/www.diarioimagen.net\/index.php?rest_route=%2Fwp%2Fv2%2Fcomments&post=207848"}],"version-history":[{"count":0,"href":"https:\/\/www.diarioimagen.net\/index.php?rest_route=\/wp\/v2\/posts\/207848\/revisions"}],"wp:featuredmedia":[{"embeddable":true,"href":"https:\/\/www.diarioimagen.net\/index.php?rest_route=\/wp\/v2\/media\/207891"}],"wp:attachment":[{"href":"https:\/\/www.diarioimagen.net\/index.php?rest_route=%2Fwp%2Fv2%2Fmedia&parent=207848"}],"wp:term":[{"taxonomy":"category","embeddable":true,"href":"https:\/\/www.diarioimagen.net\/index.php?rest_route=%2Fwp%2Fv2%2Fcategories&post=207848"},{"taxonomy":"post_tag","embeddable":true,"href":"https:\/\/www.diarioimagen.net\/index.php?rest_route=%2Fwp%2Fv2%2Ftags&post=207848"}],"curies":[{"name":"wp","href":"https:\/\/api.w.org\/{rel}","templated":true}]}}