{"id":207850,"date":"2015-02-25T00:06:03","date_gmt":"2015-02-25T06:06:03","guid":{"rendered":"http:\/\/www.diarioimagen.net\/?p=207850"},"modified":"2015-02-26T06:03:00","modified_gmt":"2015-02-26T12:03:00","slug":"logra-edomex-cuarto-lugar-en-generacion-de-empleos","status":"publish","type":"post","link":"https:\/\/www.diarioimagen.net\/?p=207850","title":{"rendered":"Logra Edomex cuarto lugar en generaci\u00f3n de empleos"},"content":{"rendered":"<ul>\n<li><strong><em>Durante el 2014 se superaron por primera vez en la historia los 17 millones de trabajadores afiliados al Seguro Social: Eruviel \u00c1vila<br \/>\n<\/em><\/strong><\/li>\n<\/ul>\n<h6>Redacci\u00f3n<\/h6>\n<p>&nbsp;<\/p>\n<div id=\"attachment_207889\" style=\"width: 250px\" class=\"wp-caption alignleft\"><a href=\"http:\/\/www.diarioimagen.net\/?attachment_id=207889\" rel=\"attachment wp-att-207889\"><img loading=\"lazy\" decoding=\"async\" aria-describedby=\"caption-attachment-207889\" class=\"wp-image-207889 size-medium\" src=\"http:\/\/www.diarioimagen.net\/wp-content\/uploads\/2015\/02\/eruviel-2557-240x160.jpg\" alt=\"El gobernador Eruviel \u00c1vila encabez\u00f3 la ceremonia de incineraci\u00f3n del l\u00e1baro patrio de la escuela telesecundaria \u201cGregorio Torres Quintero\u201d, que fue depositado en un incinerador especial, con todos los honores a cargo de elementos del Ej\u00e9rcito Mexicano, \u00fanicos autorizados para realizar este acto.\" width=\"240\" height=\"160\" srcset=\"https:\/\/www.diarioimagen.net\/wp-content\/uploads\/2015\/02\/eruviel-2557-240x160.jpg 240w, https:\/\/www.diarioimagen.net\/wp-content\/uploads\/2015\/02\/eruviel-2557-420x280.jpg 420w, https:\/\/www.diarioimagen.net\/wp-content\/uploads\/2015\/02\/eruviel-2557.jpg 960w\" sizes=\"auto, (max-width: 240px) 100vw, 240px\" \/><\/a><p id=\"caption-attachment-207889\" class=\"wp-caption-text\">El gobernador Eruviel \u00c1vila encabez\u00f3 la ceremonia de incineraci\u00f3n del l\u00e1baro patrio de la escuela telesecundaria \u201cGregorio Torres Quintero\u201d, que fue depositado en un incinerador especial, con todos los honores a cargo de elementos del Ej\u00e9rcito Mexicano, \u00fanicos autorizados para realizar este acto.<\/p><\/div>\n<p>Al encabezar el 194 aniversario D\u00eda de la Bandera en Tepotzotl\u00e1n, el gobernador Eruviel \u00c1vila Villegas dio a conocer que con la creaci\u00f3n de m\u00e1s de 6 mil 500 empleos formales en enero de este a\u00f1o, registrados en el Instituto Mexicano del Seguro Social (IMSS), el Estado de M\u00e9xico se posicion\u00f3 en cuarto lugar a nivel nacional en esta materia, lo cual es resultado de la implementaci\u00f3n de las reformas estructurales impulsadas por el presidente Enrique Pe\u00f1a Nieto, por lo que asegur\u00f3 que seguir\u00e1 trabajando para atraer una mayor cantidad de inversiones que propicien mejores condiciones de vida a los mexiquenses, con empleos bien remunerados.<\/p>\n<p>\u201cEsto demuestra que vamos por el buen camino, esto nos demuestra que todav\u00eda falta mucho por hacer, por eso voy a seguir atrayendo m\u00e1s inversiones al Estado de M\u00e9xico, invitando a m\u00e1s empresas trasnacionales, internacionales, locales, nacionales para que vengan a invertir al Estado de M\u00e9xico y generen m\u00e1s empleos, esa es mi misi\u00f3n y yo seguir\u00e9 trabajando para que las condiciones se sigan dando en beneficio de los mexiquenses\u201d, indic\u00f3.<\/p>\n<p>Al entregar tambi\u00e9n apoyos de las Acciones por la Educaci\u00f3n, Eruviel \u00c1vila se\u00f1al\u00f3 que durante su administraci\u00f3n se han generado m\u00e1s de 112 mil plazas laborales ante el IMSS, que ubica a la entidad en el quinto sitio nacional considerando ese periodo.<\/p>\n<p>Con esto, agreg\u00f3, se ha contribuido a que a nivel pa\u00eds, durante 2014 se superaran, por primera vez en la historia, los 17 millones de trabajadores afiliados al IMSS, lo cual es resultado de la reforma laboral que permiti\u00f3 en ese mismo a\u00f1o, el segundo mayor crecimiento del empleo formal en los \u00faltimos 17 a\u00f1os, con m\u00e1s de 714 mil 500 plazas; adem\u00e1s de que se lleg\u00f3 a 16 meses sin una sola huelga de jurisdicci\u00f3n federal.<\/p>\n<p>Asimismo, el gobernador mexiquense destac\u00f3 el anuncio del gobierno federal de que para este a\u00f1o habr\u00e1 una inversi\u00f3n de 11 mil 170 millones de d\u00f3lares, que permitir\u00e1n crear cerca de 56 mil empleos formales.<\/p>\n<p>En el evento, Eruviel \u00c1vila entreg\u00f3 tarjetas La Efectiva a escoltas escolares, becas, laptops, computadoras tiflot\u00e9cnicas, entre otros, a estudiantes de la zona de Cuautitl\u00e1n Izcalli.<\/p>\n<p style=\"text-align: center;\"><strong>Encabeza Eruviel \u00c1vila ceremonia de incineraci\u00f3n de bandera<\/strong><\/p>\n<p>Sus colores opacos muestran el paso del tiempo, su gastada figura refleja un largo recorrido que este d\u00eda lleg\u00f3 a su fin, ante su presencia un sin n\u00famero de generaciones vieron en el verde, el blanco y el rojo los colores de la lucha, la libertad y la uni\u00f3n, por ello, como un homenaje, la bandera de la telesecundaria \u201cGregorio Torres Quintero\u201d, de Tepotzotl\u00e1n, fue incinerada en un ceremonia encabezada por el gobernador Eruviel \u00c1vila Villegas; el general Luis Arias Gonz\u00e1lez y el coronel de Infanter\u00eda, Juli\u00e1n Tadeo Gonz\u00e1lez Calzada, ambos de la 37 zona militar.<\/p>\n<p>Las autoridades efectuaron esta ceremonia en la que se instal\u00f3 un incinerador especial en el que el l\u00e1baro patrio fue depositado con todos los honores a cargo de elementos del Ej\u00e9rcito Mexicano, \u00fanicos autorizados para realizar este acto, tras el cual, el Ejecutivo estatal abander\u00f3 la escolta de esta telesecundaria con una nueva bandera, ante m\u00e1s de 8 mil estudiantes, maestros y padres de familia.<\/p>\n","protected":false},"excerpt":{"rendered":"<p>Al encabezar el 194 aniversario D\u00eda de la Bandera en Tepotzotl\u00e1n, el gobernador Eruviel \u00c1vila Villegas dio a conocer que con la creaci\u00f3n de m\u00e1s de 6 mil 500 empleos formales en enero de este a\u00f1o, registrados en el Instituto Mexicano del Seguro Social (IMSS), el Estado de M\u00e9xico se posicion\u00f3 en cuarto lugar a nivel nacional en esta materia, lo cual es resultado de la implementaci\u00f3n de las reformas estructurales impulsadas por el presidente Enrique Pe\u00f1a Nieto, por lo que asegur\u00f3 que seguir\u00e1 trabajando para atraer una mayor cantidad de inversiones que propicien mejores condiciones de vida a los mexiquenses, con empleos bien remunerados.<\/p>\n","protected":false},"author":3,"featured_media":207889,"comment_status":"open","ping_status":"open","sticky":false,"template":"","format":"standard","meta":{"_monsterinsights_skip_tracking":false,"_monsterinsights_sitenote_active":false,"_monsterinsights_sitenote_note":"","_monsterinsights_sitenote_category":0,"footnotes":""},"categories":[5],"tags":[5828,43675,257,8148],"class_list":["post-207850","post","type-post","status-publish","format-standard","has-post-thumbnail","hentry","category-estado-de-mexico","tag-eruviel-avila-villegas","tag-estado-de-mexico","tag-imss","tag-instituto-mexicano-del-seguro-social"],"_links":{"self":[{"href":"https:\/\/www.diarioimagen.net\/index.php?rest_route=\/wp\/v2\/posts\/207850","targetHints":{"allow":["GET"]}}],"collection":[{"href":"https:\/\/www.diarioimagen.net\/index.php?rest_route=\/wp\/v2\/posts"}],"about":[{"href":"https:\/\/www.diarioimagen.net\/index.php?rest_route=\/wp\/v2\/types\/post"}],"author":[{"embeddable":true,"href":"https:\/\/www.diarioimagen.net\/index.php?rest_route=\/wp\/v2\/users\/3"}],"replies":[{"embeddable":true,"href":"https:\/\/www.diarioimagen.net\/index.php?rest_route=%2Fwp%2Fv2%2Fcomments&post=207850"}],"version-history":[{"count":0,"href":"https:\/\/www.diarioimagen.net\/index.php?rest_route=\/wp\/v2\/posts\/207850\/revisions"}],"wp:featuredmedia":[{"embeddable":true,"href":"https:\/\/www.diarioimagen.net\/index.php?rest_route=\/wp\/v2\/media\/207889"}],"wp:attachment":[{"href":"https:\/\/www.diarioimagen.net\/index.php?rest_route=%2Fwp%2Fv2%2Fmedia&parent=207850"}],"wp:term":[{"taxonomy":"category","embeddable":true,"href":"https:\/\/www.diarioimagen.net\/index.php?rest_route=%2Fwp%2Fv2%2Fcategories&post=207850"},{"taxonomy":"post_tag","embeddable":true,"href":"https:\/\/www.diarioimagen.net\/index.php?rest_route=%2Fwp%2Fv2%2Ftags&post=207850"}],"curies":[{"name":"wp","href":"https:\/\/api.w.org\/{rel}","templated":true}]}}