{"id":207863,"date":"2015-02-25T00:08:17","date_gmt":"2015-02-25T06:08:17","guid":{"rendered":"http:\/\/www.diarioimagen.net\/?p=207863"},"modified":"2015-02-25T05:49:44","modified_gmt":"2015-02-25T11:49:44","slug":"se-involucra-a-la-sociedad-en-transparencia-olvera","status":"publish","type":"post","link":"https:\/\/www.diarioimagen.net\/?p=207863","title":{"rendered":"Se involucra a la sociedad en transparencia: Olvera"},"content":{"rendered":"<ul>\n<li><strong><em>Asumi\u00f3 rector presidencia de Comit\u00e9 de Registro de Testigos Sociales<\/em><\/strong><\/li>\n<\/ul>\n<div id=\"attachment_207897\" style=\"width: 250px\" class=\"wp-caption alignleft\"><a href=\"http:\/\/www.diarioimagen.net\/?attachment_id=207897\" rel=\"attachment wp-att-207897\"><img loading=\"lazy\" decoding=\"async\" aria-describedby=\"caption-attachment-207897\" class=\"size-medium wp-image-207897\" src=\"http:\/\/www.diarioimagen.net\/wp-content\/uploads\/2015\/02\/UAEM-2557-240x135.jpg\" alt=\"El rector de la UAEM, Jorge Olvera Garc\u00eda, asumi\u00f3 la presidencia del Comit\u00e9 de Registro de Testigos Sociales de la entidad, acto en el que la presidenta saliente y comisionada del Instituto de Transparencia, Acceso a la Informaci\u00f3n P\u00fablica y Protecci\u00f3n de Datos Personales del Estado de M\u00e9xico y Municipios, Josefina Rom\u00e1n Vergara, rindi\u00f3 su informe de labores.\" width=\"240\" height=\"135\" srcset=\"https:\/\/www.diarioimagen.net\/wp-content\/uploads\/2015\/02\/UAEM-2557-240x135.jpg 240w, https:\/\/www.diarioimagen.net\/wp-content\/uploads\/2015\/02\/UAEM-2557-420x236.jpg 420w, https:\/\/www.diarioimagen.net\/wp-content\/uploads\/2015\/02\/UAEM-2557.jpg 480w, https:\/\/www.diarioimagen.net\/wp-content\/uploads\/2015\/02\/UAEM-2557-235x132.jpg 235w, https:\/\/www.diarioimagen.net\/wp-content\/uploads\/2015\/02\/UAEM-2557-202x114.jpg 202w, https:\/\/www.diarioimagen.net\/wp-content\/uploads\/2015\/02\/UAEM-2557-350x196.jpg 350w, https:\/\/www.diarioimagen.net\/wp-content\/uploads\/2015\/02\/UAEM-2557-220x123.jpg 220w, https:\/\/www.diarioimagen.net\/wp-content\/uploads\/2015\/02\/UAEM-2557-237x132.jpg 237w\" sizes=\"auto, (max-width: 240px) 100vw, 240px\" \/><\/a><p id=\"caption-attachment-207897\" class=\"wp-caption-text\">El rector de la UAEM, Jorge Olvera Garc\u00eda, asumi\u00f3 la presidencia del Comit\u00e9 de Registro de Testigos Sociales de la entidad, acto en el que la presidenta saliente y comisionada del Instituto de Transparencia, Acceso a la Informaci\u00f3n P\u00fablica y Protecci\u00f3n de Datos Personales del Estado de M\u00e9xico y Municipios, Josefina Rom\u00e1n Vergara, rindi\u00f3 su informe de labores.<\/p><\/div>\n<p>El rector de la Universidad Aut\u00f3noma del Estado de M\u00e9xico, Jorge Olvera Garc\u00eda, asumi\u00f3 la presidencia del Comit\u00e9 de Registro de Testigos Sociales de la entidad, acto en el que la presidenta saliente y comisionada del Instituto de Transparencia, Acceso a la Informaci\u00f3n P\u00fablica y Protecci\u00f3n de Datos Personales del Estado de M\u00e9xico y Municipios, Josefina Rom\u00e1n Vergara, rindi\u00f3 su informe de labores.<\/p>\n<p>Durante la primera sesi\u00f3n ordinaria de 2015, que se llev\u00f3 a cabo en la Sala de Rectores de la UAEM, Olvera Garc\u00eda destac\u00f3 que el Comit\u00e9 de Testigos Sociales se consolida como una herramienta del Estado que permite mayor participaci\u00f3n ciudadana en la exigencia de rendici\u00f3n de cuentas; de esta manera, dijo, el pa\u00eds se sit\u00faa a la vanguardia de los estados m\u00e1s progresistas del mundo.<\/p>\n<p>\u201cDe esta manera se involucra a la sociedad en los mecanismos de transparencia que tiene abiertos a los mexiquenses, porque as\u00ed disponen de dispositivos para verificar el manejo de los recursos\u201d, asever\u00f3 el rector de la UAEM, quien por tercera ocasi\u00f3n ocupa la presidencia del Comit\u00e9.<\/p>\n<p>Afirm\u00f3 que \u201cla figura de los Testigos Sociales permite disipar las incertidumbres que ensombrecen la relaci\u00f3n entre los gobernantes y la ciudadan\u00eda, pues los articulan de forma tal que no queda resquicio alguno para la corrupci\u00f3n\u201d.<\/p>\n<p>Durante esta sesi\u00f3n, en la cual se tom\u00f3 protesta como vocal del Comit\u00e9 a la directora de la Facultad de Derecho de la UAEM, Inocenta Pe\u00f1a Ortiz, Josefina Rom\u00e1n Vergara inform\u00f3 que durante el reciente a\u00f1o se tomaron numerosos acuerdos relacionados con 19 solicitudes de ampliaci\u00f3n de registro y cinco solicitudes de registro de testigos sociales de la entidad.<\/p>\n","protected":false},"excerpt":{"rendered":"<p>El rector de la Universidad Aut\u00f3noma del Estado de M\u00e9xico, Jorge Olvera Garc\u00eda, asumi\u00f3 la presidencia del Comit\u00e9 de Registro de Testigos Sociales de la entidad, acto en el que la presidenta saliente y comisionada del Instituto de Transparencia, Acceso a la Informaci\u00f3n P\u00fablica y Protecci\u00f3n de Datos Personales del Estado de M\u00e9xico y Municipios, Josefina Rom\u00e1n Vergara, rindi\u00f3 su informe de labores.<\/p>\n","protected":false},"author":3,"featured_media":207897,"comment_status":"open","ping_status":"open","sticky":false,"template":"","format":"standard","meta":{"_monsterinsights_skip_tracking":false,"_monsterinsights_sitenote_active":false,"_monsterinsights_sitenote_note":"","_monsterinsights_sitenote_category":0,"footnotes":""},"categories":[5],"tags":[27015,43673,1490],"class_list":["post-207863","post","type-post","status-publish","format-standard","has-post-thumbnail","hentry","category-estado-de-mexico","tag-jorge-olvera-garcia","tag-nacional","tag-universidad-autonoma-del-estado-de-mexico"],"_links":{"self":[{"href":"https:\/\/www.diarioimagen.net\/index.php?rest_route=\/wp\/v2\/posts\/207863","targetHints":{"allow":["GET"]}}],"collection":[{"href":"https:\/\/www.diarioimagen.net\/index.php?rest_route=\/wp\/v2\/posts"}],"about":[{"href":"https:\/\/www.diarioimagen.net\/index.php?rest_route=\/wp\/v2\/types\/post"}],"author":[{"embeddable":true,"href":"https:\/\/www.diarioimagen.net\/index.php?rest_route=\/wp\/v2\/users\/3"}],"replies":[{"embeddable":true,"href":"https:\/\/www.diarioimagen.net\/index.php?rest_route=%2Fwp%2Fv2%2Fcomments&post=207863"}],"version-history":[{"count":0,"href":"https:\/\/www.diarioimagen.net\/index.php?rest_route=\/wp\/v2\/posts\/207863\/revisions"}],"wp:featuredmedia":[{"embeddable":true,"href":"https:\/\/www.diarioimagen.net\/index.php?rest_route=\/wp\/v2\/media\/207897"}],"wp:attachment":[{"href":"https:\/\/www.diarioimagen.net\/index.php?rest_route=%2Fwp%2Fv2%2Fmedia&parent=207863"}],"wp:term":[{"taxonomy":"category","embeddable":true,"href":"https:\/\/www.diarioimagen.net\/index.php?rest_route=%2Fwp%2Fv2%2Fcategories&post=207863"},{"taxonomy":"post_tag","embeddable":true,"href":"https:\/\/www.diarioimagen.net\/index.php?rest_route=%2Fwp%2Fv2%2Ftags&post=207863"}],"curies":[{"name":"wp","href":"https:\/\/api.w.org\/{rel}","templated":true}]}}