{"id":207950,"date":"2015-02-26T00:04:31","date_gmt":"2015-02-26T06:04:31","guid":{"rendered":"http:\/\/www.diarioimagen.net\/?p=207950"},"modified":"2015-02-26T05:09:24","modified_gmt":"2015-02-26T11:09:24","slug":"confirma-proteccion-civil-1-muerto-en-el-desalojo-de-maestros-en-acapulco","status":"publish","type":"post","link":"https:\/\/www.diarioimagen.net\/?p=207950","title":{"rendered":"Un muerto en el desalojo de maestros en Acapulco"},"content":{"rendered":"<ul>\n<li><strong><em>Tensi\u00f3n en Guerrero<\/em><\/strong><\/li>\n<\/ul>\n<div id=\"attachment_207951\" style=\"width: 250px\" class=\"wp-caption alignleft\"><img loading=\"lazy\" decoding=\"async\" aria-describedby=\"caption-attachment-207951\" class=\"wp-image-207951 size-medium\" src=\"http:\/\/www.diarioimagen.net\/wp-content\/uploads\/2015\/02\/CETEG-PORTAL-240x135.jpg\" alt=\"Los integrantes de la CETEG fueron desalojados la noche del martes, tras bloquear por varias horas accesos al Aeropuerto de Acapulco.\" width=\"240\" height=\"135\" srcset=\"https:\/\/www.diarioimagen.net\/wp-content\/uploads\/2015\/02\/CETEG-PORTAL-240x135.jpg 240w, https:\/\/www.diarioimagen.net\/wp-content\/uploads\/2015\/02\/CETEG-PORTAL-420x236.jpg 420w, https:\/\/www.diarioimagen.net\/wp-content\/uploads\/2015\/02\/CETEG-PORTAL.jpg 480w, https:\/\/www.diarioimagen.net\/wp-content\/uploads\/2015\/02\/CETEG-PORTAL-235x132.jpg 235w, https:\/\/www.diarioimagen.net\/wp-content\/uploads\/2015\/02\/CETEG-PORTAL-202x114.jpg 202w, https:\/\/www.diarioimagen.net\/wp-content\/uploads\/2015\/02\/CETEG-PORTAL-350x196.jpg 350w, https:\/\/www.diarioimagen.net\/wp-content\/uploads\/2015\/02\/CETEG-PORTAL-220x123.jpg 220w, https:\/\/www.diarioimagen.net\/wp-content\/uploads\/2015\/02\/CETEG-PORTAL-237x132.jpg 237w\" sizes=\"auto, (max-width: 240px) 100vw, 240px\" \/><p id=\"caption-attachment-207951\" class=\"wp-caption-text\">Los integrantes de la CETEG fueron desalojados la noche del martes, tras bloquear por varias horas accesos al Aeropuerto de Acapulco.<\/p><\/div>\n<p>El subsecretario de Protecci\u00f3n Civil de Guerrero, Ra\u00fal Milani Sabido, confirm\u00f3 que una persona muri\u00f3 tras el enfrentamiento entre polic\u00edas federales y miembros de la Coordinadora Estatal de Trabajadores de la Educaci\u00f3n de Guerrero (CETEG) la noche del martes en Acapulco.<\/p>\n<p>Milani Sabido se\u00f1al\u00f3 que \u201cdesafortunadamente hay la confirmaci\u00f3n\u201d de que el profesor jubilado Claudio Castillo, de 65 a\u00f1os, falleci\u00f3 por traumatismo de cr\u00e1neo.<\/p>\n<p>Claudio Castillo estuvo hospitalizado y muri\u00f3 alrededor de las cuatro de la ma\u00f1ana de ayer en un hospital del estado.<\/p>\n<p>El maestro particip\u00f3 en las movilizaciones y bloqueos del martes, donde elementos federales participaron en el desalojo de los mentores.<\/p>\n<p>En entrevista radiof\u00f3nica, Milani Sabido dijo que la causa de muerte fue por traumatismo de cr\u00e1neo.<\/p>\n<p>Manuel Salvador Rosas, integrante de la Comisi\u00f3n Pol\u00edtica de la CETEG ya hab\u00eda adelantado la informaci\u00f3n.<\/p>\n<p>Por su parte, el gobernador interino de Guerrero, Rogelio Ortega Mart\u00ednez, inform\u00f3 que no tiene reporte de ning\u00fan muerto, pero s\u00ed de 12 polic\u00edas federales lesionados.<\/p>\n<p>Adem\u00e1s, Ortega justific\u00f3 el desalojo de ayer en Acapulco y dijo que los polic\u00edas federales actuaron \u201ccon absoluta pulcritud\u201d apegados a los protocolos nacionales e internacionales para el repliegue de personas.<\/p>\n<p style=\"text-align: center;\"><strong>Siguen las protestas<\/strong><\/p>\n<p>Integrantes de la CETEG otra vez cerraron ayer mi\u00e9rcoles los cuatro carriles de la Autopista del Sol a la espera de que se abra una mesa de trabajo con el gobierno federal.<\/p>\n<p>El contingente reclama la instalaci\u00f3n de una mesa de di\u00e1logo con el gobierno federal para resolver el problema del reconocimiento a m\u00e1s de 28 mil plazas de personal docente, de apoyo y trabajadores administrativos que se vieron afectados por el proceso de centralizaci\u00f3n de las n\u00f3minas.<\/p>\n<p>Adem\u00e1s, reclaman el desalojo que sufrieron el martes en el bulevar de Las Naciones en Acapulco, mismo que registr\u00f3 un saldo de 40 lesionados y un muerto. Desde el momento en que inici\u00f3 el cierre de la vialidad, cientos de automovilistas se quedaron varados en los cuatro carriles de la v\u00eda federal.<\/p>\n<p style=\"text-align: center;\"><strong>Gobierno se deslinda de muerte de maestro<\/strong><\/p>\n<p>El gobierno federal se deslind\u00f3 de la muerte del profesor jubilado Claudio Castillo, ocurrida en el estado de Guerrero.<\/p>\n<p>Asegur\u00f3 que Castillo, de 65 a\u00f1os, fue encontrado atropellado en un lugar distinto, dos horas despu\u00e9s del operativo del desalojo de los profesores de la CETEG<strong>.<\/strong><\/p>\n","protected":false},"excerpt":{"rendered":"<p>El subsecretario de Protecci\u00f3n Civil de Guerrero, Ra\u00fal Milani Sabido, confirm\u00f3 que una persona muri\u00f3 tras el enfrentamiento entre polic\u00edas federales y miembros de la Coordinadora Estatal de Trabajadores de la Educaci\u00f3n de Guerrero (CETEG) la noche del martes en Acapulco.<\/p>\n","protected":false},"author":5,"featured_media":207951,"comment_status":"open","ping_status":"open","sticky":false,"template":"","format":"standard","meta":{"_monsterinsights_skip_tracking":false,"_monsterinsights_sitenote_active":false,"_monsterinsights_sitenote_note":"","_monsterinsights_sitenote_category":0,"footnotes":""},"categories":[7],"tags":[27076,2574,43673],"class_list":["post-207950","post","type-post","status-publish","format-standard","has-post-thumbnail","hentry","category-seguridad","tag-desalojo","tag-maestros","tag-nacional"],"_links":{"self":[{"href":"https:\/\/www.diarioimagen.net\/index.php?rest_route=\/wp\/v2\/posts\/207950","targetHints":{"allow":["GET"]}}],"collection":[{"href":"https:\/\/www.diarioimagen.net\/index.php?rest_route=\/wp\/v2\/posts"}],"about":[{"href":"https:\/\/www.diarioimagen.net\/index.php?rest_route=\/wp\/v2\/types\/post"}],"author":[{"embeddable":true,"href":"https:\/\/www.diarioimagen.net\/index.php?rest_route=\/wp\/v2\/users\/5"}],"replies":[{"embeddable":true,"href":"https:\/\/www.diarioimagen.net\/index.php?rest_route=%2Fwp%2Fv2%2Fcomments&post=207950"}],"version-history":[{"count":0,"href":"https:\/\/www.diarioimagen.net\/index.php?rest_route=\/wp\/v2\/posts\/207950\/revisions"}],"wp:featuredmedia":[{"embeddable":true,"href":"https:\/\/www.diarioimagen.net\/index.php?rest_route=\/wp\/v2\/media\/207951"}],"wp:attachment":[{"href":"https:\/\/www.diarioimagen.net\/index.php?rest_route=%2Fwp%2Fv2%2Fmedia&parent=207950"}],"wp:term":[{"taxonomy":"category","embeddable":true,"href":"https:\/\/www.diarioimagen.net\/index.php?rest_route=%2Fwp%2Fv2%2Fcategories&post=207950"},{"taxonomy":"post_tag","embeddable":true,"href":"https:\/\/www.diarioimagen.net\/index.php?rest_route=%2Fwp%2Fv2%2Ftags&post=207950"}],"curies":[{"name":"wp","href":"https:\/\/api.w.org\/{rel}","templated":true}]}}