{"id":207985,"date":"2015-02-26T00:13:50","date_gmt":"2015-02-26T06:13:50","guid":{"rendered":"http:\/\/www.diarioimagen.net\/?p=207985"},"modified":"2015-02-26T05:09:26","modified_gmt":"2015-02-26T11:09:26","slug":"anuncia-eruviel-avila-entrega-de-250-mil-lentes","status":"publish","type":"post","link":"https:\/\/www.diarioimagen.net\/?p=207985","title":{"rendered":"Anuncia Eruviel \u00c1vila entrega de 250 mil lentes"},"content":{"rendered":"<ul>\n<li><strong><em>Se realizan 6 millones de acciones en la Primera Semana Nacional de Salud 2015<\/em><\/strong><\/li>\n<\/ul>\n<h6>Redacci\u00f3n<\/h6>\n<p>&nbsp;<\/p>\n<p><a href=\"http:\/\/www.diarioimagen.net\/?attachment_id=208042\" rel=\"attachment wp-att-208042\"><img loading=\"lazy\" decoding=\"async\" class=\"alignleft size-medium wp-image-208042\" src=\"http:\/\/www.diarioimagen.net\/wp-content\/uploads\/2015\/02\/eruviel-2558-240x135.jpg\" alt=\"eruviel-2558\" width=\"240\" height=\"135\" srcset=\"https:\/\/www.diarioimagen.net\/wp-content\/uploads\/2015\/02\/eruviel-2558-240x135.jpg 240w, https:\/\/www.diarioimagen.net\/wp-content\/uploads\/2015\/02\/eruviel-2558-420x236.jpg 420w, https:\/\/www.diarioimagen.net\/wp-content\/uploads\/2015\/02\/eruviel-2558.jpg 480w, https:\/\/www.diarioimagen.net\/wp-content\/uploads\/2015\/02\/eruviel-2558-235x132.jpg 235w, https:\/\/www.diarioimagen.net\/wp-content\/uploads\/2015\/02\/eruviel-2558-202x114.jpg 202w, https:\/\/www.diarioimagen.net\/wp-content\/uploads\/2015\/02\/eruviel-2558-350x196.jpg 350w, https:\/\/www.diarioimagen.net\/wp-content\/uploads\/2015\/02\/eruviel-2558-220x123.jpg 220w, https:\/\/www.diarioimagen.net\/wp-content\/uploads\/2015\/02\/eruviel-2558-237x132.jpg 237w\" sizes=\"auto, (max-width: 240px) 100vw, 240px\" \/><\/a>El gobernador Eruviel \u00c1vila Villegas anunci\u00f3 ayer la entrega gratuita,\u00a0este a\u00f1o,\u00a0de m\u00e1s de 250 mil lentes para mexiquenses de todas las edades que padezcan problemas visuales, previa realizaci\u00f3n de ex\u00e1menes de optometr\u00eda para determinar la graduaci\u00f3n espec\u00edfica.<\/p>\n<p>Lo anterior, en el marco de la Primera Semana Nacional de Salud 2015, donde se pondr\u00e1n a disposici\u00f3n de los mexiquenses\u00a0mil 356 unidades m\u00e9dicas, 2 mil 579 puestos de vacunaci\u00f3n y m\u00e1s de 14 mil brigadas de salud, con la participaci\u00f3n de m\u00e1s de 22 mil voluntarias y trabajadores del Sistema de Salud del Estado de M\u00e9xico.<\/p>\n<p>\u201cAmigas, amigos, es llegar a m\u00e1s de 6\u00a0millones de pacientes, de\u00a0ni\u00f1as, ni\u00f1os, adultos mayores, dotar de vitaminas, de sueros y de material para prevenir enfermedades. M\u00e1s de 6 millones de acciones en materia de salud para poder brindarle mejor calidad de vida a los mexiquenses\u201d, se\u00f1al\u00f3.<\/p>\n<p>Durante la inauguraci\u00f3n del Centro de Salud de San Mart\u00edn Cuautlalpan, el gobernador anunci\u00f3 que este a\u00f1o se invertir\u00e1n 30 mil millones de pesos en el rubro de salud de todos los mexiquenses y en especial los que habitan en la zona oriente de la entidad.<\/p>\n<p>Explic\u00f3 que el a\u00f1o anterior se destinaron 7 de cada 10 pesos del presupuesto al gasto social, donde se incluye el rubro de salud y dijo que gracias a esta inversi\u00f3n, de acuerdo a una encuesta realizada por el INEGI y Consulta Mitofsky, el Estado de M\u00e9xico obtuvo el primer lugar en la prestaci\u00f3n de servicios m\u00e9dicos.<\/p>\n<p>En este marco, el gobernador entreg\u00f3 adem\u00e1s mil de los 12 mil auxiliares auditivos que se proporcionar\u00e1n gratuitamente en todo el Estado de M\u00e9xico, los cuales tienen un costo promedio de 9 mil pesos cada uno, con lo que adem\u00e1s de contribuir a cambiar el modo de vida de quien padece una debilidad auditiva, se contribuye a mejorar la econom\u00eda familiar.<\/p>\n<p>El Centro de Salud de San Mart\u00edn Cuautlalpan cuenta con consultorios para medicina general, odontol\u00f3gica, servicio de farmacia y \u00e1rea de estimulaci\u00f3n temprana, entre otros servicios.<\/p>\n","protected":false},"excerpt":{"rendered":"<p>El gobernador Eruviel \u00c1vila Villegas anunci\u00f3 ayer la entrega gratuita, este a\u00f1o, de m\u00e1s de 250 mil lentes para mexiquenses de todas las edades que padezcan problemas visuales, previa realizaci\u00f3n de ex\u00e1menes de optometr\u00eda para determinar la graduaci\u00f3n espec\u00edfica.<\/p>\n","protected":false},"author":3,"featured_media":208042,"comment_status":"open","ping_status":"open","sticky":false,"template":"","format":"standard","meta":{"_monsterinsights_skip_tracking":false,"_monsterinsights_sitenote_active":false,"_monsterinsights_sitenote_note":"","_monsterinsights_sitenote_category":0,"footnotes":""},"categories":[5],"tags":[24769,5828,43675,39347],"class_list":["post-207985","post","type-post","status-publish","format-standard","has-post-thumbnail","hentry","category-estado-de-mexico","tag-entrega","tag-eruviel-avila-villegas","tag-estado-de-mexico","tag-lentes"],"_links":{"self":[{"href":"https:\/\/www.diarioimagen.net\/index.php?rest_route=\/wp\/v2\/posts\/207985","targetHints":{"allow":["GET"]}}],"collection":[{"href":"https:\/\/www.diarioimagen.net\/index.php?rest_route=\/wp\/v2\/posts"}],"about":[{"href":"https:\/\/www.diarioimagen.net\/index.php?rest_route=\/wp\/v2\/types\/post"}],"author":[{"embeddable":true,"href":"https:\/\/www.diarioimagen.net\/index.php?rest_route=\/wp\/v2\/users\/3"}],"replies":[{"embeddable":true,"href":"https:\/\/www.diarioimagen.net\/index.php?rest_route=%2Fwp%2Fv2%2Fcomments&post=207985"}],"version-history":[{"count":0,"href":"https:\/\/www.diarioimagen.net\/index.php?rest_route=\/wp\/v2\/posts\/207985\/revisions"}],"wp:featuredmedia":[{"embeddable":true,"href":"https:\/\/www.diarioimagen.net\/index.php?rest_route=\/wp\/v2\/media\/208042"}],"wp:attachment":[{"href":"https:\/\/www.diarioimagen.net\/index.php?rest_route=%2Fwp%2Fv2%2Fmedia&parent=207985"}],"wp:term":[{"taxonomy":"category","embeddable":true,"href":"https:\/\/www.diarioimagen.net\/index.php?rest_route=%2Fwp%2Fv2%2Fcategories&post=207985"},{"taxonomy":"post_tag","embeddable":true,"href":"https:\/\/www.diarioimagen.net\/index.php?rest_route=%2Fwp%2Fv2%2Ftags&post=207985"}],"curies":[{"name":"wp","href":"https:\/\/api.w.org\/{rel}","templated":true}]}}