{"id":207987,"date":"2015-02-26T00:06:51","date_gmt":"2015-02-26T06:06:51","guid":{"rendered":"http:\/\/www.diarioimagen.net\/?p=207987"},"modified":"2015-02-27T11:33:42","modified_gmt":"2015-02-27T17:33:42","slug":"sustento-juridico-a-la-conago","status":"publish","type":"post","link":"https:\/\/www.diarioimagen.net\/?p=207987","title":{"rendered":"Sustento jur\u00eddico a la Conago"},"content":{"rendered":"<h2>Arco Norte<\/h2>\n<h5>Jos\u00e9 Luis Monta\u00f1ez Aguilar<\/h5>\n<p>&nbsp;<\/p>\n<div id=\"attachment_208045\" style=\"width: 250px\" class=\"wp-caption alignleft\"><a href=\"http:\/\/www.diarioimagen.net\/?attachment_id=208045\" rel=\"attachment wp-att-208045\"><img loading=\"lazy\" decoding=\"async\" aria-describedby=\"caption-attachment-208045\" class=\"size-medium wp-image-208045\" src=\"http:\/\/www.diarioimagen.net\/wp-content\/uploads\/2015\/02\/arco-2558-240x135.jpg\" alt=\"El gobernador del Estado de M\u00e9xico durante la XLVIII Reuni\u00f3n Ordinaria de la CONAGO.\" width=\"240\" height=\"135\" srcset=\"https:\/\/www.diarioimagen.net\/wp-content\/uploads\/2015\/02\/arco-2558-240x135.jpg 240w, https:\/\/www.diarioimagen.net\/wp-content\/uploads\/2015\/02\/arco-2558-420x236.jpg 420w, https:\/\/www.diarioimagen.net\/wp-content\/uploads\/2015\/02\/arco-2558.jpg 480w, https:\/\/www.diarioimagen.net\/wp-content\/uploads\/2015\/02\/arco-2558-235x132.jpg 235w, https:\/\/www.diarioimagen.net\/wp-content\/uploads\/2015\/02\/arco-2558-202x114.jpg 202w, https:\/\/www.diarioimagen.net\/wp-content\/uploads\/2015\/02\/arco-2558-350x196.jpg 350w, https:\/\/www.diarioimagen.net\/wp-content\/uploads\/2015\/02\/arco-2558-220x123.jpg 220w, https:\/\/www.diarioimagen.net\/wp-content\/uploads\/2015\/02\/arco-2558-237x132.jpg 237w\" sizes=\"auto, (max-width: 240px) 100vw, 240px\" \/><\/a><p id=\"caption-attachment-208045\" class=\"wp-caption-text\">El gobernador del Estado de M\u00e9xico durante la XLVIII Reuni\u00f3n Ordinaria de la CONAGO.<\/p><\/div>\n<p>Durante su participaci\u00f3n en la XLVIII Reuni\u00f3n Ordinaria de la Conferencia Nacional de Gobernadores (Conago), Eruviel \u00c1vila propuso consolidar el sustento legal de la Conago y otorgar personalidad jur\u00eddica a este \u00f3rgano, y as\u00ed impulsar un federalismo cooperativo, el cual concibe a los gobiernos federal, estatales y municipales como entes en rec\u00edproca cooperaci\u00f3n permanente para brindar mejores resultados. Indic\u00f3 que estas propuestas se analizar\u00e1n por un grupo de trabajo integrado por los gobernadores de Durango, Chihuahua, Coahuila, Hidalgo, Guanajuato, Estado de M\u00e9xico y el jefe de gobierno del Distrito Federal, quienes ser\u00e1n cuidadosos y respetuosos del pacto federal, el marco constitucional y de las facultades de los poderes Ejecutivo y Legislativo. Puntualiz\u00f3 que se busca explorar las posibilidades para proponer un anteproyecto de iniciativa de lo que ser\u00eda la Ley General de la Conferencia Nacional de Gobernadores o, en su caso, un anteproyecto de iniciativa para reformar y adicionar la Carta Magna e incorporar formalmente la figura de la Conferencia Nacional de Gobernadores, pues hoy en d\u00eda se requieren pol\u00edticas p\u00fablicas regionales en el marco de un sistema democr\u00e1tico para el desarrollo, a trav\u00e9s del federalismo cooperativo en los temas que les son comunes. El titular del Ejecutivo estatal aclar\u00f3 que no se pretende ir m\u00e1s all\u00e1 de sus fundamentos y atributos, ya que el objetivo es consolidar el sustento legal de la Conago, otorg\u00e1ndole personalidad jur\u00eddica; asever\u00f3 que desde la creaci\u00f3n de la Conago en 2002, este \u00f3rgano ha buscado fortalecer el federalismo en el pa\u00eds con mecanismos democr\u00e1ticos, respetando a las instituciones mexicanas.<\/p>\n<p><em><a href=\"mailto:montanezaguilar@gmail.com\" target=\"_blank\">montanezaguilar@gmail.com<\/a><\/em><\/p>\n","protected":false},"excerpt":{"rendered":"<p>Durante su participaci\u00f3n en la XLVIII Reuni\u00f3n Ordinaria de la Conferencia Nacional de Gobernadores (Conago), Eruviel \u00c1vila propuso consolidar el sustento legal de la Conago y otorgar personalidad jur\u00eddica a este \u00f3rgano, y as\u00ed impulsar un federalismo cooperativo, el cual concibe a los gobiernos federal, estatales y municipales como entes en rec\u00edproca cooperaci\u00f3n permanente para brindar mejores resultados.<\/p>\n","protected":false},"author":3,"featured_media":208045,"comment_status":"open","ping_status":"open","sticky":false,"template":"","format":"standard","meta":{"_monsterinsights_skip_tracking":false,"_monsterinsights_sitenote_active":false,"_monsterinsights_sitenote_note":"","_monsterinsights_sitenote_category":0,"footnotes":""},"categories":[5],"tags":[13284,5828,43704,43674],"class_list":["post-207987","post","type-post","status-publish","format-standard","has-post-thumbnail","hentry","category-estado-de-mexico","tag-arco-norte","tag-eruviel-avila-villegas","tag-jose-luis-montanez-aguilar","tag-opinion"],"_links":{"self":[{"href":"https:\/\/www.diarioimagen.net\/index.php?rest_route=\/wp\/v2\/posts\/207987","targetHints":{"allow":["GET"]}}],"collection":[{"href":"https:\/\/www.diarioimagen.net\/index.php?rest_route=\/wp\/v2\/posts"}],"about":[{"href":"https:\/\/www.diarioimagen.net\/index.php?rest_route=\/wp\/v2\/types\/post"}],"author":[{"embeddable":true,"href":"https:\/\/www.diarioimagen.net\/index.php?rest_route=\/wp\/v2\/users\/3"}],"replies":[{"embeddable":true,"href":"https:\/\/www.diarioimagen.net\/index.php?rest_route=%2Fwp%2Fv2%2Fcomments&post=207987"}],"version-history":[{"count":0,"href":"https:\/\/www.diarioimagen.net\/index.php?rest_route=\/wp\/v2\/posts\/207987\/revisions"}],"wp:featuredmedia":[{"embeddable":true,"href":"https:\/\/www.diarioimagen.net\/index.php?rest_route=\/wp\/v2\/media\/208045"}],"wp:attachment":[{"href":"https:\/\/www.diarioimagen.net\/index.php?rest_route=%2Fwp%2Fv2%2Fmedia&parent=207987"}],"wp:term":[{"taxonomy":"category","embeddable":true,"href":"https:\/\/www.diarioimagen.net\/index.php?rest_route=%2Fwp%2Fv2%2Fcategories&post=207987"},{"taxonomy":"post_tag","embeddable":true,"href":"https:\/\/www.diarioimagen.net\/index.php?rest_route=%2Fwp%2Fv2%2Ftags&post=207987"}],"curies":[{"name":"wp","href":"https:\/\/api.w.org\/{rel}","templated":true}]}}